{"id":12472,"date":"2024-09-04T23:03:47","date_gmt":"2024-09-04T21:03:47","guid":{"rendered":"https:\/\/www.gnews.cz\/?p=12472"},"modified":"2025-04-12T13:15:21","modified_gmt":"2025-04-12T12:15:21","slug":"2024-belt-and-road-journalists-forum-obrovska-inspirace-obrovska-sila-energie-jasny-smer-jasny-koncept","status":"publish","type":"post","link":"https:\/\/gnews.cz\/cs_cz\/rozhovory\/2024-belt-and-road-journalists-forum-obrovska-inspirace-obrovska-sila-energie-jasny-smer-jasny-koncept\/","title":{"rendered":"2024 Belt and Road Journalists Forum: Obrovsk\u00e1 inspirace, obrovsk\u00e1 s\u00edla energie, jasn\u00fd sm\u011br, jasn\u00fd koncept"},"content":{"rendered":"\n<p>Rozhovor s p\u0159edsedkyn\u00ed \u010cesk\u00e9 medi\u00e1ln\u00ed kancel\u00e1\u0159e Denisou Petrilakovou o setk\u00e1n\u00ed s Asociac\u00ed v\u0161e\u010d\u00ednsk\u00fdch novin\u00e1\u0159\u016f (ACJA ) a Western China International Communication Organization (WCICO)<\/p>\n\n\n\n<p><strong><em>Mlad\u00e1 skromn\u011b vyhl\u00ed\u017eej\u00edc\u00ed \u017eena, kter\u00e1 m\u00e1 podnikatelsk\u00e9ho ducha, spoustu n\u00e1pad\u016f, i zku\u0161enost\u00ed a hlavn\u011b \u0159adu realizac\u00ed. Nav\u0161t\u00edvila ned\u00e1vno \u010c\u00ednu na mezin\u00e1rodn\u00edm setk\u00e1n\u00ed vedouc\u00edch p\u0159edstavitel\u016f medi\u00ed z cel\u00e9ho sv\u011bta s&nbsp;n\u00e1zvem 2024 Belt and Road Journalists Forum: Expand the Path of Opportunities, Share a Bright Future. O tom, jak to na n\u00ed zap\u016fsobilo, co ji inspirovalo a j\u00ed samotn\u00e9 p\u0159ineslo, jsme si kr\u00e1tce pov\u00eddali v tomto zaj\u00edmav\u00e9m rozhovoru.<\/em><\/strong><\/p>\n\n\n\n<p><strong>P\u0159ed p\u00e1r dny jste byla hostem v \u010c\u00edn\u011b, kde bylo sv\u011btov\u00e9 setk\u00e1n\u00ed medi\u00e1ln\u00edch asociac\u00ed. M\u016f\u017eete n\u00e1m tro\u0161ku up\u0159esnit, co p\u0159esn\u011b to vlastn\u011b bylo za f\u00f3rum, kde se to odehr\u00e1valo, kdo to po\u0159\u00e1dal a jak\u00e9 bylo hlavn\u00ed t\u00e9ma?<\/strong><br>Mus\u00edm hned na za\u010d\u00e1tku pod\u011bkovat za pozv\u00e1n\u00ed, jsem opravdu r\u00e1da, \u017ee jsem se mohla \u00fa\u010dastnit na tomto zaj\u00edmav\u00e9m a v\u00fdznamn\u00e9m mezin\u00e1rodn\u00edm novin\u00e1\u0159sk\u00e9m f\u00f3ru, proto\u017ee m\u011b to velmi obohatilo. Bylo to setk\u00e1n\u00ed vedouc\u00edch p\u0159edstavitel\u016f asociac\u00ed a svaz\u016f novin\u00e1\u0159\u016f z r\u016fzn\u00fdch zem\u00ed. Konalo se v \u010d\u00ednsk\u00e9m samospr\u00e1vn\u00edm m\u011bst\u011b Chongqing kter\u00fd je p\u0159\u00edmo pod centr\u00e1ln\u00edm \u010d\u00ednsk\u00fdm \u0159\u00edzen\u00edm, a je tak\u00e9, co\u017e je zaj\u00edmavost, druh\u00fdm nejlidnat\u011bj\u0161\u00edm m\u011bstem sv\u011bta, m\u00e1 toti\u017e p\u0159es 30 milion\u016f obyvatel.<\/p>\n\n\n\n<p>Hlavn\u00ed f\u00f3rum s&nbsp;n\u00e1zvem \u201e2024 Belt and Road Journalists Forum: Expand the Path of Opportunities, Share a Bright Future\u201c se konalo od 30. do 31. srpna 2024 a bylo dovr\u0161en\u00edm t\u00e9to zaj\u00edmav\u00e9 n\u00e1v\u0161t\u011bvy. A vlastn\u011b jsme u\u017e t\u0159i dny p\u0159ed t\u00edm m\u011bli bohat\u00fd a zaj\u00edmav\u00fd program, kde jsme se vz\u00e1jemn\u011b pozn\u00e1vali, seznamovali a diskutovali na r\u016fzn\u00e1 t\u00e9mata, jako nap\u0159\u00edklad jak je to s \u00fasp\u011bchy rozvoje \u010c\u00edny. Bylo tam v\u00edce jak 100 z\u00e1stupc\u016f r\u016fzn\u00fdch novin\u00e1\u0159sk\u00fdch spole\u010dnost\u00ed, svaz\u016f a asociac\u00ed z cel\u00e9ho sv\u011bta.<\/p>\n\n\n\n<p>Nap\u0159\u00edklad tam byla taky Asociace p\u00e1kist\u00e1nsk\u00fdch novin\u00e1\u0159\u016f, Rusk\u00e9 asociace novin\u00e1\u0159\u016f, v podstat\u011b v\u0161ichni p\u0159edstavitel\u00e9 p\u0159ev\u00e1\u017en\u011b svaz\u016f a asociac\u00ed medi\u00ed, samotn\u00fdch novin\u00e1\u0159\u016f bylo m\u00e9n\u011b. Prvn\u00ed den jsme byli rozd\u011bleni do skupin podle odbornosti a region\u016f, nebo podle ur\u010dit\u00fdch kategori\u00ed. Zde m\u011bl ka\u017ed\u00fd semin\u00e1\u0159 jin\u00e9 t\u00e9ma. J\u00e1 jsem byla v sekci, kde bylo t\u00e9ma Um\u011bl\u00e1 inteligence (AI) poh\u00e1n\u00ed soci\u00e1ln\u00ed rozvoj. A v p\u0159edchoz\u00edch dnech jsme m\u011bli mo\u017enost podrobn\u011b mluvit dokonce i s tamn\u00ed vl\u00e1dou a spr\u00e1vci nav\u0161t\u00edven\u00fdch oblast\u00ed v Chongqing.<\/p>\n\n\n\n<figure class=\"wp-block-image size-large\"><img decoding=\"async\" src=\"https:\/\/www.gnews.cz\/wp-content\/uploads\/2024\/09\/IMG_20240905_235428_410-1024x577.jpg\" alt=\"\" class=\"wp-image-12477\"\/><\/figure>\n\n\n\n<p><strong>Co konkr\u00e9tn\u011b se zde prezentovalo, a\u0165 u\u017e ze strany po\u0159adatel\u016f \u010di ze strany v\u00e1s host\u016f?<\/strong><br>Bylo to oboj\u00ed vz\u00e1jemn\u00e9. M\u011b osobn\u011b v t\u00e9 druh\u00e9 \u010d\u00e1sti zaujala prezentace jednoho p\u0159\u00edkladu, kdy se uk\u00e1zala pr\u00e1v\u011b skute\u010dn\u00e1 s\u00edla m\u00e9di\u00ed. A pokud ji dok\u00e1\u017eete spr\u00e1vn\u011b vyu\u017e\u00edt ve prosp\u011bch lid\u00ed, je to p\u0159\u00ednosem pro celou spole\u010dnost. A na to reagoval n\u011bmeck\u00fd kolega, kter\u00fd pouk\u00e1zal na to, \u017ee tohle je pr\u00e1v\u011b to, co by m\u011bla \u010c\u00edna prezentovat v evropsk\u00e9m a z\u00e1padn\u00edm informa\u010dn\u00edm prostoru.<\/p>\n\n\n\n<p>Abych se vr\u00e1tila k hlavn\u00edmu p\u0159\u00edkladu, kter\u00fd chci uv\u00e9st, v jednom m\u00edst\u011b regionu bylo zna\u010dn\u00e9 zne\u010di\u0161t\u011bn\u00ed m\u00edstn\u00ed \u0159eky. \u0158eka p\u0159\u00ed\u0161ern\u011b p\u00e1chla a m\u011bla dokonce i takovou tmavou barvu. M\u00edstn\u00ed na to upozor\u0148ovali del\u0161\u00ed dobu, ale nic se ned\u011blo, proto ud\u011blali m\u00edstn\u00ed novin\u00e1\u0159i u\u017e silnou a vlivnou report\u00e1\u017e a\u017e kampa\u0148ovit\u00e9ho typu. Ud\u011blali tak skv\u011blou report\u00e1\u017e, \u017ee to bylo doslova &#8222;um\u011bleck\u00e9 d\u00edlo&#8220;. T\u00edmto vzbudili maxim\u00e1ln\u00ed pozornost ve\u0159ejnosti a tohle prost\u011b u\u017e ne\u0161lo p\u0159ech\u00e1zet \u00fa\u0159ady a v\u00fdsledek byl, \u017ee lid\u00e9 dos\u00e1hli za pomoci novin\u00e1\u0159\u016f odstran\u011bn\u00ed tohoto probl\u00e9mu a vypracoval se program za o\u010di\u0161t\u011bn\u00ed \u0159eky ke spokojenosti \u00fapln\u011b v\u0161ech.<\/p>\n\n\n\n<p>Perfektn\u00ed uk\u00e1zka toho, jak to v \u010c\u00edn\u011b funguje, oni se v\u016fbec neboj\u00ed takhle n\u011bco zkritizovat, ale naopak to rozh\u00fdbe to vlastn\u00ed \u0159e\u0161en\u00ed. V \u010cesk\u00e9 republice se v\u016f\u010di \u010c\u00edn\u011b \u0159\u00edd\u00edme \u010dasto vlastn\u00edmi p\u0159edsudky, ale skute\u010dnost je nakonec jin\u00e1. A to bylo pr\u00e1v\u011b pro mne obrovskou inspiraci, jak mocn\u00e1 je s\u00edla m\u00e9di\u00ed. Pomoci \u0159e\u0161it probl\u00e9my lid\u00ed je hlavn\u00ed \u00fakol v\u0161ech m\u00e9di\u00ed.<\/p>\n\n\n\n<p>A to se vlastn\u011b v \u010cesk\u00e9 republice \u00fapln\u011b vytratilo. Tedy vlastn\u011b m\u00e9dia z\u0159\u00eddka kdy \u0159e\u0161\u00ed n\u011bco, co opravdu lidi tr\u00e1p\u00ed nebo zaj\u00edm\u00e1. Zn\u00e1m jen jeden takov\u00fd po\u0159ad a to jsou \u010cern\u00e9 ovce, ale celkov\u011b mi p\u0159ijde takov\u00fdchto po\u0159ad\u016f velmi m\u00e1lo a pozornost se strh\u00e1v\u00e1 jinam.<\/p>\n\n\n\n<p>Program byl skv\u011ble koncipovan\u00fd. M\u011bli jsme mo\u017enost v r\u00e1mci odpo\u010dinkov\u00e9ho programu nav\u0161t\u00edvit tak\u00e9 m\u00edstn\u00ed zoologickou zahradu, pak uk\u00e1zky m\u00edstn\u00ed kultury, semin\u00e1\u0159e, prezentace a na z\u00e1v\u011br m\u011bl mo\u017enost ka\u017ed\u00fd svobodn\u011b \u0159\u00edci, co ho zaujalo, nebo na co cht\u011bl konkr\u00e9tn\u011b odpov\u011b\u010f, i kdy\u017e by se t\u0159eba mohlo zd\u00e1t, \u017ee bude dan\u00e9 t\u00e9m v \u010c\u00edn\u011b tabu.<\/p>\n\n\n\n<figure class=\"wp-block-image size-large\"><img decoding=\"async\" src=\"https:\/\/www.gnews.cz\/wp-content\/uploads\/2024\/09\/IMG_20240828_202203-1024x684.jpg\" alt=\"\" class=\"wp-image-12478\"\/><\/figure>\n\n\n\n<p><strong>Co se v\u00e1m na tom programu nejv\u00edc l\u00edbilo a co v\u00e1m utkv\u011blo v pam\u011bti, krom\u011b toho v\u00fd\u0161e uveden\u00e9ho p\u0159\u00edkladu? Co v\u00edm, mluvilo se i o sou\u010dasn\u00e9 bezpe\u010dnosti novin\u00e1\u0159\u016f\u2026<\/strong>                                                                                                                                                                                                 Pr\u00e1v\u011b nejv\u00edc, co m\u011b utkv\u011blo, tak to byl tady tento p\u0159\u00edklad. Ale tak\u00e9 jsem si uv\u011bdomila, \u017ee \u010c\u00edna d\u00e1v\u00e1 \u00fapln\u011b vzor toho, co to vlastn\u011b re\u00e1ln\u011b znamen\u00e1 svoboda projevu. Skute\u010dn\u011b jsme v\u0161ichni m\u011bli mo\u017enost a mohli jsme \u00fapln\u011b otev\u0159en\u011b mluvit na r\u016fzn\u00e1 t\u00e9mata a byl tam d\u00e1n neuv\u011b\u0159iteln\u00fd prostor pro v\u0161echna na\u0161e vyj\u00e1d\u0159en\u00ed i ot\u00e1zky. Opravdu tam v\u0161ichni mohli svobodn\u011b mluvit nap\u0159\u00edklad o bezpe\u010dnosti novin\u00e1\u0159\u016f, proto\u017ee to je dnes opravdu velk\u00fd probl\u00e9m, kter\u00fd tr\u00e1p\u00ed novin\u00e1\u0159e celosv\u011btov\u011b, zejm\u00e9na tam v zem\u00edch Afriky a ji\u017en\u00ed \u010d\u00e1sti sv\u011bta. Potkala jsem tam t\u0159eba p\u0159edstavitele novin\u00e1\u0159\u016f Mexika. Ti hovo\u0159ili, \u017ee vlastn\u011b Mexiko je na tom v ot\u00e1zk\u00e1ch bezpe\u010dnosti novin\u00e1\u0159\u016f ze v\u0161ech nejh\u016f\u0159e. Jen v Mexiku za posledn\u00ed dobu toti\u017e um\u0159elo 120 novin\u00e1\u0159\u016f, co u\u017e je opravdu hodn\u011b, ale to jsem odbo\u010dila. Bezpe\u010dnost nap\u0159\u00edklad hodn\u011b tr\u00e1pila i novin\u00e1\u0159e z Indon\u00e9sie.<\/p>\n\n\n\n<p>Proto\u017ee se tam mluvilo sp\u00ed\u0161 o t\u011bch zem\u00edch, kde se vylo\u017een\u011b novin\u00e1\u0159i uml\u010duj\u00ed zabit\u00edm, tak pravda je, \u017ee z Evropy tam bylo m\u00e1lo p\u0159edstavitel\u016f. J\u00e1 sama jsem kr\u00e1tce doplnila do t\u00e9to diskuse, \u017ee v Evrop\u011b je v\u016f\u010di novin\u00e1\u0159\u016fm pou\u017e\u00edv\u00e1na soft power, jako je n\u00e1lepkov\u00e1n\u00ed apod. Z cel\u00e9 v\u00edce jak stovky \u00fa\u010dastn\u00edk\u016f tam ov\u0161em bylo z Evropy jen m\u00e1lo z\u00e1stupc\u016f. Jestli to spr\u00e1vn\u011b \u0159\u00edk\u00e1m tak z \u010cesk\u00e9 republiky, pak tam byli Pol\u00e1ci, Slov\u00e1ci, N\u011bmci, Bulha\u0159i a z\u00e1stupci z \u0158ecka. A je\u0161t\u011b z Rusk\u00e9 federace, ze Srbska a dva z Chorvatska.<\/p>\n\n\n\n<p>Prost\u011b vol\u00e1me, aby se s t\u00edm n\u011bco za\u010dalo d\u011blat, proto\u017ee t\u0159eba z t\u011bch mal\u00fdch zem\u00ed, jako je t\u0159eba \u010cesk\u00e1 republika, s t\u00edm n\u011bco t\u011b\u017eko m\u016f\u017eeme d\u011blat, pot\u0159ebujeme zahrani\u010dn\u00ed pomoc, a \u017ee by byla n\u011bjak\u00e1 mezin\u00e1rodn\u00ed platforma, kde by se mohly sd\u00edlet tyto p\u0159\u00edb\u011bhy a hlavn\u011b m\u00edt podstatn\u011b v\u011bt\u0161\u00ed mo\u017enost novin\u00e1\u0159e ochr\u00e1nit, t\u0159eba jim poskytnout pr\u00e1vn\u00ed pomoc nebo i p\u0159\u00edmo existen\u010dn\u011b. Ta diskuse se rozb\u011bhla tak, \u017ee by se zalo\u017eila takov\u00e1 glob\u00e1ln\u00ed, ofici\u00e1ln\u00ed organizace, kter\u00e1 by se zab\u00fdvala v\u00fdlu\u010dn\u011b bezpe\u010dnost\u00ed novin\u00e1\u0159\u016f, kde by se mohli spojit a bojovat za tu pravdu, svobodu slova a spravedlnost. To by bylo super!<\/p>\n\n\n\n<p><strong>Tak\u017ee diskuse obsahovaly hlavn\u011b aktu\u00e1ln\u00ed t\u00e9ma svoboda slova a projevu?<\/strong><br>Ano. Bylo a\u017e opravdu dech berouc\u00ed, kolik prostoru n\u00e1m k t\u00e9to diskusi poskytli a bylo to \u00fapln\u011b absolutn\u011b perfektn\u011b p\u0159ipraven\u00e9.<br>Tak\u00e9 po technick\u00e9 str\u00e1nce to bylo mimo\u0159\u00e1dn\u011b zaji\u0161t\u011bn\u00e9. Nap\u0159\u00edklad mus\u00edm podotknout, \u017ee lep\u0161\u00ed simult\u00e1nn\u00ed tlumo\u010den\u00ed jsem je\u0161t\u011b nevid\u011bla. St\u0159\u00eddalo se tam vice tlumo\u010dn\u00edk\u016f, a kdy\u017e mluvili, m\u011bli \u00fapln\u011b takov\u00fd medov\u00fd t\u00f3n a byli \u00fapln\u011b klidn\u00ed. Naprosto perfektn\u00ed, fakt nejvy\u0161\u0161\u00ed mo\u017en\u00e1 \u00farove\u0148, jakou jsem m\u011bla mo\u017enost kdy poznat na vlastn\u00ed o\u010di.<\/p>\n\n\n\n<p><strong>Tak\u017ee \u0159\u00edk\u00e1te, \u017ee role medi\u00ed je z\u00e1sadn\u00ed v\u011bc\u00ed, kter\u00e1 m\u00e1 vliv na ve\u0159ejn\u00e9 m\u00edn\u011bn\u00ed ve spole\u010dnosti?<\/strong><br>Hlavn\u011b role m\u00e9di\u00ed by m\u011bla m\u011bnit realitu k lep\u0161\u00edmu, tak\u00e9 pomoc\u00ed r\u016fzn\u00fdch akc\u00ed v informa\u010dn\u00edm poli, kde se roz\u0161\u00ed\u0159\u00ed ur\u010dit\u00e1 kl\u00ed\u010dov\u00e1 informace, pak se to mus\u00ed spole\u010densky \u0159e\u0161it a to m\u016f\u017ee tu realitu m\u011bnit k lep\u0161\u00edmu. U n\u00e1s se to te\u010f d\u011bje v tuto chv\u00edli bohu\u017eel v tom negativn\u00edm slova smyslu. Prost\u011b to obr\u00e1tit a propagovat p\u0159edev\u0161\u00edm pozitivn\u00ed a dobr\u00e9 my\u0161lenky jako takov\u00e9.<\/p>\n\n\n\n<p>To je to, co jsem si vzala sebou dom\u016f, \u017ee by to cht\u011blo d\u00e1t media zp\u011bt do kolej\u00ed toho, aby slou\u017eili v\u0161em t\u011bm oby\u010dejn\u00fdm lidem a ne jen politick\u00e9 garnitu\u0159e, a\u0165 je tam kdokoli. Aby m\u00e9dia slou\u017eila lidem, co\u017e si mysl\u00edm, \u017ee tahle role m\u00e9di\u00edm prost\u011b pat\u0159\u00ed. Vlastn\u011b zapad\u00e1 i do toho, co jsme se u\u010dili na \u0161kole v&nbsp;politick\u00e9 ekonomii, \u017ee p\u0159\u00ed\u0161t\u00ed velk\u00e1 zm\u011bna ur\u010dit\u011b p\u016fjde ze soukrom\u00e9ho prostoru, ne ze st\u00e1tn\u00edho, a \u017ee to vlastn\u011b mus\u00ed b\u00fdt revoluce ze spodu nahoru, a \u017ee jen t\u00edmto se spole\u010dnost m\u016f\u017ee celkov\u011b zm\u011bnit k lep\u0161\u00edmu. Logicky z toho vypl\u00fdv\u00e1, mysl\u00edm z t\u011bch v\u00fdzkum\u016f, \u017ee p\u0159esn\u011b k&nbsp;tomu to sp\u011bje, \u017ee vlastn\u011b ty media mus\u00ed takto za\u010d\u00edt m\u011bnit spole\u010dnost.<\/p>\n\n\n\n<figure class=\"wp-block-image size-large\"><img decoding=\"async\" src=\"https:\/\/www.gnews.cz\/wp-content\/uploads\/2024\/09\/IMG_20240905_235257_300-1024x684.jpg\" alt=\"\" class=\"wp-image-12479\"\/><\/figure>\n\n\n\n<p>A taky to tam na m\u011b ud\u011blalo obrovsk\u00fd dojem, dalo mi to takov\u00fd ten \u00fapln\u011b jasn\u00fd pocit spole\u010denstv\u00ed sd\u00edlen\u00e9ho osudu, proto\u017ee tam byli lid\u00e9 z&nbsp;Afriky, ze Sr\u00ed Lanky, z P\u00e1kist\u00e1nu, z \u0160alamounov\u00fdch ostrov\u016f, prost\u011b z r\u016fzn\u00fdch zem\u00ed, neuv\u011b\u0159iteln\u00e1 sple\u0165 lid\u00ed z medi\u00e1ln\u00ed sf\u00e9ry. A p\u0159itom tam byl pocit, \u017ee jsme v\u0161ichni kapky ze stejn\u00e9ho mo\u0159e. \u0158e\u0161\u00edme stejn\u00e9 probl\u00e9my. \u00dapln\u011b se tam cel\u00fd sv\u011bt jakoby tak sbl\u00ed\u017eil a nikdo tam na nikoho ne\u00fato\u010dil. Opravdu jsem tam m\u011bla ten prav\u00fd pocit toho spole\u010denstv\u00ed sd\u00edlen\u00e9 budoucnosti. A to je to, o \u010dem \u010c\u00edna neust\u00e1le mluv\u00ed, ale ona vlastn\u011b nejenom \u017ee o tom mluv\u00ed, ale opravdu n\u00e1m takhle ukazuj\u00ed ten sm\u011br, kter\u00fdm m\u00e1me p\u0159ece mo\u017enost j\u00edt. To bylo \u00fapln\u011b neuv\u011b\u0159iteln\u00e9 a zanechalo to na m\u011b siln\u00fd dojem.<\/p>\n\n\n\n<p><strong>Byli jste tak\u00e9 v p\u0159\u00edrodn\u00ed rezervaci, ve vesni\u010dce, kde byla \u010dajovna, knihovna\u2026 Z\u0159ejm\u011b je to dobr\u00fd p\u0159\u00edklad, jak se jedn\u00edm projektem d\u00e1 vy\u0159e\u0161it spoustu v\u011bc\u00ed, nem\u00e1m pravdu?<br><\/strong>Ano, znamen\u00e1 to, \u017ee se zachov\u00e1 p\u0159\u00edrodn\u00ed a hlavn\u011b p\u016fvodn\u00ed r\u00e1z krajiny, s p\u016fvodn\u00edm obyvatelstvem i s jej\u00edmi \u0159emesly, ale z\u00e1rove\u0148 se mnohon\u00e1sobn\u011b zvedne jejich \u017eivotn\u00ed \u00farove\u0148, proto\u017ee st\u00e1t je zde z\u00e1sadn\u00ed oporou a p\u0159eb\u00edr\u00e1 spolu s obyvateli spoluodpov\u011bdnost. Co\u017e n\u00e1m je zde dost ciz\u00ed, mysl\u00edm v Evrop\u011b a obecn\u011b na Z\u00e1pad\u011b. \u00da\u0159ady pom\u00e1haj\u00ed projekt pov\u00fd\u0161it a zpropagovat, maj\u00ed spolu\u00fa\u010dast v\u0161ichni a z\u00e1rove\u0148 se z toho ud\u011bl\u00e1 vzd\u011bl\u00e1vac\u00ed stezka za pomoci turistick\u00fdch program\u016f a to zejm\u00e9na pro rodiny a mlad\u00e9 budouc\u00ed generace. Obecn\u011b to utu\u017euje vztahy.<\/p>\n\n\n\n<p><strong>To zn\u00ed velmi dob\u0159e, co \u0159\u00edk\u00e1te, bylo toho tam v\u00edce?<\/strong><br>Nap\u0159\u00edklad v Chongqingu, kde jsme byli, nebyl jedin\u00fd star\u0161\u00ed panel\u00e1k, tedy v\u0161ecko bylo \u00fapln\u011b nov\u00e9, nebo se to zrovna stav\u011blo. A fakt to bylo p\u0159ekr\u00e1sn\u00e9 m\u00edsto. A lidi tam byli velice srde\u010dn\u00ed. Na t\u011bch lidech bylo vid\u011bt, \u017ee jsou prost\u011b spokojen\u00ed, vnit\u0159n\u011b spokojen\u00ed, a proto jsou takov\u00ed usm\u011bvav\u00ed a najdete tam stra\u0161n\u011b dobrosrde\u010dnou atmosf\u00e9ru. A samoz\u0159ejm\u011b ta p\u0159\u00edroda je tam \u00fapln\u011b kr\u00e1sn\u00e1, je tam spousta n\u00e1dhern\u00fdch p\u0159\u00edrodn\u00edch lokalit.<br>V jedn\u00e9 oblasti se tam ptala kolegyn\u011b z&nbsp;\u0158ecka, co se t\u00fdk\u00e1 glob\u00e1ln\u00edch zm\u011bn a glob\u00e1ln\u00edho oteplov\u00e1n\u00ed, jak tam s t\u00edmto bojuj\u00ed, a dostala odpov\u011b\u010f, \u017ee oni prost\u011b pou\u017e\u00edvaj\u00ed tu nejmodern\u011bj\u0161\u00ed technologii a \u017ee samoz\u0159ejm\u011b n\u011bco jako p\u0159irozen\u00fd po\u017e\u00e1r se stane, ale oni to \u0159e\u0161\u00ed tak, \u017ee pou\u017e\u00edvaj\u00ed vojensko-kosmick\u00e9 satelity. A je tam syst\u00e9m, kter\u00fd je nastaven tak, \u017ee jakmile n\u011bco ho\u0159\u00ed, nebo je tepeln\u011b roz\u017ehaveno a bude to m\u00edt v pr\u016fm\u011bru 20 cm, u\u017e se na to zam\u011b\u0159uj\u00ed. A d\u00edky takov\u00fdmto technologi\u00edm vlastn\u011b oni ty po\u017e\u00e1ry \u0159e\u0161\u00ed v z\u00e1rodku, \u017ee se to sice t\u0159eba rozho\u0159\u00ed, ale nerozho\u0159\u00ed se to dostate\u010dn\u011b, proto\u017ee se to prost\u011b uhas\u00ed zcela rychle a efektivn\u011b. D\u00edky tomu si tam zachov\u00e1vaj\u00ed tolik t\u00e9 kr\u00e1sn\u00e9 p\u0159\u00edrody.<\/p>\n\n\n\n<p><strong>Tak\u017ee kdy\u017e to shrnete, vid\u00edm, \u017ee toto setk\u00e1n\u00ed ve v\u00e1s zanechalo p\u0159ev\u00e1\u017en\u011b pozitivn\u00ed dojmy?<\/strong><br>Ano. Obrovsk\u00e1 inspirace, uk\u00e1zalo mi to ten sm\u011br, v \u010dem je\u0161t\u011b se m\u016f\u017eeme zlep\u0161it a hlavn\u011b co tady m\u016f\u017eu p\u0159in\u00e9st a potom i snad vlastn\u00edm \u00fasp\u011bchem to p\u0159in\u00e9st i jin\u00fdm m\u00e9di\u00edm. Ale to podle m\u011b je tak daleko, \u017ee nejd\u0159\u00edve mus\u00edme vyr\u016fst do t\u011bchto v\u00fd\u0161in.<br>Tak\u017ee \u00fapln\u011b stru\u010dn\u011b: obrovsk\u00e1 inspirace, obrovsk\u00e1 s\u00edla energie, jasn\u00fd sm\u011br, jasn\u00fd koncept.<\/p>\n\n\n\n<p><strong>gnews.cz &#8211; Jan Vojt\u011bch<\/strong><\/p>\n\n\n\n<figure class=\"wp-block-gallery has-nested-images columns-default is-cropped wp-block-gallery-1 is-layout-flex wp-block-gallery-is-layout-flex\">\n<figure class=\"wp-block-image size-large\"><img decoding=\"async\" data-id=\"12481\" src=\"https:\/\/www.gnews.cz\/wp-content\/uploads\/2024\/09\/IMG_20240905_235440_985-1024x578.jpg\" alt=\"\" class=\"wp-image-12481\"\/><\/figure>\n\n\n\n<figure class=\"wp-block-image size-large\"><img decoding=\"async\" data-id=\"12486\" src=\"https:\/\/www.gnews.cz\/wp-content\/uploads\/2024\/09\/IMG_20240905_235312_042-1024x684.jpg\" alt=\"\" class=\"wp-image-12486\"\/><\/figure>\n\n\n\n<figure class=\"wp-block-image size-large\"><img decoding=\"async\" data-id=\"12482\" src=\"https:\/\/www.gnews.cz\/wp-content\/uploads\/2024\/09\/IMG_20240905_235333_772-1024x684.jpg\" alt=\"\" class=\"wp-image-12482\"\/><\/figure>\n\n\n\n<figure class=\"wp-block-image size-large\"><img decoding=\"async\" data-id=\"12485\" src=\"https:\/\/www.gnews.cz\/wp-content\/uploads\/2024\/09\/IMG_20240905_235337_397-1024x577.jpg\" alt=\"\" class=\"wp-image-12485\"\/><\/figure>\n\n\n\n<figure class=\"wp-block-image size-large\"><img decoding=\"async\" data-id=\"12484\" src=\"https:\/\/www.gnews.cz\/wp-content\/uploads\/2024\/09\/IMG_20240905_235324_676-1024x684.jpg\" alt=\"\" class=\"wp-image-12484\"\/><\/figure>\n\n\n\n<figure class=\"wp-block-image size-large\"><img decoding=\"async\" data-id=\"12483\" src=\"https:\/\/www.gnews.cz\/wp-content\/uploads\/2024\/09\/IMG_20240905_235329_914-1-1024x684.jpg\" alt=\"\" class=\"wp-image-12483\"\/><\/figure>\n<\/figure>\n\n\n\n<p><\/p>\n\n\n\n<figure class=\"wp-block-image size-large\"><img decoding=\"async\" src=\"https:\/\/www.gnews.cz\/wp-content\/uploads\/2024\/09\/IMG_20240905_235319_732-1024x684.jpg\" alt=\"\" class=\"wp-image-12487\"\/><\/figure>\n","protected":false},"excerpt":{"rendered":"<p>Rozhovor s p\u0159edsedkyn\u00ed \u010cesk\u00e9 medi\u00e1ln\u00ed kancel\u00e1\u0159e Denisou Petrilakovou o setk\u00e1n\u00ed s Asociac\u00ed v\u0161e\u010d\u00ednsk\u00fdch novin\u00e1\u0159\u016f (ACJA ) a Western China International Communication Organization&hellip;<\/p>\n","protected":false},"author":2,"featured_media":12491,"comment_status":"closed","ping_status":"closed","sticky":false,"template":"","format":"standard","meta":{"_acf_changed":false,"_lmt_disableupdate":"","_lmt_disable":"","footnotes":""},"categories":[2,580],"tags":[45,22,18,78,10,17,41],"class_list":["post-12472","post","type-post","status-publish","format-standard","has-post-thumbnail","hentry","category-rozhovory","category-vyber-sefredaktora","tag-cr","tag-cina","tag-cmg","tag-evropa","tag-news","tag-top","tag-world"],"acf":[],"aioseo_notices":[],"_links":{"self":[{"href":"https:\/\/gnews.cz\/cs_cz\/wp-json\/wp\/v2\/posts\/12472","targetHints":{"allow":["GET"]}}],"collection":[{"href":"https:\/\/gnews.cz\/cs_cz\/wp-json\/wp\/v2\/posts"}],"about":[{"href":"https:\/\/gnews.cz\/cs_cz\/wp-json\/wp\/v2\/types\/post"}],"author":[{"embeddable":true,"href":"https:\/\/gnews.cz\/cs_cz\/wp-json\/wp\/v2\/users\/2"}],"replies":[{"embeddable":true,"href":"https:\/\/gnews.cz\/cs_cz\/wp-json\/wp\/v2\/comments?post=12472"}],"version-history":[{"count":0,"href":"https:\/\/gnews.cz\/cs_cz\/wp-json\/wp\/v2\/posts\/12472\/revisions"}],"wp:featuredmedia":[{"embeddable":true,"href":"https:\/\/gnews.cz\/cs_cz\/wp-json\/wp\/v2\/media\/12491"}],"wp:attachment":[{"href":"https:\/\/gnews.cz\/cs_cz\/wp-json\/wp\/v2\/media?parent=12472"}],"wp:term":[{"taxonomy":"category","embeddable":true,"href":"https:\/\/gnews.cz\/cs_cz\/wp-json\/wp\/v2\/categories?post=12472"},{"taxonomy":"post_tag","embeddable":true,"href":"https:\/\/gnews.cz\/cs_cz\/wp-json\/wp\/v2\/tags?post=12472"}],"curies":[{"name":"wp","href":"https:\/\/api.w.org\/{rel}","templated":true}]}}