{"id":13544,"date":"2024-09-26T12:59:00","date_gmt":"2024-09-26T10:59:00","guid":{"rendered":"https:\/\/www.gnews.cz\/?p=13544"},"modified":"2024-10-24T13:16:31","modified_gmt":"2024-10-24T11:16:31","slug":"otazka-volby-prezidenta-venezuely-poslanci-ep-uznali-edmunda-gonzaleze-prezidentem","status":"publish","type":"post","link":"https:\/\/gnews.cz\/cs_cz\/politika\/otazka-volby-prezidenta-venezuely-poslanci-ep-uznali-edmunda-gonzaleze-prezidentem\/","title":{"rendered":"Ot\u00e1zka volby prezidenta Venezuely: Poslanci EP uznali Edmunda Gonz\u00e1leze prezidentem"},"content":{"rendered":"\n<p><strong>BRUSEL &#8211; EU by m\u011bla u\u010dinit v\u0161e pro to, aby se Edmundo Gonz\u00e1lez Urrutia, legitimn\u00ed a demokraticky zvolen\u00fd venezuelsk\u00fd prezident, mohl 10. ledna 2025 ujmout \u00fa\u0159adu.<\/strong><\/p>\n\n\n\n<p>V usnesen\u00ed p\u0159ijat\u00e9m ve \u010dtvrtek 19. z\u00e1\u0159\u00ed 309 hlasy pro, 201 proti a 12 se zdr\u017eelo hlasov\u00e1n\u00ed, Parlament &#8222;d\u016frazn\u011b odsuzuje a pln\u011b odm\u00edt\u00e1 volebn\u00ed podvody zinscenovan\u00e9 re\u017eimem ovl\u00e1danou N\u00e1rodn\u00ed volebn\u00ed radou, kter\u00e1 odm\u00edtla zve\u0159ejnit ofici\u00e1ln\u00ed v\u00fdsledky&#8220;. Poslanci uznali Edmunda Gonz\u00e1leze Urrutiu za legitimn\u00edho a demokraticky zvolen\u00e9ho prezidenta zem\u011b a Mar\u00edu Corinu Machadovou za v\u016fdkyni demokratick\u00fdch sil ve Venezuele. D\u016frazn\u011b tak\u00e9 odsuzuj\u00ed vyd\u00e1n\u00ed zatyka\u010de na pana Gonz\u00e1leze venezuelskou vl\u00e1dou.<\/p>\n\n\n\n<p>Poslanci zd\u016fraz\u0148uj\u00ed, \u017ee navzdory opakovan\u00fdm v\u00fdzv\u00e1m mezin\u00e1rodn\u00edho spole\u010denstv\u00ed venezuelsk\u00fd re\u017eim nerespektuje Barbadoskou dohodu z roku 2023 mezi Madurovou vl\u00e1dou a opozic\u00ed v souvislosti s prezidentsk\u00fdmi volbami, co\u017e znemo\u017e\u0148uje svobodn\u00e9 a spravedliv\u00e9 volby.<\/p>\n\n\n\n<p>Poslanci konstatuj\u00ed, \u017ee zpr\u00e1vy mezin\u00e1rodn\u00edch volebn\u00edch pozorovatelsk\u00fdch mis\u00ed jasn\u011b uv\u00e1d\u011bj\u00ed, \u017ee venezuelsk\u00e9 prezidentsk\u00e9 volby z 28. \u010dervence 2024 nespl\u0148ovaly mezin\u00e1rodn\u00ed standardy volebn\u00ed integrity. Poslanci rovn\u011b\u017e co nejd\u016frazn\u011bji odsuzuj\u00ed vra\u017edy, obt\u011b\u017eov\u00e1n\u00ed, poru\u0161ov\u00e1n\u00ed a zat\u00fdk\u00e1n\u00ed demokratick\u00e9 opozice, venezuelsk\u00e9ho lidu a ob\u010dansk\u00e9 spole\u010dnosti a vyz\u00fdvaj\u00ed k ukon\u010den\u00ed systematick\u00e9ho poru\u0161ov\u00e1n\u00ed lidsk\u00fdch pr\u00e1v.<\/p>\n\n\n\n<p>Parlament nal\u00e9hav\u011b vyz\u00fdv\u00e1 EU, aby obnovila sankce proti \u010dlen\u016fm N\u00e1rodn\u00ed volebn\u00ed rady. Vyz\u00fdv\u00e1 k prodlou\u017een\u00ed re\u017eimov\u00fdch sankc\u00ed a k roz\u0161\u00ed\u0159en\u00ed jejich p\u016fsobnosti o uplat\u0148ov\u00e1n\u00ed c\u00edlen\u00fdch sankc\u00ed prost\u0159ednictv\u00edm glob\u00e1ln\u00edho re\u017eimu sankc\u00ed EU v oblasti lidsk\u00fdch pr\u00e1v v\u016f\u010di Nicol\u00e1si Madurovi a jeho nejbli\u017e\u0161\u00edmu okol\u00ed.<\/p>\n\n\n\n<p>Poslanci v\u00edtaj\u00ed roli, kterou hraj\u00ed vl\u00e1dy Braz\u00edlie, Kolumbie a Mexika, a nal\u00e9hav\u011b vyz\u00fdvaj\u00ed region\u00e1ln\u00ed akt\u00e9ry a mezin\u00e1rodn\u00ed spole\u010denstv\u00ed, aby vyv\u00edjeli maxim\u00e1ln\u00ed tlak na Madur\u016fv re\u017eim a jeho nejbli\u017e\u0161\u00ed okol\u00ed, aby akceptovali demokratickou v\u016fli venezuelsk\u00e9ho lidu a uznali Edmunda Gonz\u00e1leze Urrutiu za legitimn\u00edho a demokraticky zvolen\u00e9ho prezidenta. Pokud se tak nestane, Parlament varuje, \u017ee bude n\u00e1sledovat obnoven\u00fd migra\u010dn\u00ed exodus do jin\u00fdch zem\u00ed v regionu, podobn\u00fd tomu, kter\u00fd v posledn\u00edch letech vedl k \u00fat\u011bku t\u00e9m\u011b\u0159 osmi milion\u016f Venezuelan\u016f ze zem\u011b.<\/p>\n\n\n\n<p><strong><a href=\"https:\/\/www.europarl.europa.eu\/news\/cs\/press-room\/20240913IPR23907\/venezuela-meps-recognise-edmundo-gonzalez-as-president\" title=\"\">europarl.europa.eu<\/a>\/ gnews.cz-JaV<\/strong><\/p>\n\n\n\n<p><strong>FOTO &#8211;<a href=\"https:\/\/www.facebook.com\/photo?fbid=122127016766314005&amp;set=pcb.122127016970314005\" title=\"\"> Facebook<\/a> <\/strong><\/p>\n\n\n\n<p><\/p>\n","protected":false},"excerpt":{"rendered":"<p>BRUSEL &#8211; EU by m\u011bla u\u010dinit v\u0161e pro to, aby se Edmundo Gonz\u00e1lez Urrutia, legitimn\u00ed a demokraticky zvolen\u00fd venezuelsk\u00fd prezident, mohl 10.&hellip;<\/p>\n","protected":false},"author":2,"featured_media":13644,"comment_status":"closed","ping_status":"closed","sticky":false,"template":"","format":"standard","meta":{"_acf_changed":false,"_lmt_disableupdate":"","_lmt_disable":"","footnotes":""},"categories":[7],"tags":[1467,46,1466,10,563,71,17,346,41],"class_list":["post-13544","post","type-post","status-publish","format-standard","has-post-thumbnail","hentry","category-politika","tag-edmundo-gonzalez-urrutia","tag-eu","tag-maria-corina-machadova","tag-news","tag-nikolas-maduro","tag-prezident","tag-top","tag-venezuela","tag-world"],"acf":[],"aioseo_notices":[],"_links":{"self":[{"href":"https:\/\/gnews.cz\/cs_cz\/wp-json\/wp\/v2\/posts\/13544","targetHints":{"allow":["GET"]}}],"collection":[{"href":"https:\/\/gnews.cz\/cs_cz\/wp-json\/wp\/v2\/posts"}],"about":[{"href":"https:\/\/gnews.cz\/cs_cz\/wp-json\/wp\/v2\/types\/post"}],"author":[{"embeddable":true,"href":"https:\/\/gnews.cz\/cs_cz\/wp-json\/wp\/v2\/users\/2"}],"replies":[{"embeddable":true,"href":"https:\/\/gnews.cz\/cs_cz\/wp-json\/wp\/v2\/comments?post=13544"}],"version-history":[{"count":0,"href":"https:\/\/gnews.cz\/cs_cz\/wp-json\/wp\/v2\/posts\/13544\/revisions"}],"wp:featuredmedia":[{"embeddable":true,"href":"https:\/\/gnews.cz\/cs_cz\/wp-json\/wp\/v2\/media\/13644"}],"wp:attachment":[{"href":"https:\/\/gnews.cz\/cs_cz\/wp-json\/wp\/v2\/media?parent=13544"}],"wp:term":[{"taxonomy":"category","embeddable":true,"href":"https:\/\/gnews.cz\/cs_cz\/wp-json\/wp\/v2\/categories?post=13544"},{"taxonomy":"post_tag","embeddable":true,"href":"https:\/\/gnews.cz\/cs_cz\/wp-json\/wp\/v2\/tags?post=13544"}],"curies":[{"name":"wp","href":"https:\/\/api.w.org\/{rel}","templated":true}]}}