{"id":17148,"date":"2024-11-28T15:18:07","date_gmt":"2024-11-28T14:18:07","guid":{"rendered":"https:\/\/www.gnews.cz\/?p=17148"},"modified":"2025-02-05T18:34:09","modified_gmt":"2025-02-05T17:34:09","slug":"2x-33-tomase-hejny-tricata-treti-publikace-v-jeho-kristovych-letech","status":"publish","type":"post","link":"https:\/\/gnews.cz\/cs_cz\/rozhovory\/2x-33-tomase-hejny-tricata-treti-publikace-v-jeho-kristovych-letech\/","title":{"rendered":"2x 33 Tom\u00e1\u0161e Hejny: t\u0159ic\u00e1t\u00e1 t\u0159et\u00ed publikace v\u00a0jeho Kristov\u00fdch letech"},"content":{"rendered":"\n<p><strong>V&nbsp;p\u0159edv\u00e1no\u010dn\u00edm \u010dase si pro n\u00e1s na\u0161el volnou chvilku spisovatel Tom\u00e1\u0161 Hejna. Jedn\u00e1 se o talentovan\u00e9ho, mimo\u0159\u00e1dn\u011b pracovit\u00e9ho a v\u00fdrazn\u00e9ho publicistu. V&nbsp;sou\u010dasn\u00e9 dob\u011b pro\u017e\u00edv\u00e1 sv\u00e1 tak\u0159\u00edkaj\u00edc Kristova l\u00e9ta, kdy ve sv\u00fdch t\u0159iat\u0159iceti letech vyd\u00e1v\u00e1 v&nbsp;t\u011bchto dnech svou v&nbsp;po\u0159ad\u00ed ji\u017e t\u0159ic\u00e1tou t\u0159et\u00ed publikaci.<\/strong><\/p>\n\n\n\n<blockquote class=\"wp-block-quote is-layout-flow wp-block-quote-is-layout-flow\">\n<p><strong>Tom\u00e1\u0161 Hejna (nar. 1991) vystudoval St\u0159edn\u00ed \u0161kolu kni\u017en\u00ed kultury. Do literatury vstoupil v&nbsp;roce 2011 se svou b\u00e1snickou sb\u00edrkou <em>Prvn\u00ed kv\u011bty<\/em>. Dlouhodob\u011b se Hejna zab\u00fdv\u00e1 studiem d\u011bjin literatury, \u010deskou i sv\u011btovou histori\u00ed a osobnostmi, \u010dasto i sb\u00edr\u00e1n\u00edm pov\u011bst\u00ed a b\u00e1j\u00ed. Jeho tv\u016fr\u010d\u00ed rozsah je obdivuhodn\u00fd. P\u00ed\u0161e pr\u00f3zu i literatury faktu, kde se ve sv\u00fdch knih\u00e1ch soust\u0159ed\u00ed nejen na d\u016fle\u017eit\u00e9 ud\u00e1losti a v\u00fdznamn\u00e1 m\u00edsta, o nich\u017e oby\u010dejn\u011b v\u00ed jen hrstka zasv\u011bcen\u00fdch lid\u00ed. V&nbsp;neposledn\u00ed \u0159ad\u011b se ale t\u00e9\u017e v\u011bnuje medializaci spolku b\u00e1je\u010dn\u00fdch lid\u00ed, nosi\u010d\u016f dobr\u00e9 z\u00e1bavy, od zp\u011bv\u00e1k\u016f a\u017e po humoristy, takzvan\u00fdch bavi\u010d\u016f pod hlavi\u010dkou Um\u011bleck\u00e9ho sdru\u017een\u00ed ARTES. Jeho paperbacky medailon\u016f i aktivit \u010dlen\u016f Artesu jsou po sv\u00e9m vyjit\u00ed v\u017edy v&nbsp;centru \u010dten\u00e1\u0159sk\u00e9ho z\u00e1jmu. Zcela jist\u011b tomu nebude jinak ani u publikace, kter\u00e1 zpest\u0159\u00ed p\u0159edv\u00e1no\u010dn\u00ed nab\u00eddku na\u0161eho kni\u017en\u00edho trhu.<\/strong><\/p>\n<\/blockquote>\n\n\n\n<p><strong>Zaj\u00edm\u00e1 n\u00e1s, jak se jmenuje a co v&nbsp;n\u00ed najdeme\u2026<\/strong><\/p>\n\n\n\n<p><em>Pozapomenut\u00e9 osobnosti \u010desk\u00e9ho z\u00e1bavn\u00edho um\u011bn\u00ed<\/em>\u2026 <em>(sm\u00edch)<\/em> Je to velmi voln\u00e9 pokra\u010dov\u00e1n\u00ed s\u00e9rie, kterou jsem za\u010dal p\u0159ed 12 lety knihou s n\u00e1zvem <em>Pozapomenut\u00e9 osobnosti \u010desk\u00e9 literatury<\/em>, a vlastn\u011b je to po t\u00e9 dob\u011b teprve druh\u00fd d\u00edl, proto\u017ee s&nbsp;t\u00edm prvn\u00edm jsem nebyl spokojen\u00fd.<\/p>\n\n\n\n<figure class=\"wp-block-image size-large\"><img decoding=\"async\" src=\"https:\/\/www.gnews.cz\/wp-content\/uploads\/2024\/11\/DSC_0267-1024x683.jpg\" alt=\"\" class=\"wp-image-17154\"\/><figcaption class=\"wp-element-caption\"><em>Sou\u010d\u00e1st\u00ed v\u00fdstavy k&nbsp;vysok\u00e9mu v\u00fdro\u010d\u00ed Nakladatelstv\u00ed Olympia byl mimo besed s&nbsp;autory a \u010dten\u00e1\u0159i i redak\u010dn\u00edmi pracovn\u00edky nakladatelstv\u00ed p\u0159ehled za ta dlouh\u00e1 l\u00e9ta vydan\u00fdch titul\u016f<\/em><\/figcaption><\/figure>\n\n\n\n<p><strong>Artes a Tom\u00e1\u0161 Hejna, jak se to r\u00fdmuje?<\/strong><\/p>\n\n\n\n<p>R\u00fdmuje se od roku 2016, kdy m\u011b do Artesu p\u0159ivedl jeho tehdej\u0161\u00ed p\u0159edseda a m\u016fj kamar\u00e1d V\u00e1clav Junek. Poprv\u00e9 jsme spolupracovali p\u0159i vyd\u00e1n\u00ed jeho knihy <em>Um\u0159\u00edt pro film<\/em>, kterou jsem v&nbsp;Olympii redigoval, a v&nbsp;dal\u0161\u00edch letech jsme u\u017e tiskli v\u0161echny v\u011bci pro Mistra. Potom jsem se stal \u010dlenem v\u00fdkonn\u00e9ho v\u00fdboru, v&nbsp;roce 2021 jsem tu zalo\u017eil nov\u00fd \u010dasopis <em>Forb\u00edna<\/em> a s&nbsp;kulturn\u00edm sociologem V\u00e1clavem Sold\u00e1tem tu vedeme i rozs\u00e1hl\u00fd web <a href=\"https:\/\/zabava-artes.cz\/\">zabava-artes.cz<\/a>, kde je za ty t\u0159i roky p\u0159es 700 p\u0159\u00edsp\u011bvk\u016f o \u010desk\u00fdch herc\u00edch, skladatel\u00edch, spisovatel\u00edch, o filmu, divadle, hudb\u011b, estr\u00e1d\u00e1ch atd. Taky jsme s&nbsp;Va\u0161kem vydali s\u00e9rii knih a chyst\u00e1me dal\u0161\u00ed.<\/p>\n\n\n\n<p><strong>Artes ka\u017edoro\u010dn\u011b ud\u011bluje ceny vybran\u00fdm \u201ebavi\u010d\u016fm\u201c za jejich aktivity, obl\u00edbenost a \u017eivotn\u00ed v\u00fddr\u017e s&nbsp;humorem na rtech.<\/strong><\/p>\n\n\n\n<p>Je to tak, ta cena se jmenuje <em>Mistr z\u00e1bavn\u00edho um\u011bn\u00ed<\/em> a letos prob\u011bhl ji\u017e dev\u00e1t\u00fd ro\u010dn\u00edk, tentokr\u00e1t ve Studiu Ypsilon. Tentokr\u00e1t to bylo trochu jin\u00e9, v&nbsp;\u010dele Artesu je od \u00fanora Tom\u00e1\u0161 Magnusek, s&nbsp;n\u00e1mi jsou tam hudebn\u00edk Vladim\u00edr Kopp, Petr Salava, Martin Dejdar, producentka Marie Schillerov\u00e1 a ekonomka Jana J\u016fnov\u00e1. Je to asi nejlep\u0161\u00ed slo\u017een\u00ed od doby, co jsem se do Artesu dostal. Tak trochu jsme byli posledn\u00ed ro\u010dn\u00edky z\u00e1rove\u0148 porota, ale n\u00e1vrhy n\u00e1m d\u00e1vali i ostatn\u00ed \u010dlenov\u00e9. <\/p>\n\n\n\n<p>Letos jsme poprv\u00e9 ud\u011blovali cenu v&nbsp;kategorii junior, a to \u0160t\u011bp\u00e1nu Kozubovi, a in memoriam, kterou si odnesl syn Vladim\u00edra Men\u0161\u00edka. Dal\u0161\u00ed ceny si odnesli Eva Hru\u0161kov\u00e1, Jaroslav Such\u00e1nek, Zuzana Bub\u00edlkov\u00e1, Pavel V\u011btrovec a L\u00e1\u010fa Kerndl. Ten m\u011bl asi z&nbsp;t\u00e9 ceny nejv\u011bt\u0161\u00ed radost, proto\u017ee i kdy\u017e p\u016fsob\u00ed jako zp\u011bv\u00e1k u\u017e n\u011bkolik des\u00edtek let, tak je to jeho v\u016fbec prvn\u00ed ocen\u011bn\u00ed.<\/p>\n\n\n\n<figure class=\"wp-block-gallery has-nested-images columns-default is-cropped wp-block-gallery-1 is-layout-flex wp-block-gallery-is-layout-flex\">\n<figure class=\"wp-block-image size-large\"><img decoding=\"async\" data-id=\"17152\" src=\"https:\/\/www.gnews.cz\/wp-content\/uploads\/2024\/11\/Legendy-brozura-titulka-634x1024.jpg\" alt=\"\" class=\"wp-image-17152\"\/><\/figure>\n\n\n\n<figure class=\"wp-block-image size-large\"><img decoding=\"async\" data-id=\"17153\" src=\"https:\/\/www.gnews.cz\/wp-content\/uploads\/2024\/11\/Stripky-ceske-zabavy_obalka_tisk-660x1024.jpg\" alt=\"\" class=\"wp-image-17153\"\/><\/figure>\n<\/figure>\n\n\n\n<p><\/p>\n\n\n\n<p><strong>Kn\u00ed\u017eka vych\u00e1z\u00ed v&nbsp;z\u00e1v\u011bru roku 2024, kdy jsme oslavili 70 let historie p\u0159edn\u00edho \u010desk\u00e9ho nakladatelstv\u00ed Olympia. Vy jste v&nbsp;sou\u010dasn\u00e9 dob\u011b \u0161\u00e9fredaktorem tohoto legend\u00e1rn\u00edho nakladatelstv\u00ed. Jak jste toto jedine\u010dn\u00e9 v\u00fdro\u010d\u00ed oslavili?<\/strong><\/p>\n\n\n\n<p>Po ro\u010dn\u00ed pauze jsme se objevili na veletrhu Sv\u011bt knihy Praha s&nbsp;\u00fapln\u011b nov\u00fdm st\u00e1nkem, knihy z&nbsp;leto\u0161n\u00edho roku maj\u00ed jedine\u010dn\u00fd logotyp na plak\u00e1tech, kter\u00fd ukazuje, \u017ee vy\u0161ly pr\u00e1v\u011b v&nbsp;dob\u011b na\u0161eho v\u00fdro\u010d\u00ed. Na webu Artesu vy\u0161el na pokra\u010dov\u00e1n\u00ed seri\u00e1l o historii Olympie, kter\u00fd je tak\u00e9 z\u00e1kladem knihy <em>70 let Nakladatelstv\u00ed Olympia v&nbsp;kostce<\/em> \u2013 k&nbsp;dost\u00e1n\u00ed je na na\u0161em webu. No a kone\u010dn\u011b na konci \u0159\u00edjna jsme uspo\u0159\u00e1dali skute\u010dn\u011b velikou dvoudenn\u00ed v\u00fdstavu o na\u0161\u00ed historii ve Velk\u00fdch P\u0159\u00edlepech, kde byla i \u0159ada na\u0161ich p\u016fvodn\u00edch zam\u011bstnanc\u016f a autor\u016f.<\/p>\n\n\n\n<figure class=\"wp-block-image size-large\"><img decoding=\"async\" src=\"https:\/\/www.gnews.cz\/wp-content\/uploads\/2024\/11\/logo_OLY_70_cerna-1-1024x767.png\" alt=\"\" class=\"wp-image-17156\"\/><\/figure>\n\n\n\n<p><strong>Z\u00e1v\u011brem: \u010c\u00edm n\u00e1s v&nbsp;roce 2025 jak Artes, tak i Nakladatelstv\u00ed Olympia p\u0159ekvap\u00ed?<\/strong><\/p>\n\n\n\n<p>Za Artes nemohu prozrazovat, ale ur\u010dit\u011b se setk\u00e1me s&nbsp;na\u0161imi \u010dleny a p\u0159\u00edznivci zase na nov\u00e9m m\u00edst\u011b, u\u017e jedn\u00e1me s&nbsp;veden\u00edm Fidlova\u010dky. Spole\u010dn\u011b se potom chyst\u00e1me na vyd\u00e1n\u00ed prvn\u00edho d\u00edlu pokra\u010dovac\u00ed <em>Encyklopedie z\u00e1bavn\u00edho um\u011bn\u00ed<\/em> a s&nbsp;V\u00e1clavem Sold\u00e1tem budeme dokon\u010dovat spole\u010dnou knihu o \u010desk\u00fdch a \u010deskoslovensk\u00fdch filmov\u00fdch \u201epoprv\u00e9\u201c. <\/p>\n\n\n\n<p>No a v&nbsp;Olympii se p\u0159ipravuje pestr\u00fd edi\u010dn\u00ed pl\u00e1n, ve kter\u00e9m by m\u011bla b\u00fdt kniha o Avii, <em>Mal\u00e1 encyklopedie \u010desk\u00fdch d\u011bjin<\/em>, popul\u00e1rn\u011b nau\u010dn\u00fd \u201eslovn\u00edk\u201c \u010desk\u00fdch skladatel\u016f <em>Konzervato\u0159 Evropy<\/em>, nov\u00e1 kniha Martina Mahdala o para\u0161utistovi Bubl\u00edkovi a douf\u00e1me, \u017ee se n\u00e1m poda\u0159\u00ed realizovat dlouhodob\u011b pl\u00e1novan\u00fd projekt <em>Atlas \u010desk\u00e9ho a \u010deskoslovensk\u00e9ho pr\u016fmyslu<\/em>.<\/p>\n\n\n\n<figure class=\"wp-block-image size-large\"><img decoding=\"async\" src=\"https:\/\/www.gnews.cz\/wp-content\/uploads\/2024\/11\/20220708_191501-1024x768.jpg\" alt=\"\" class=\"wp-image-17155\"\/><figcaption class=\"wp-element-caption\"><em>Tekut\u00fd chl\u00e9b k&nbsp;literatu\u0159e a jej\u00edm tv\u016frc\u016fm neodmysliteln\u011b pat\u0159\u00ed. Chutn\u00e1 i Tom\u00e1\u0161i Hejnovi<\/em><\/figcaption><\/figure>\n\n\n\n<blockquote class=\"wp-block-quote is-layout-flow wp-block-quote-is-layout-flow\">\n<p><strong>Jak jsme se ji\u017e zm\u00ednili v&nbsp;\u00favodu, Tom\u00e1\u0161 Hejna se narodil v&nbsp;roce 1991. Vystudoval St\u0159edn\u00ed \u0161kolu kni\u017en\u00ed kultury a do literatury vstoupil svou b\u00e1snickou prvotinou Prvn\u00ed kv\u011bty roku 2011. P\u00ed\u0161e pr\u00f3zu i literaturu fakt\u016f. Z&nbsp;dlouh\u00e9 \u0159ady vydan\u00fdch d\u011bl alespo\u0148 jmenujeme <em>Polozapomenut\u00e9 osobnosti \u010desk\u00e9 literatury, Osudov\u00e1 m\u00edsta Prahy, P\u0159emyslovsk\u00e9 st\u0159edn\u00ed \u010cechy, Pov\u011bsti, b\u00e1je m\u00fdty od Oko\u0159e k&nbsp;Vltav\u011b,<\/em> d\u00e1le pak <em>50 zaj\u00edmavost\u00ed na Kralupsku, Sl\u00e1nsku a Kladensku<\/em> a dal\u0161\u00ed tituly. V\u00edce na <a href=\"http:\/\/www.iolympia.cz\">www.iolympia.cz<\/a><\/strong><\/p>\n<\/blockquote>\n\n\n\n<p><\/p>\n\n\n\n<p><strong>Ivan \u010cern\u00fd<\/strong><\/p>\n\n\n\n<p><em>FOTO &#8211; archiv Nakladatelstv\u00ed Olympia<\/em><\/p>\n","protected":false},"excerpt":{"rendered":"<p>V&nbsp;p\u0159edv\u00e1no\u010dn\u00edm \u010dase si pro n\u00e1s na\u0161el volnou chvilku spisovatel Tom\u00e1\u0161 Hejna. Jedn\u00e1 se o talentovan\u00e9ho, mimo\u0159\u00e1dn\u011b pracovit\u00e9ho a v\u00fdrazn\u00e9ho publicistu. V&nbsp;sou\u010dasn\u00e9 dob\u011b&hellip;<\/p>\n","protected":false},"author":1,"featured_media":17150,"comment_status":"closed","ping_status":"closed","sticky":false,"template":"","format":"standard","meta":{"_acf_changed":false,"_lmt_disableupdate":"","_lmt_disable":"","footnotes":""},"categories":[6,2],"tags":[1738,45,1741,2804,117,1739,1736,1737,17,1740],"class_list":["post-17148","post","type-post","status-publish","format-standard","has-post-thumbnail","hentry","category-kultura","category-rozhovory","tag-artes","tag-cr","tag-humor","tag-ivan-cerny","tag-literatura","tag-olympia","tag-spisovatel","tag-tomas-hejna","tag-top","tag-zabava"],"acf":[],"aioseo_notices":[],"_links":{"self":[{"href":"https:\/\/gnews.cz\/cs_cz\/wp-json\/wp\/v2\/posts\/17148","targetHints":{"allow":["GET"]}}],"collection":[{"href":"https:\/\/gnews.cz\/cs_cz\/wp-json\/wp\/v2\/posts"}],"about":[{"href":"https:\/\/gnews.cz\/cs_cz\/wp-json\/wp\/v2\/types\/post"}],"author":[{"embeddable":true,"href":"https:\/\/gnews.cz\/cs_cz\/wp-json\/wp\/v2\/users\/1"}],"replies":[{"embeddable":true,"href":"https:\/\/gnews.cz\/cs_cz\/wp-json\/wp\/v2\/comments?post=17148"}],"version-history":[{"count":0,"href":"https:\/\/gnews.cz\/cs_cz\/wp-json\/wp\/v2\/posts\/17148\/revisions"}],"wp:featuredmedia":[{"embeddable":true,"href":"https:\/\/gnews.cz\/cs_cz\/wp-json\/wp\/v2\/media\/17150"}],"wp:attachment":[{"href":"https:\/\/gnews.cz\/cs_cz\/wp-json\/wp\/v2\/media?parent=17148"}],"wp:term":[{"taxonomy":"category","embeddable":true,"href":"https:\/\/gnews.cz\/cs_cz\/wp-json\/wp\/v2\/categories?post=17148"},{"taxonomy":"post_tag","embeddable":true,"href":"https:\/\/gnews.cz\/cs_cz\/wp-json\/wp\/v2\/tags?post=17148"}],"curies":[{"name":"wp","href":"https:\/\/api.w.org\/{rel}","templated":true}]}}