{"id":19122,"date":"2025-01-04T13:03:00","date_gmt":"2025-01-04T12:03:00","guid":{"rendered":"https:\/\/www.gnews.cz\/?p=19122"},"modified":"2025-02-04T11:53:04","modified_gmt":"2025-02-04T10:53:04","slug":"ministri-zahranici-nemecka-a-francie-v-damasku-s-prijeli-nabidnout-pomocnou-ruku","status":"publish","type":"post","link":"https:\/\/gnews.cz\/cs_cz\/politika\/ministri-zahranici-nemecka-a-francie-v-damasku-s-prijeli-nabidnout-pomocnou-ruku\/","title":{"rendered":"Minist\u0159i zahrani\u010d\u00ed N\u011bmecka a Francie p\u0159ijeli do Dama\u0161ku nab\u00eddnout pomocnou ruku"},"content":{"rendered":"\n<p><strong>DAMA\u0160EK &#8211; N\u011bmeck\u00e1 ministryn\u011b zahrani\u010d\u00ed Annalena Baerbockov\u00e1 a jej\u00ed francouzsk\u00fd prot\u011bj\u0161ek Jean-Noel Barrot byli v p\u00e1tek v Dama\u0161ku. Jsou prvn\u00edmi ministry z Evropsk\u00e9 unie, kte\u0159\u00ed nav\u0161t\u00edvili S\u00fdrii od doby, kdy se po svr\u017een\u00ed Ba\u0161\u00e1ra Asada v prosinci zmocnila vl\u00e1dy povstaleck\u00e1 skupina HTS.<\/strong><\/p>\n\n\n\n<blockquote class=\"wp-block-quote is-layout-flow wp-block-quote-is-layout-flow\">\n<p><strong>N\u00e1v\u0161t\u011bva je &#8222;seznamovac\u00ed&#8220; akc\u00ed EU, kter\u00e1 zva\u017euje sv\u016fj p\u0159\u00edstup k nov\u00fdm faktick\u00fdm vl\u00e1dc\u016fm zem\u011b. Francouzsk\u00fd a n\u011bmeck\u00fd ministr zde zastupuj\u00ed blok a z Bruselu zazn\u011blo, \u017ee pokud v testu obstoj\u00ed, mohla by b\u00fdt Evropa otev\u0159ena mnohem u\u017e\u0161\u00edm vztah\u016fm.<\/strong><\/p>\n<\/blockquote>\n\n\n\n<p>Kaja Kallasov\u00e1, vysok\u00e1 p\u0159edstavitelka EU pro zahrani\u010dn\u00ed v\u011bci, napsala na soci\u00e1ln\u00ed s\u00edti X: <em>&#8222;N\u00e1\u0161 vzkaz nov\u00e9mu veden\u00ed S\u00fdrie: dodr\u017eov\u00e1n\u00ed z\u00e1sad dohodnut\u00fdch s region\u00e1ln\u00edmi akt\u00e9ry a zaji\u0161t\u011bn\u00ed ochrany v\u0161ech civilist\u016f a men\u0161in je nanejv\u00fd\u0161 d\u016fle\u017eit\u00e9.&#8220;<\/em><\/p>\n\n\n\n<p>P\u0159ed odletem do Dama\u0161ku Baerbockov\u00e1 novin\u00e1\u0159\u016fm \u0159ekla, \u017ee cestu podnik\u00e1 s &#8222;nata\u017eenou rukou&#8220;, ale \u017ee Berl\u00edn m\u00e1 &#8222;jasn\u00e1 o\u010dek\u00e1v\u00e1n\u00ed&#8220;, co od nov\u00fdch vl\u00e1dc\u016f chce.<\/p>\n\n\n\n<p><em>&#8222;V\u00edme, odkud HTS ideologicky poch\u00e1z\u00ed a co d\u011blala v minulosti,&#8220;<\/em> poznamenal n\u011bmeck\u00fd ministr zahrani\u010d\u00ed s odkazem na p\u016fvod skupiny z fronty al-Nusra napojen\u00e9 na Al-K\u00e1idu.<\/p>\n\n\n\n<p>Francouzsk\u00fd ministr zahrani\u010d\u00ed Barrot rovn\u011b\u017e hovo\u0159il o snaze o &#8222;suver\u00e9nn\u00ed a bezpe\u010dnou&#8220; S\u00fdrii. Pa\u0159\u00ed\u017e i Berl\u00edn nab\u00eddly Dama\u0161ku pomoc p\u0159i p\u0159\u00edprav\u011b nov\u00e9 \u00fastavy, p\u0159i\u010dem\u017e Barrot uvedl, \u017ee nad\u011bje na demokratick\u00fd p\u0159echod v S\u00fdrii je &#8222;k\u0159ehk\u00e1, ale re\u00e1ln\u00e1&#8220;.<\/p>\n\n\n\n<p><strong>Finan\u010dn\u00ed pomoc pro dobrovolnou repatriaci<\/strong><\/p>\n\n\n\n<p>N\u00e1v\u0161t\u011bva se uskute\u010dnila ve stejn\u00fd den, kdy mluv\u010d\u00ed ministerstva zahrani\u010d\u00ed v Berl\u00edn\u011b potvrdil pl\u00e1ny na roz\u0161\u00ed\u0159en\u00ed finan\u010dn\u00edho programu pro Sy\u0159any, kte\u0159\u00ed z\u00edskali v N\u011bmecku azyl, aby se dobrovoln\u011b vr\u00e1tili do S\u00fdrie. V r\u00e1mci tohoto pl\u00e1nu by bylo ka\u017ed\u00e9mu, kdo by byl ochoten se programu z\u00fa\u010dastnit, k dispozici p\u0159ibli\u017en\u011b 1230 dolar\u016f.<\/p>\n\n\n\n<p>N\u011bmecko je v p\u0159edvolebn\u00ed kampani, spolkov\u00e9 volby se budou konat 23. \u00fanora a migrace bude velkou sou\u010d\u00e1st\u00ed debaty. S podobn\u00fdmi n\u00e1vrhy na dobrovolnou repatriaci p\u0159i\u0161li i l\u00eddr K\u0159es\u0165anskosoci\u00e1ln\u00ed unie Markus S\u00f6der a t\u011b\u017ek\u00e1 v\u00e1ha K\u0159es\u0165anskodemokratick\u00e9 unie Jens Spahn, p\u0159i\u010dem\u017e ka\u017ed\u00fd z nich navrhoval zhruba 1 000 dolar\u016f na dosp\u011blou osobu za n\u00e1vrat do S\u00fdrie.<\/p>\n\n\n\n<p>Tyto nab\u00eddky v\u0161ak nebyly syrskou komunitou v N\u011bmecku v\u0161eobecn\u011b v\u00edt\u00e1ny. <strong>Anas Modamani,<\/strong> kter\u00fd si v roce 2015 na vrcholu p\u0159\u00edlivu uprchl\u00edk\u016f slavn\u011b ud\u011blal selfie s tehdej\u0161\u00ed kancl\u00e9\u0159kou Angelou Merkelovou, \u0159ekl: <em>&#8222;Mysl\u00edm, \u017ee je to hrozn\u00fd n\u00e1pad\u2026 situace v S\u00fdrii je st\u00e1le stejn\u011b nebezpe\u010dn\u00e1 jako p\u0159edt\u00edm.&#8220;<\/em><\/p>\n\n\n\n<p><strong>gnews.cz-jav<\/strong><\/p>\n","protected":false},"excerpt":{"rendered":"<p>DAMA\u0160EK &#8211; N\u011bmeck\u00e1 ministryn\u011b zahrani\u010d\u00ed Annalena Baerbockov\u00e1 a jej\u00ed francouzsk\u00fd prot\u011bj\u0161ek Jean-Noel Barrot byli v p\u00e1tek v Dama\u0161ku. Jsou prvn\u00edmi ministry z&hellip;<\/p>\n","protected":false},"author":2,"featured_media":19123,"comment_status":"open","ping_status":"open","sticky":false,"template":"","format":"standard","meta":{"_acf_changed":false,"_lmt_disableupdate":"","_lmt_disable":"","footnotes":""},"categories":[7],"tags":[2783,1271,46,78,43,2784,1768,2228,173,10,17,41],"class_list":["post-19122","post","type-post","status-publish","format-standard","has-post-thumbnail","hentry","category-politika","tag-annalena-baerbockova","tag-brusel","tag-eu","tag-evropa","tag-francie","tag-jean-noel-barrot","tag-kaja-kallasova","tag-ministr-zahranici","tag-nemecko","tag-news","tag-top","tag-world"],"acf":[],"aioseo_notices":[],"_links":{"self":[{"href":"https:\/\/gnews.cz\/cs_cz\/wp-json\/wp\/v2\/posts\/19122","targetHints":{"allow":["GET"]}}],"collection":[{"href":"https:\/\/gnews.cz\/cs_cz\/wp-json\/wp\/v2\/posts"}],"about":[{"href":"https:\/\/gnews.cz\/cs_cz\/wp-json\/wp\/v2\/types\/post"}],"author":[{"embeddable":true,"href":"https:\/\/gnews.cz\/cs_cz\/wp-json\/wp\/v2\/users\/2"}],"replies":[{"embeddable":true,"href":"https:\/\/gnews.cz\/cs_cz\/wp-json\/wp\/v2\/comments?post=19122"}],"version-history":[{"count":0,"href":"https:\/\/gnews.cz\/cs_cz\/wp-json\/wp\/v2\/posts\/19122\/revisions"}],"wp:featuredmedia":[{"embeddable":true,"href":"https:\/\/gnews.cz\/cs_cz\/wp-json\/wp\/v2\/media\/19123"}],"wp:attachment":[{"href":"https:\/\/gnews.cz\/cs_cz\/wp-json\/wp\/v2\/media?parent=19122"}],"wp:term":[{"taxonomy":"category","embeddable":true,"href":"https:\/\/gnews.cz\/cs_cz\/wp-json\/wp\/v2\/categories?post=19122"},{"taxonomy":"post_tag","embeddable":true,"href":"https:\/\/gnews.cz\/cs_cz\/wp-json\/wp\/v2\/tags?post=19122"}],"curies":[{"name":"wp","href":"https:\/\/api.w.org\/{rel}","templated":true}]}}