{"id":19627,"date":"2025-01-11T17:00:00","date_gmt":"2025-01-11T16:00:00","guid":{"rendered":"https:\/\/www.gnews.cz\/?p=19627"},"modified":"2025-01-11T12:56:18","modified_gmt":"2025-01-11T11:56:18","slug":"vyznamni-tanecnici-z-kuby-a-dalsich-zemi-poradaji-mistrovske-kurzy-v-ramci-akce-ballet-beyond-borders-havana-2025","status":"publish","type":"post","link":"https:\/\/gnews.cz\/cs_cz\/kultura\/vyznamni-tanecnici-z-kuby-a-dalsich-zemi-poradaji-mistrovske-kurzy-v-ramci-akce-ballet-beyond-borders-havana-2025\/","title":{"rendered":"V\u00fdznamn\u00ed tane\u010dn\u00edci z Kuby a dal\u0161\u00edch zem\u00ed po\u0159\u00e1daj\u00ed mistrovsk\u00e9 kurzy v r\u00e1mci akce Ballet Beyond Borders Havana 2025"},"content":{"rendered":"\n<p><strong>HAVANA &#8211; 10. ledna v\u00fdznamn\u00ed tane\u010dn\u00edci z Kuby a dal\u0161\u00edch zem\u00ed po\u0159\u00e1daj\u00ed mistrovsk\u00e9 kurzy v r\u00e1mci akce Ballet Beyond Borders Havana 2025, kter\u00e1 po n\u011bkolikadenn\u00ed sout\u011b\u017ei z\u00edtra kon\u010d\u00ed. Cyklus zah\u00e1j\u00ed mistryn\u011b a choreografka Lizt Alfonso a primabaler\u00edna Kub\u00e1nsk\u00e9ho n\u00e1rodn\u00edho baletu Gretel Morejon, v programu vystoup\u00ed tak\u00e9 Italka Corinne de Bock a Jihoafri\u010dan Andile Ndlovu, \u010dlen The Washington Ballet, a dal\u0161\u00ed host\u00e9.<\/strong><\/p>\n\n\n\n<p>Tyto mistrovsk\u00e9 p\u0159edn\u00e1\u0161ky se uskute\u010dn\u00ed v s\u00eddle souboru Lizt Alfonso Dance Cuba (LADC) ve star\u00e9 Havan\u011b.<\/p>\n\n\n\n<blockquote class=\"wp-block-quote is-layout-flow wp-block-quote-is-layout-flow\">\n<p><strong>Podle Alfonsa, jednoho z organiz\u00e1tor\u016f akce Ballet Beyond Borders Havana 2025, je tanec univerz\u00e1ln\u00edm jazykem, kter\u00fd v\u0161echny spojuje, a v tomto duchu se akce nese. Nav\u00edc dodala, \u017ee lo\u0148sk\u00fd prvn\u00ed ro\u010dn\u00edk byl \u00fasp\u011b\u0161n\u00fd a nyn\u00ed se ho \u00fa\u010dastn\u00ed velk\u00e9 mno\u017estv\u00ed student\u016f z cel\u00e9 Kuby a tak\u00e9 z dal\u0161\u00edch zem\u00ed.<\/strong><\/p>\n<\/blockquote>\n\n\n\n<p>Charlene Carey, \u0159editelka a zakladatelka Ballet Beyond Borders ve Spojen\u00fdch st\u00e1tech a Rocky Mountain Ballet Theatre, zase uvedla, \u017ee v programu, kter\u00fd nab\u00edzej\u00ed, se v\u017edy m\u00eds\u00ed r\u016fzn\u00e9 styly.<\/p>\n\n\n\n<p><strong><a href=\"https:\/\/www.plenglish.com\/news\/2025\/01\/10\/master-classes-occupy-ballet-beyond-borders-havbana-2025\/\" title=\"\">prensalatina.cu <\/a>\/ ef\/jav\/nmr<\/strong>  <strong>\/ gnews.cz-jav<\/strong><\/p>\n","protected":false},"excerpt":{"rendered":"<p>HAVANA &#8211; 10. ledna v\u00fdznamn\u00ed tane\u010dn\u00edci z Kuby a dal\u0161\u00edch zem\u00ed po\u0159\u00e1daj\u00ed mistrovsk\u00e9 kurzy v r\u00e1mci akce Ballet Beyond Borders Havana 2025,&hellip;<\/p>\n","protected":false},"author":2,"featured_media":19628,"comment_status":"open","ping_status":"open","sticky":false,"template":"","format":"standard","meta":{"_acf_changed":false,"_lmt_disableupdate":"","_lmt_disable":"","footnotes":""},"categories":[6,580],"tags":[2533,2532,615,10,17,41],"class_list":["post-19627","post","type-post","status-publish","format-standard","has-post-thumbnail","hentry","category-kultura","category-vyber-sefredaktora","tag-ballet-beyond-borders","tag-havana","tag-kuba","tag-news","tag-top","tag-world"],"acf":[],"aioseo_notices":[],"_links":{"self":[{"href":"https:\/\/gnews.cz\/cs_cz\/wp-json\/wp\/v2\/posts\/19627","targetHints":{"allow":["GET"]}}],"collection":[{"href":"https:\/\/gnews.cz\/cs_cz\/wp-json\/wp\/v2\/posts"}],"about":[{"href":"https:\/\/gnews.cz\/cs_cz\/wp-json\/wp\/v2\/types\/post"}],"author":[{"embeddable":true,"href":"https:\/\/gnews.cz\/cs_cz\/wp-json\/wp\/v2\/users\/2"}],"replies":[{"embeddable":true,"href":"https:\/\/gnews.cz\/cs_cz\/wp-json\/wp\/v2\/comments?post=19627"}],"version-history":[{"count":0,"href":"https:\/\/gnews.cz\/cs_cz\/wp-json\/wp\/v2\/posts\/19627\/revisions"}],"wp:featuredmedia":[{"embeddable":true,"href":"https:\/\/gnews.cz\/cs_cz\/wp-json\/wp\/v2\/media\/19628"}],"wp:attachment":[{"href":"https:\/\/gnews.cz\/cs_cz\/wp-json\/wp\/v2\/media?parent=19627"}],"wp:term":[{"taxonomy":"category","embeddable":true,"href":"https:\/\/gnews.cz\/cs_cz\/wp-json\/wp\/v2\/categories?post=19627"},{"taxonomy":"post_tag","embeddable":true,"href":"https:\/\/gnews.cz\/cs_cz\/wp-json\/wp\/v2\/tags?post=19627"}],"curies":[{"name":"wp","href":"https:\/\/api.w.org\/{rel}","templated":true}]}}