{"id":25366,"date":"2025-04-03T09:00:00","date_gmt":"2025-04-03T08:00:00","guid":{"rendered":"https:\/\/www.gnews.cz\/?p=25366"},"modified":"2025-05-19T09:47:00","modified_gmt":"2025-05-19T08:47:00","slug":"25366","status":"publish","type":"post","link":"https:\/\/gnews.cz\/cs_cz\/politika\/25366\/","title":{"rendered":"Ant\u00f3nio Guterres: Organizace spojen\u00fdch n\u00e1rod\u016f nebyla nikdy pot\u0159ebn\u011bj\u0161\u00ed"},"content":{"rendered":"\n<p><strong>OSN &#8211; ANT\u00d3NIO GUTERRES. N\u00e1\u0161 sv\u011bt \u010del\u00ed v\u00fdzv\u00e1m na v\u0161ech front\u00e1ch. Organizace spojen\u00fdch n\u00e1rod\u016f nebyla nikdy pot\u0159ebn\u011bj\u0161\u00ed. Na\u0161e hodnoty nebyly nikdy d\u016fle\u017eit\u011bj\u0161\u00ed\u2026 A pot\u0159eby nebyly nikdy v\u011bt\u0161\u00ed. Iniciativa UN80\u2026 m\u00e1 l\u00e9pe slou\u017eit lidem, jejich\u017e \u017eivoty na n\u00e1s z\u00e1vis\u00ed\u2026 zajistit spr\u00e1vn\u00e9 podm\u00ednky pro v\u0161echny, kte\u0159\u00ed slou\u017e\u00ed pod vlajkou OSN. Pot\u0159eba je velk\u00e1 a c\u00edl jasn\u00fd. <\/strong><\/p>\n\n\n\n<blockquote class=\"wp-block-quote is-layout-flow wp-block-quote-is-layout-flow\">\n<p><strong>&#8222;Mus\u00edme podporovat \u017eensk\u00e9 organizace v prvn\u00ed linii,&#8220; prohl\u00e1sil gener\u00e1ln\u00ed tajemn\u00edk Ant\u00f3nio Guterres ve sv\u00e9m poselstv\u00ed k Mezin\u00e1rodn\u00edmu dni \u017een. &#8222;A mus\u00edme investovat do program\u016f, kter\u00e9 ukon\u010d\u00ed n\u00e1sil\u00ed p\u00e1chan\u00e9 na \u017een\u00e1ch a podpo\u0159\u00ed za\u010dlen\u011bn\u00ed a vedouc\u00ed postaven\u00ed \u017een v ekonomice, digit\u00e1ln\u00edch technologi\u00edch, budov\u00e1n\u00ed m\u00edru a opat\u0159en\u00edch v oblasti klimatu.&#8220;<\/strong><\/p>\n<\/blockquote>\n\n\n\n<p><strong><a href=\"https:\/\/www.un.org\/sg\/en\" title=\"\">un.org\/<\/a>gnews.cz-jav<\/strong><\/p>\n","protected":false},"excerpt":{"rendered":"<p>OSN &#8211; ANT\u00d3NIO GUTERRES. N\u00e1\u0161 sv\u011bt \u010del\u00ed v\u00fdzv\u00e1m na v\u0161ech front\u00e1ch. Organizace spojen\u00fdch n\u00e1rod\u016f nebyla nikdy pot\u0159ebn\u011bj\u0161\u00ed. Na\u0161e hodnoty nebyly nikdy d\u016fle\u017eit\u011bj\u0161\u00ed\u2026&hellip;<\/p>\n","protected":false},"author":2,"featured_media":25367,"comment_status":"closed","ping_status":"closed","sticky":false,"template":"","format":"standard","meta":{"_acf_changed":false,"_lmt_disableupdate":"","_lmt_disable":"","footnotes":""},"categories":[7,2973],"tags":[674,10,148,17,41],"class_list":["post-25366","post","type-post","status-publish","format-standard","has-post-thumbnail","hentry","category-politika","category-zahranicni","tag-antonio-guterres","tag-news","tag-osn","tag-top","tag-world"],"acf":[],"aioseo_notices":[],"_links":{"self":[{"href":"https:\/\/gnews.cz\/cs_cz\/wp-json\/wp\/v2\/posts\/25366","targetHints":{"allow":["GET"]}}],"collection":[{"href":"https:\/\/gnews.cz\/cs_cz\/wp-json\/wp\/v2\/posts"}],"about":[{"href":"https:\/\/gnews.cz\/cs_cz\/wp-json\/wp\/v2\/types\/post"}],"author":[{"embeddable":true,"href":"https:\/\/gnews.cz\/cs_cz\/wp-json\/wp\/v2\/users\/2"}],"replies":[{"embeddable":true,"href":"https:\/\/gnews.cz\/cs_cz\/wp-json\/wp\/v2\/comments?post=25366"}],"version-history":[{"count":0,"href":"https:\/\/gnews.cz\/cs_cz\/wp-json\/wp\/v2\/posts\/25366\/revisions"}],"wp:featuredmedia":[{"embeddable":true,"href":"https:\/\/gnews.cz\/cs_cz\/wp-json\/wp\/v2\/media\/25367"}],"wp:attachment":[{"href":"https:\/\/gnews.cz\/cs_cz\/wp-json\/wp\/v2\/media?parent=25366"}],"wp:term":[{"taxonomy":"category","embeddable":true,"href":"https:\/\/gnews.cz\/cs_cz\/wp-json\/wp\/v2\/categories?post=25366"},{"taxonomy":"post_tag","embeddable":true,"href":"https:\/\/gnews.cz\/cs_cz\/wp-json\/wp\/v2\/tags?post=25366"}],"curies":[{"name":"wp","href":"https:\/\/api.w.org\/{rel}","templated":true}]}}