{"id":25508,"date":"2025-04-06T21:10:04","date_gmt":"2025-04-06T20:10:04","guid":{"rendered":"https:\/\/www.gnews.cz\/?p=25508"},"modified":"2025-04-12T21:41:40","modified_gmt":"2025-04-12T20:41:40","slug":"shrnuti-14-tydne-na-general-news-1-6-brezna","status":"publish","type":"post","link":"https:\/\/gnews.cz\/cs_cz\/politika\/shrnuti-14-tydne-na-general-news-1-6-brezna\/","title":{"rendered":"Shrnut\u00ed 14. t\u00fddne na General News (1.\u20136. dubna)"},"content":{"rendered":"\n<p>*<strong>1. dubna &#8211; \u010c\u00edna, Japonsko a Ji\u017en\u00ed Korea se dohodly, \u017ee budou \u010delit americk\u00fdm cl\u016fm, a usiluj\u00ed o pos\u00edlen\u00ed obchodn\u00edch vazeb &#8211; <\/strong>\u010c\u00edna, Japonsko a Ji\u017en\u00ed Korea se dohodly na koordinaci sv\u00e9 reakce na americk\u00e1 cla, informoval v pond\u011bl\u00ed \u00fa\u010det na soci\u00e1ln\u00edch s\u00edt\u00edch napojen\u00fd na \u010d\u00ednskou st\u00e1tn\u00ed televizi CCTV. <strong>(V\u00edce <a href=\"https:\/\/www.gnews.cz\/cs_cz\/politika\/cina-japonsko-a-jizni-korea-se-dohodly-ze-budou-celit-americkym-clum-a-usiluji-o-posileni-obchodnich-vazeb\/\" title=\"\">zde)<\/a><\/strong><\/p>\n\n\n\n<p>*<strong>1. dubna &#8211; Le Penov\u00e1 odsouzena ke \u010dty\u0159em let\u016fm v\u011bzen\u00ed a p\u011btilet\u00e9mu z\u00e1kazu \u010dinnosti ve volb\u00e1ch<\/strong> <strong>&#8211;<\/strong> PA\u0158\u00cd\u017d, 31. b\u0159ezna. \u0160\u00e9fka parlamentn\u00ed frakce N\u00e1rodn\u00edho sjednocen\u00ed Marine Le Penov\u00e1 byla podle rozhodnut\u00ed pa\u0159\u00ed\u017esk\u00e9ho soudu v kauze poslaneck\u00fdch asistent\u016f odsouzena ke \u010dty\u0159em let\u016fm v\u011bzen\u00ed a okam\u017eit\u00e9 ztr\u00e1t\u011b volebn\u00edho pr\u00e1va na p\u011bt let. <strong>(V\u00edce <a href=\"https:\/\/www.gnews.cz\/cs_cz\/tema\/le-penova-odsouzena-ke-ctyrem-letum-vezeni-a-petiletemu-zakazu-cinnosti-ve-volbach\/\" title=\"\">zde<\/a>)<\/strong><\/p>\n\n\n\n<p>*<strong>2. dubna &#8211; Viktor Orb\u00e1n: Brusel se p\u0159ipravuje na v\u00e1lku, Ma\u010farsko z\u016fstane na stran\u011b m\u00edru &#8211;<\/strong> BUDAPE\u0160\u0164 \u2013 (MTI) Brusel se p\u0159ipravuje na v\u00e1lku, ale v\u00e1lka nehroz\u00ed a Ma\u010farsko z\u016fstane na stran\u011b m\u00edru, \u0159ekl v p\u00e1tek v po\u0159adu Dobr\u00e9 r\u00e1no Ma\u010farsko v r\u00e1diu Kossuth p\u0159edseda ma\u010farsk\u00e9 vl\u00e1dy s odkazem na n\u00e1vrh Evropsk\u00e9 komise poskytnout obyvatel\u016fm EU 72hodinovou rezervu pro p\u0159\u00edpad nouze. <strong>(V\u00edce <a href=\"https:\/\/www.gnews.cz\/cs_cz\/politika\/viktor-orban-brusel-se-pripravuje-na-valku-madarsko-zustane-na-strane-miru\/\" title=\"\">zde<\/a>)<\/strong><\/p>\n\n\n\n<p>*<strong>3. dubna &#8211; Izraelsk\u00fd v\u016fdce Netanjahu nav\u0161t\u00edvil Ma\u010farsko, vzdor mezin\u00e1rodn\u00edmu zatyka\u010d i &#8211; <\/strong>BUDAPE\u0160\u0164 \u2013 (KAP) \u2013 Izraelsk\u00fd premi\u00e9r Benjamin Netanjahu m\u00e1 ve st\u0159edu p\u0159ijel do Ma\u010farska, aby se setkal s tamn\u00edm nacionalistick\u00fdm premi\u00e9rem, p\u0159esto\u017ee je na izraelsk\u00e9ho v\u016fdce vyd\u00e1n mezin\u00e1rodn\u00ed zatyka\u010d kv\u016fli v\u00e1lce v p\u00e1smu Gazy. <strong>(V\u00edce <a href=\"https:\/\/www.gnews.cz\/cs_cz\/politika\/izraelsky-vudce-netanjahu-navstivi-madarsko-vzdor-mezinarodnimu-zatykaci\/\" title=\"\">zde<\/a>)<\/strong><\/p>\n\n\n\n<p>*<strong>4. dubna &#8211; Denn\u00ed ekonomick\u00e9 zpr\u00e1vy z \u010cesk\u00e9 republiky: J&amp;T Banka, EXPO, Genesis Capital, Brano Group, Koh-i-noor, Apple (4. 4. 2025) <\/strong>&#8211; \u010cesk\u00e9 spole\u010dnosti pokra\u010duj\u00ed v expanzi\u00a0na zahrani\u010dn\u00ed trhy.\u00a0Brano Group, nadn\u00e1rodn\u00ed skupina s v\u00fdrobn\u00edmi z\u00e1vody mimo jin\u00e9 v Detroitu, Jihoafrick\u00e9 republice a \u010c\u00edn\u011b, p\u0159edala veden\u00ed V\u00e1clavu Ju\u0159\u00ed\u010dkovi, synovi zakladatele Pavla Ju\u0159\u00ed\u010dka. Pavel Ju\u0159\u00ed\u010dek nad\u00e1le kontroluje investi\u010dn\u00ed aktivity a vod\u00edkov\u00e9 projekty spole\u010dnosti. <strong>(V\u00edce <a href=\"https:\/\/www.gnews.cz\/cs_cz\/ekonomika\/denni-ekonomicke-zpravy-z-ceske-republiky-jt-banka-expo-genesis-capital-brano-group-koh-i-noor-apple-4-4-2025\/\" title=\"\">zde<\/a>)<\/strong><\/p>\n\n\n\n<p>*<strong>5. dubna &#8211; Kapit\u00e1n Washingtonu Capitals Alexandr Ove\u010dkin vyrovnal rekord \u00fato\u010dn\u00edka Wayna Gretzkyho v po\u010dtu vst\u0159elen\u00fdch branek<\/strong> &#8211; WASHINGTON, 5. dubna. Rusk\u00fd superhv\u011bzdn\u00fd \u00fato\u010dn\u00edk a kapit\u00e1n Washingtonu Capitals Alexandr Ove\u010dkin vyrovnal rekord kanadsk\u00e9ho \u00fato\u010dn\u00edka Wayna Gretzkyho v po\u010dtu vst\u0159elen\u00fdch branek v z\u00e1kladn\u00ed \u010d\u00e1sti National Hockey League (NHL). V dom\u00e1c\u00edm utk\u00e1n\u00ed proti Chicagu (5:3) se Ove\u010dkin trefil dvakr\u00e1t. <strong> (V\u00edce <a href=\"https:\/\/www.gnews.cz\/cs_cz\/tema\/kapitan-washingtonu-capitals-alexandr-oveckin-vyrovnal-rekord-kanadskeho-utocnika-wayna-gretzkyho-v-poctu-vstrelenych-branek\/\" title=\"\">zde<\/a>)<\/strong><\/p>\n\n\n\n<p>*<strong>6. dubna &#8211; Rusk\u00e1 vakc\u00edna proti rakovin\u011b bude zdarma \u2013 \u0161pi\u010dkov\u00fd onkolog. Jej\u00ed uveden\u00ed do b\u011b\u017en\u00e9ho ob\u011bhu se pl\u00e1nuje na za\u010d\u00e1tek roku 2025 &#8211; <\/strong>MOSKVA \u2013 Rusko vyvinulo vlastn\u00ed mRNA vakc\u00ednu proti rakovin\u011b, pacient\u016fm bude distribuov\u00e1na zcela zdarma, uvedl pro rozhlasovou stanici Rossija gener\u00e1ln\u00ed \u0159editel Radiologick\u00e9ho l\u00e9ka\u0159sk\u00e9ho v\u00fdzkumn\u00e9ho centra rusk\u00e9ho ministerstva zdravotnictv\u00ed Andrej Kaprin. <strong>(V\u00edce <a href=\"https:\/\/www.gnews.cz\/cs_cz\/tema\/ruska-vakcina-proti-rakovine-bude-zdarma-spickovy-onkolog-jeji-uvedeni-do-bezneho-obehu-se-planuje-na-zacatek-roku-2025\/\" title=\"\">zde<\/a>)<\/strong><\/p>\n\n\n\n<p><strong>gnews.cz<\/strong><\/p>\n","protected":false},"excerpt":{"rendered":"<p>*1. dubna &#8211; \u010c\u00edna, Japonsko a Ji\u017en\u00ed Korea se dohodly, \u017ee budou \u010delit americk\u00fdm cl\u016fm, a usiluj\u00ed o pos\u00edlen\u00ed obchodn\u00edch vazeb &#8211;&hellip;<\/p>\n","protected":false},"author":2,"featured_media":16892,"comment_status":"closed","ping_status":"closed","sticky":false,"template":"","format":"standard","meta":{"_acf_changed":false,"_lmt_disableupdate":"","_lmt_disable":"","footnotes":""},"categories":[7,1376],"tags":[10,1375,17,41],"class_list":["post-25508","post","type-post","status-publish","format-standard","has-post-thumbnail","hentry","category-politika","category-tyden-na-general-news","tag-news","tag-tyden-na-general-news","tag-top","tag-world"],"acf":[],"aioseo_notices":[],"_links":{"self":[{"href":"https:\/\/gnews.cz\/cs_cz\/wp-json\/wp\/v2\/posts\/25508","targetHints":{"allow":["GET"]}}],"collection":[{"href":"https:\/\/gnews.cz\/cs_cz\/wp-json\/wp\/v2\/posts"}],"about":[{"href":"https:\/\/gnews.cz\/cs_cz\/wp-json\/wp\/v2\/types\/post"}],"author":[{"embeddable":true,"href":"https:\/\/gnews.cz\/cs_cz\/wp-json\/wp\/v2\/users\/2"}],"replies":[{"embeddable":true,"href":"https:\/\/gnews.cz\/cs_cz\/wp-json\/wp\/v2\/comments?post=25508"}],"version-history":[{"count":0,"href":"https:\/\/gnews.cz\/cs_cz\/wp-json\/wp\/v2\/posts\/25508\/revisions"}],"wp:featuredmedia":[{"embeddable":true,"href":"https:\/\/gnews.cz\/cs_cz\/wp-json\/wp\/v2\/media\/16892"}],"wp:attachment":[{"href":"https:\/\/gnews.cz\/cs_cz\/wp-json\/wp\/v2\/media?parent=25508"}],"wp:term":[{"taxonomy":"category","embeddable":true,"href":"https:\/\/gnews.cz\/cs_cz\/wp-json\/wp\/v2\/categories?post=25508"},{"taxonomy":"post_tag","embeddable":true,"href":"https:\/\/gnews.cz\/cs_cz\/wp-json\/wp\/v2\/tags?post=25508"}],"curies":[{"name":"wp","href":"https:\/\/api.w.org\/{rel}","templated":true}]}}