{"id":26290,"date":"2025-04-22T05:21:33","date_gmt":"2025-04-22T04:21:33","guid":{"rendered":"https:\/\/www.gnews.cz\/?p=26290"},"modified":"2025-04-28T18:09:17","modified_gmt":"2025-04-28T17:09:17","slug":"cina-rika-ze-se-stavi-proti-jakymkoli-celnim-dohodam-na-ukor-vlastnich-zajmu","status":"publish","type":"post","link":"https:\/\/gnews.cz\/cs_cz\/ekonomika\/cina-rika-ze-se-stavi-proti-jakymkoli-celnim-dohodam-na-ukor-vlastnich-zajmu\/","title":{"rendered":"\u010c\u00edna \u0159\u00edk\u00e1, \u017ee se stav\u00ed proti jak\u00fdmkoli celn\u00edm dohod\u00e1m na \u00fakor vlastn\u00edch z\u00e1jm\u016f"},"content":{"rendered":"\n<p><strong>Mluv\u010d\u00ed \u010d\u00ednsk\u00e9ho ministerstva obchodu uvedl, \u017ee \u010c\u00edna rozhodn\u011b nesouhlas\u00ed s jakoukoli dohodou mezi Spojen\u00fdmi st\u00e1ty a jejich obchodn\u00edmi partnery, kter\u00e1 by byla uzav\u0159ena na \u00fakor \u010d\u00ednsk\u00fdch z\u00e1jm\u016f.<\/strong><\/p>\n\n\n\n<p>Pokud takov\u00e1 situace nastane, \u010c\u00edna ji nep\u0159ijme a rozhodn\u011b p\u0159ijme odpov\u00eddaj\u00edc\u00ed protiopat\u0159en\u00ed, uvedl mluv\u010d\u00ed ve sv\u00e9m prohl\u00e1\u0161en\u00ed a dodal, \u017ee zem\u011b m\u00e1 jak odhodl\u00e1n\u00ed, tak schopnosti chr\u00e1nit sv\u00e1 legitimn\u00ed pr\u00e1va a z\u00e1jmy.<\/p>\n\n\n\n<p>Tato slova zazn\u011bla v reakci na zpr\u00e1vy, \u017ee Spojen\u00e9 st\u00e1ty se p\u0159ipravuj\u00ed vyv\u00edjet tlak na jin\u00e9 zem\u011b, aby omezily obchodn\u00ed vazby s \u010c\u00ednou v\u00fdm\u011bnou za celn\u00ed v\u00fdjimky.<\/p>\n\n\n\n<p>Pod rou\u0161kou takzvan\u00e9 \u201ereciprocity\u201c Spojen\u00e9 st\u00e1ty v posledn\u00ed dob\u011b libovoln\u011b uvaluj\u00ed cla na v\u0161echny sv\u00e9 obchodn\u00ed partnery a z\u00e1rove\u0148 je n\u00e1tlakem nut\u00ed vstupovat do tzv. \u201erecipro\u010dn\u00edch celn\u00edch vyjedn\u00e1v\u00e1n\u00ed\u201c, \u0159ekl mluv\u010d\u00ed.<\/p>\n\n\n\n<blockquote class=\"wp-block-quote is-layout-flow wp-block-quote-is-layout-flow\">\n<p><em>\u201eVe skute\u010dnosti jde o pou\u017e\u00edv\u00e1n\u00ed pojmu \u201areciprocita\u2018 jako z\u00e1minky k prosazov\u00e1n\u00ed hegemonistick\u00e9 politiky a jednostrann\u00e9ho zastra\u0161ov\u00e1n\u00ed v oblasti mezin\u00e1rodn\u00ed ekonomiky a obchodu,\u201c<\/em> uvedl d\u00e1le.<\/p>\n<\/blockquote>\n\n\n\n<p>Mluv\u010d\u00ed zd\u016fraznil, \u017ee \u00fastupky nep\u0159in\u00e1\u0161ej\u00ed m\u00edr, kompromis nevede k respektu a snahy vym\u011bnit z\u00e1jmy jin\u00fdch za celn\u00ed v\u00fdjimky jsou p\u0159edem odsouzeny k ne\u00fasp\u011bchu a nakonec po\u0161kod\u00ed v\u0161echny z\u00fa\u010dastn\u011bn\u00e9 strany.<\/p>\n\n\n\n<p>\u010c\u00edna podle n\u011bj respektuje v\u0161echny, kdo usiluj\u00ed o vy\u0159e\u0161en\u00ed sv\u00fdch obchodn\u00edch spor\u016f se Spojen\u00fdmi st\u00e1ty prost\u0159ednictv\u00edm rovnocenn\u00e9ho dialogu, a vyzval v\u0161echny strany, aby st\u00e1ly na stran\u011b spravedlnosti, postavily se na spr\u00e1vnou stranu historie a h\u00e1jily mezin\u00e1rodn\u00ed obchodn\u00ed pravidla a multilater\u00e1ln\u00ed obchodn\u00ed syst\u00e9m.<\/p>\n\n\n\n<p>Mluv\u010d\u00ed dodal, \u017ee v \u00e9\u0159e unilateralismu a protekcionismu nem\u016f\u017ee z\u016fstat \u017e\u00e1dn\u00e1 zem\u011b nedot\u010dena:<\/p>\n\n\n\n<blockquote class=\"wp-block-quote is-layout-flow wp-block-quote-is-layout-flow\">\n<p><em>\u201eJakmile se mezin\u00e1rodn\u00ed obchod vr\u00e1t\u00ed k z\u00e1konu d\u017eungle, kde siln\u00ed po\u017e\u00edraj\u00ed slab\u00e9, budou trp\u011bt v\u0161echny zem\u011b,\u201c <\/em>\u0159ekl.<\/p>\n<\/blockquote>\n\n\n\n<p>Dodal, \u017ee \u010c\u00edna je p\u0159ipravena spolupracovat se v\u0161emi stranami na pos\u00edlen\u00ed solidarity a koordinace, spole\u010dn\u011b se postavit proti jednostrann\u00e9mu zastra\u0161ov\u00e1n\u00ed, chr\u00e1nit legitimn\u00ed pr\u00e1va a z\u00e1jmy a h\u00e1jit mezin\u00e1rodn\u00ed spravedlnost a rovnost.<\/p>\n\n\n\n<p><strong><a href=\"https:\/\/news.cgtn.com\/news\/2025-04-21\/China-says-it-opposes-any-tariff-deals-at-expense-of-own-interests-1CKmrsxL8hG\/p.html\" title=\"\">CMG<\/a>\/gnews.cz<\/strong><\/p>\n","protected":false},"excerpt":{"rendered":"<p>Mluv\u010d\u00ed \u010d\u00ednsk\u00e9ho ministerstva obchodu uvedl, \u017ee \u010c\u00edna rozhodn\u011b nesouhlas\u00ed s jakoukoli dohodou mezi Spojen\u00fdmi st\u00e1ty a jejich obchodn\u00edmi partnery, kter\u00e1 by byla&hellip;<\/p>\n","protected":false},"author":6,"featured_media":26291,"comment_status":"closed","ping_status":"closed","sticky":false,"template":"","format":"standard","meta":{"_acf_changed":false,"_lmt_disableupdate":"","_lmt_disable":"","footnotes":""},"categories":[4],"tags":[22,1305,18,2421,38],"class_list":["post-26290","post","type-post","status-publish","format-standard","has-post-thumbnail","hentry","category-ekonomika","tag-cina","tag-cla","tag-cmg","tag-obchod","tag-usa"],"acf":[],"aioseo_notices":[],"_links":{"self":[{"href":"https:\/\/gnews.cz\/cs_cz\/wp-json\/wp\/v2\/posts\/26290","targetHints":{"allow":["GET"]}}],"collection":[{"href":"https:\/\/gnews.cz\/cs_cz\/wp-json\/wp\/v2\/posts"}],"about":[{"href":"https:\/\/gnews.cz\/cs_cz\/wp-json\/wp\/v2\/types\/post"}],"author":[{"embeddable":true,"href":"https:\/\/gnews.cz\/cs_cz\/wp-json\/wp\/v2\/users\/6"}],"replies":[{"embeddable":true,"href":"https:\/\/gnews.cz\/cs_cz\/wp-json\/wp\/v2\/comments?post=26290"}],"version-history":[{"count":0,"href":"https:\/\/gnews.cz\/cs_cz\/wp-json\/wp\/v2\/posts\/26290\/revisions"}],"wp:featuredmedia":[{"embeddable":true,"href":"https:\/\/gnews.cz\/cs_cz\/wp-json\/wp\/v2\/media\/26291"}],"wp:attachment":[{"href":"https:\/\/gnews.cz\/cs_cz\/wp-json\/wp\/v2\/media?parent=26290"}],"wp:term":[{"taxonomy":"category","embeddable":true,"href":"https:\/\/gnews.cz\/cs_cz\/wp-json\/wp\/v2\/categories?post=26290"},{"taxonomy":"post_tag","embeddable":true,"href":"https:\/\/gnews.cz\/cs_cz\/wp-json\/wp\/v2\/tags?post=26290"}],"curies":[{"name":"wp","href":"https:\/\/api.w.org\/{rel}","templated":true}]}}