{"id":27699,"date":"2025-05-18T20:11:09","date_gmt":"2025-05-18T19:11:09","guid":{"rendered":"https:\/\/www.gnews.cz\/?p=27699"},"modified":"2025-05-18T21:03:49","modified_gmt":"2025-05-18T20:03:49","slug":"shrnuti-20-tydne-na-general-news-12-kvetna-18-kvetna","status":"publish","type":"post","link":"https:\/\/gnews.cz\/cs_cz\/tema\/shrnuti-20-tydne-na-general-news-12-kvetna-18-kvetna\/","title":{"rendered":"Shrnut\u00ed 20. t\u00fddne na General News (12. kv\u011btna \u2013 18. kv\u011btna)"},"content":{"rendered":"\n<p><strong>12. kv\u011btna &#8211; Evropa by m\u011bla b\u00fdt obranyschopn\u00e1, uvedl \u010desk\u00fd prezident<\/strong><\/p>\n\n\n\n<p>\u010cesk\u00fd prezident Petr Pavel zah\u00e1jil konferenci <em>Evropa jako \u00fakol<\/em> ve \u0160pan\u011blsk\u00e9m s\u00e1le Pra\u017esk\u00e9ho hradu, kde zd\u016fraznil pot\u0159ebu siln\u00e9 a sob\u011bsta\u010dn\u00e9 Evropy. Pavel tak\u00e9 zd\u016fraznil nutnost debat o navy\u0161ov\u00e1n\u00ed obrann\u00fdch rozpo\u010dt\u016f: <em>\u201eZa nevyhnuteln\u00e9 pova\u017euji debaty navy\u0161ov\u00e1n\u00ed obrann\u00fdch rozpo\u010dt\u016f.\u201c<\/em> Kl\u00ed\u010dem v\u0161ak podle n\u011bj z\u016fst\u00e1v\u00e1 efektivn\u00ed vyu\u017eit\u00ed prost\u0159edk\u016f. <strong>(V\u00edce <a href=\"https:\/\/www.gnews.cz\/cs_cz\/politika\/evropa-by-mela-byt-obranyschopna-uvedl-cesky-prezident\/\" title=\"\">zde<\/a>)<\/strong><\/p>\n\n\n\n<p><strong>13. kv\u011btna &#8211; The New York Times: Evrop\u0161t\u00ed spot\u0159ebitel\u00e9 za\u010d\u00ednaj\u00ed bojkotovat americk\u00e9 zbo\u017e\u00ed<\/strong><\/p>\n\n\n\n<p>List New York Times ned\u00e1vno uvedl, \u017ee st\u00e1le v\u00edce evropsk\u00fdch spot\u0159ebitel\u016f se rozhoduje bojkotovat americk\u00e9 zbo\u017e\u00ed bez ohledu na cenu, co\u017e se tak\u00e9 stalo dlouhodob\u00fdm struktur\u00e1ln\u00edm posunem. Evropsk\u00e9 prodeje Tesly se v dubnu propadly o 81 % a majitel\u00e9 Tesly ve \u0160v\u00e9dsku si na sv\u00e1 auta lep\u00ed samolepky s n\u00e1pisem \u201ehanba\u201c. V N\u011bmecku a It\u00e1lii se objevily aplikace, kter\u00e9 skenuj\u00ed potraviny, potraviny a oble\u010den\u00ed, identifikuj\u00ed americk\u00e9 produkty a p\u0159\u00edmo doporu\u010duj\u00ed evropsk\u00e9 alternativy. <strong>(V\u00edce <a href=\"https:\/\/www.gnews.cz\/cs_cz\/ekonomika\/the-new-york-times-evropsti-spotrebitele-zacinaji-bojkotovat-americke-zbozi\/\" title=\"\">zde<\/a>)<\/strong><\/p>\n\n\n\n<p><strong>14. kv\u011btna &#8211; Meta 4500 dolar\u016f za unci zlata nemus\u00ed b\u00fdt daleko. Co m\u016f\u017ee trh zchladit?<\/strong><\/p>\n\n\n\n<p>Trh se zlatem m\u00e1 za sebou nejlep\u0161\u00ed \u010dtvrtlet\u00ed za uplynul\u00fdch 39 let. Podle dostupn\u00fdch anal\u00fdz ale je\u0161t\u011b nemus\u00ed cesta drah\u00e9ho kovu vzh\u016fru zdaleka kon\u010dit \u2013 naopak. Ve h\u0159e jsou sc\u00e9n\u00e1\u0159e, kter\u00e9 by mohly cenu zlata b\u011bhem n\u00e1sleduj\u00edc\u00edho roku vyn\u00e9st a\u017e na \u00farove\u0148 4500 americk\u00fdch dolar\u016f za unci. <strong>(V\u00edce <a href=\"https:\/\/www.gnews.cz\/cs_cz\/ekonomika\/meta-4500-dolaru-za-unci-zlata-nemusi-byt-daleko-co-muze-trh-zchladit\/\" title=\"\">zde<\/a>)<\/strong><\/p>\n\n\n\n<p><strong>15. kv\u011btna &#8211; Xi a Boric: \u010c\u00edna a Chile cht\u011bj\u00ed spole\u010dn\u011b h\u00e1jit z\u00e1jmy Glob\u00e1ln\u00edho Jihu a prohloubit strategick\u00e9 partnerstv\u00ed<\/strong><\/p>\n\n\n\n<p>\u010c\u00ednsk\u00fd prezident Xi Jinping se ve st\u0159edu v Pekingu setkal s chilsk\u00fdm prezidentem Gabrielem Boricem, kter\u00fd se \u00fa\u010dastn\u00ed \u010dtvrt\u00e9ho ministersk\u00e9ho jedn\u00e1n\u00ed F\u00f3ra \u010c\u00edna\u2013CELAC. Sch\u016fzka se konala v roce, kdy ob\u011b zem\u011b slav\u00ed 55. v\u00fdro\u010d\u00ed nav\u00e1z\u00e1n\u00ed diplomatick\u00fdch vztah\u016f.<strong> (V\u00edce <a href=\"https:\/\/www.gnews.cz\/cs_cz\/politika\/xi-a-boric-cina-a-chile-chteji-spolecne-hajit-zajmy-globalniho-jihu-a-prohloubit-strategicke-partnerstvi\/\" title=\"\">zde<\/a>)<\/strong><\/p>\n\n\n\n<p><strong>16. kv\u011btna &#8211; K\u0159ehk\u00fd libyjsk\u00fd m\u00edr je op\u011bt na zkou\u0161ce, Tripolisem ot\u0159\u00e1saj\u00ed nov\u00e9 st\u0159ety<\/strong><\/p>\n\n\n\n<p>OSN \u2013 Za\u010d\u00e1tkem t\u00fddne vypukly v n\u011bkolika \u010dtvrt\u00edch libyjsk\u00e9ho hlavn\u00edho m\u011bsta st\u0159ety, kter\u00e9 \u00fadajn\u011b vyvolalo zabit\u00ed v\u00fdznamn\u00e9ho v\u016fdce milic\u00ed. Boje, do nich\u017e byly v hust\u011b obydlen\u00fdch oblastech zapojeny t\u011b\u017ek\u00e9 zbran\u011b, donutily stovky rodin k \u00fat\u011bku a zna\u010dn\u011b zat\u00ed\u017eily m\u00edstn\u00ed nemocnice. <strong>(V\u00edce <a href=\"https:\/\/www.gnews.cz\/cs_cz\/tema\/krehky-libyjsky-mir-je-opet-na-zkousce-tripolisem-otrasaji-nove-strety\/\" title=\"\">zde<\/a>)<\/strong><\/p>\n\n\n\n<p><strong>16. kv\u011btna &#8211; Jedn\u00e1n\u00ed Ruska a Ukrajiny v Istanbulu skon\u010dila bez pokroku, Rusko p\u0159edlo\u017eilo nep\u0159ijateln\u00e9 po\u017eadavky<\/strong><\/p>\n\n\n\n<p>V Istanbulu se uskute\u010dnila prvn\u00ed p\u0159\u00edm\u00e1 jedn\u00e1n\u00ed mezi delegacemi Ukrajiny a Ruska od b\u0159ezna 2022. Sch\u016fzka, zprost\u0159edkovan\u00e1 Tureckem, trvala necel\u00e9 dv\u011b hodiny a skon\u010dila bez pr\u016flomu, uvedly agentury Reuters a AFP s odvol\u00e1n\u00edm na tureck\u00e9 ministerstvo zahrani\u010d\u00ed.\u00a0Ukrajinsk\u00e1 diplomacie potvrdila agentu\u0159e Reuters ukon\u010den\u00ed rozhovor\u016f, zat\u00edmco rusk\u00e1 st\u00e1tn\u00ed agentura TASS hovo\u0159\u00ed o p\u0159est\u00e1vce s mo\u017enost\u00ed pokra\u010dov\u00e1n\u00ed. <strong>(V\u00edce <a href=\"https:\/\/www.gnews.cz\/cs_cz\/zahranicni\/jednani-ruska-a-ukrajiny-v-istanbulu-skoncila-bez-pokroku-rusko-predlozilo-neprijatelne-pozadavky\/\" title=\"\">zde<\/a>)<\/strong><\/p>\n\n\n\n<p><strong>17. kv\u011btna &#8211; Michelangelo Buonarroti \u2013 osam\u011bl\u00fd g\u00e9nius posedl\u00fd hled\u00e1n\u00edm dokonal\u00e9 kr\u00e1sy<\/strong><\/p>\n\n\n\n<p>P\u0159ed 550 lety se narodil\u00a0<strong>Michelangelo di Lodovico Buonarroti Simoni<\/strong>, jeden z nejzn\u00e1m\u011bj\u0161\u00edch p\u0159edstavitel\u016f vrcholn\u00e9 italsk\u00e9 renesance. M\u00e1lokter\u00fd um\u011blec se zapsal do d\u011bjin um\u011bn\u00ed tak v\u00fdrazn\u00fdm p\u00edsmem jako on. Proslavil se jako jedine\u010dn\u00fd socha\u0159, mal\u00ed\u0159, architekt a tak\u00e9 b\u00e1sn\u00edk. S\u00e1m se pokl\u00e1dal p\u0159edev\u0161\u00edm za socha\u0159e, je\u0161t\u011b mu nebylo t\u0159icet a u\u017e sta\u010dil vytesat z\u00a0mramoru dv\u011b nejslavn\u011bj\u0161\u00ed sochy v d\u011bjin\u00e1ch um\u011bn\u00ed,\u00a0<em>Pietu<\/em>\u00a0a\u00a0<em>Davida<\/em>.\u00a0<strong>(V\u00edce <a href=\"https:\/\/www.gnews.cz\/cs_cz\/kultura\/michelangelo-buonarroti-osamely-genius-posedly-hledanim-dokonale-krasy\/\" title=\"\">zde<\/a>)<\/strong><\/p>\n\n\n\n<p><strong>18. kv\u011btna &#8211; Evropa vol\u00ed: Kl\u00ed\u010dov\u00e9 prezidentsk\u00e9 volby v Rumunsku a Polsku<\/strong><\/p>\n\n\n\n<p>V Rumunsku a Polsku se konaj\u00ed prezidentsk\u00e9 volby, kter\u00e9 mohou z\u00e1sadn\u011b ovlivnit sm\u011b\u0159ov\u00e1n\u00ed t\u011bchto zem\u00ed i Evropsk\u00e9 unie. Rumunsko rozhoduje ve druh\u00e9m kole opakovan\u00fdch voleb, Polsko zahajuje prvn\u00ed kolo. Volby odr\u00e1\u017eej\u00ed nap\u011bt\u00ed mezi proevropsk\u00fdm sm\u011b\u0159ov\u00e1n\u00edm a rostouc\u00edm populismem, p\u0159i\u010dem\u017e se \u0159e\u0161\u00ed ot\u00e1zky n\u00e1rodn\u00ed identity, bezpe\u010dnosti a zahrani\u010dn\u00edho vlivu. <strong>(V\u00edce<a href=\"https:\/\/www.gnews.cz\/cs_cz\/politika\/evropa-voli-klicove-prezidentske-volby-v-rumunsku-a-polsku\/\" title=\"\"> zde<\/a>)<\/strong><\/p>\n\n\n\n<p><strong>gnews.cz-jav<\/strong><\/p>\n","protected":false},"excerpt":{"rendered":"<p>12. kv\u011btna &#8211; Evropa by m\u011bla b\u00fdt obranyschopn\u00e1, uvedl \u010desk\u00fd prezident \u010cesk\u00fd prezident Petr Pavel zah\u00e1jil konferenci Evropa jako \u00fakol ve \u0160pan\u011blsk\u00e9m&hellip;<\/p>\n","protected":false},"author":2,"featured_media":16892,"comment_status":"closed","ping_status":"closed","sticky":false,"template":"","format":"standard","meta":{"_acf_changed":false,"_lmt_disableupdate":"","_lmt_disable":"","footnotes":""},"categories":[2968,7,658,1,1376,2973],"tags":[1375,17,41],"class_list":["post-27699","post","type-post","status-publish","format-standard","has-post-thumbnail","hentry","category-domaci","category-politika","category-prectete-si","category-tema","category-tyden-na-general-news","category-zahranicni","tag-tyden-na-general-news","tag-top","tag-world"],"acf":[],"aioseo_notices":[],"_links":{"self":[{"href":"https:\/\/gnews.cz\/cs_cz\/wp-json\/wp\/v2\/posts\/27699","targetHints":{"allow":["GET"]}}],"collection":[{"href":"https:\/\/gnews.cz\/cs_cz\/wp-json\/wp\/v2\/posts"}],"about":[{"href":"https:\/\/gnews.cz\/cs_cz\/wp-json\/wp\/v2\/types\/post"}],"author":[{"embeddable":true,"href":"https:\/\/gnews.cz\/cs_cz\/wp-json\/wp\/v2\/users\/2"}],"replies":[{"embeddable":true,"href":"https:\/\/gnews.cz\/cs_cz\/wp-json\/wp\/v2\/comments?post=27699"}],"version-history":[{"count":0,"href":"https:\/\/gnews.cz\/cs_cz\/wp-json\/wp\/v2\/posts\/27699\/revisions"}],"wp:featuredmedia":[{"embeddable":true,"href":"https:\/\/gnews.cz\/cs_cz\/wp-json\/wp\/v2\/media\/16892"}],"wp:attachment":[{"href":"https:\/\/gnews.cz\/cs_cz\/wp-json\/wp\/v2\/media?parent=27699"}],"wp:term":[{"taxonomy":"category","embeddable":true,"href":"https:\/\/gnews.cz\/cs_cz\/wp-json\/wp\/v2\/categories?post=27699"},{"taxonomy":"post_tag","embeddable":true,"href":"https:\/\/gnews.cz\/cs_cz\/wp-json\/wp\/v2\/tags?post=27699"}],"curies":[{"name":"wp","href":"https:\/\/api.w.org\/{rel}","templated":true}]}}