{"id":27761,"date":"2025-05-19T11:55:00","date_gmt":"2025-05-19T10:55:00","guid":{"rendered":"https:\/\/www.gnews.cz\/?p=27761"},"modified":"2025-05-19T09:44:12","modified_gmt":"2025-05-19T08:44:12","slug":"prvni-summit-mezi-britanii-a-eu-od-brexitu-starmer-privita-spicky-unie-v-londyne","status":"publish","type":"post","link":"https:\/\/gnews.cz\/cs_cz\/tema\/prvni-summit-mezi-britanii-a-eu-od-brexitu-starmer-privita-spicky-unie-v-londyne\/","title":{"rendered":"Prvn\u00ed summit mezi Brit\u00e1ni\u00ed a EU od brexitu: Starmer p\u0159iv\u00edt\u00e1 \u0161pi\u010dky Unie v Lond\u00fdn\u011b"},"content":{"rendered":"\n<p><strong>LOND\u00ddN\/BRUSEL \u2013 19. kv\u011btna 2025 Britsk\u00fd premi\u00e9r Keir Starmer dnes host\u00ed historicky prvn\u00ed summit mezi Spojen\u00fdm kr\u00e1lovstv\u00edm a Evropskou uni\u00ed od odchodu Brit\u00e1nie z EU v roce 2020. Setk\u00e1n\u00ed se kon\u00e1 v Lond\u00fdn\u011b a m\u00e1 podle diplomatick\u00fdch kruh\u016f symbolizovat za\u010d\u00e1tek nov\u00e9 etapy ve vztaz\u00edch mezi b\u00fdval\u00fdmi partnery. Za Evropskou unii se summitu \u00fa\u010dastn\u00ed p\u0159edseda Evropsk\u00e9 rady Ant\u00f3nio Costa a p\u0159edsedkyn\u011b Evropsk\u00e9 komise Ursula von der Leyenov\u00e1. Jedn\u00e1n\u00ed se bude v\u011bnovat p\u0159edev\u0161\u00edm bezpe\u010dnostn\u00ed spolupr\u00e1ci, ekonomick\u00fdm vazb\u00e1m a spole\u010dn\u00fdm v\u00fdzv\u00e1m, jako jsou migrace, zm\u011bna klimatu a obrann\u00e1 politika.<\/strong><\/p>\n\n\n\n<blockquote class=\"wp-block-quote is-layout-flow wp-block-quote-is-layout-flow\">\n<p><strong>Jedn\u00edm z hlavn\u00edch o\u010dek\u00e1van\u00fdch v\u00fdstup\u016f je uzav\u0159en\u00ed nov\u00e9 bezpe\u010dnostn\u00ed dohody, kter\u00e1 by umo\u017enila t\u011bsn\u011bj\u0161\u00ed v\u00fdm\u011bnu zpravodajsk\u00fdch informac\u00ed, koordinaci v oblasti boje proti organizovan\u00e9mu zlo\u010dinu a p\u0159\u00edpadn\u011b i spolupr\u00e1ci v obrann\u00fdch projektech. Premi\u00e9r Starmer, kter\u00fd se dostal k moci s p\u0159\u00edslibem pragmatick\u00e9ho p\u0159\u00edstupu k EU, ozna\u010dil summit za \u201ep\u0159\u00edle\u017eitost k resetu a obnov\u011b d\u016fv\u011bry\u201c. Zd\u016fraznil p\u0159itom, \u017ee nejde o n\u00e1vrat k \u010dlenstv\u00ed v Unii, ale o vybudov\u00e1n\u00ed stabiln\u00edho a p\u0159edv\u00eddateln\u00e9ho partnerstv\u00ed.<\/strong><\/p>\n<\/blockquote>\n\n\n\n<p>Evropsk\u00e9 instituce se k summitu stav\u00ed pozitivn\u011b. \u201ePot\u0159ebujeme pevn\u00e1 a spolehliv\u00e1 partnerstv\u00ed, zejm\u00e9na s na\u0161imi bl\u00edzk\u00fdmi sousedy,\u201c uvedl Costa. Ursula von der Leyenov\u00e1 ozna\u010dila summit za \u201ekrok vp\u0159ed\u201c v evropsko-britsk\u00fdch vztaz\u00edch. Analytici hodnot\u00ed summit jako d\u016fle\u017eit\u00fd sign\u00e1l, \u017ee i po slo\u017eit\u00e9m obdob\u00ed po brexitu je mo\u017en\u00e1 konstruktivn\u00ed spolupr\u00e1ce. V\u00fdsledek jedn\u00e1n\u00ed by mohl m\u00edt dopad nejen na vztahy Lond\u00fdna s Bruselem, ale tak\u00e9 na \u0161ir\u0161\u00ed geopolitickou rovnov\u00e1hu v Evrop\u011b.<\/p>\n\n\n\n<p><strong>gnews.cz<\/strong> <strong>&#8211; GH<\/strong><\/p>\n","protected":false},"excerpt":{"rendered":"<p>LOND\u00ddN\/BRUSEL \u2013 19. kv\u011btna 2025 Britsk\u00fd premi\u00e9r Keir Starmer dnes host\u00ed historicky prvn\u00ed summit mezi Spojen\u00fdm kr\u00e1lovstv\u00edm a Evropskou uni\u00ed od odchodu&hellip;<\/p>\n","protected":false},"author":2,"featured_media":27762,"comment_status":"closed","ping_status":"closed","sticky":false,"template":"","format":"standard","meta":{"_acf_changed":false,"_lmt_disableupdate":"","_lmt_disable":"","footnotes":""},"categories":[7,1,2973],"tags":[1767,46,78,1220,448,10,17,533,225,41],"class_list":["post-27761","post","type-post","status-publish","format-standard","has-post-thumbnail","hentry","category-politika","category-tema","category-zahranicni","tag-antonio-costa","tag-eu","tag-evropa","tag-keir-starmer","tag-londyn","tag-news","tag-top","tag-ursula-von-der-leyenova","tag-velka-britanie","tag-world"],"acf":[],"aioseo_notices":[],"_links":{"self":[{"href":"https:\/\/gnews.cz\/cs_cz\/wp-json\/wp\/v2\/posts\/27761","targetHints":{"allow":["GET"]}}],"collection":[{"href":"https:\/\/gnews.cz\/cs_cz\/wp-json\/wp\/v2\/posts"}],"about":[{"href":"https:\/\/gnews.cz\/cs_cz\/wp-json\/wp\/v2\/types\/post"}],"author":[{"embeddable":true,"href":"https:\/\/gnews.cz\/cs_cz\/wp-json\/wp\/v2\/users\/2"}],"replies":[{"embeddable":true,"href":"https:\/\/gnews.cz\/cs_cz\/wp-json\/wp\/v2\/comments?post=27761"}],"version-history":[{"count":0,"href":"https:\/\/gnews.cz\/cs_cz\/wp-json\/wp\/v2\/posts\/27761\/revisions"}],"wp:featuredmedia":[{"embeddable":true,"href":"https:\/\/gnews.cz\/cs_cz\/wp-json\/wp\/v2\/media\/27762"}],"wp:attachment":[{"href":"https:\/\/gnews.cz\/cs_cz\/wp-json\/wp\/v2\/media?parent=27761"}],"wp:term":[{"taxonomy":"category","embeddable":true,"href":"https:\/\/gnews.cz\/cs_cz\/wp-json\/wp\/v2\/categories?post=27761"},{"taxonomy":"post_tag","embeddable":true,"href":"https:\/\/gnews.cz\/cs_cz\/wp-json\/wp\/v2\/tags?post=27761"}],"curies":[{"name":"wp","href":"https:\/\/api.w.org\/{rel}","templated":true}]}}