{"id":27830,"date":"2025-05-20T14:45:00","date_gmt":"2025-05-20T13:45:00","guid":{"rendered":"https:\/\/www.gnews.cz\/?p=27830"},"modified":"2025-05-20T11:32:11","modified_gmt":"2025-05-20T10:32:11","slug":"osn-od-rijna-2023-bylo-v-gaze-zabito-vice-nez-28-000-zen-a-divek","status":"publish","type":"post","link":"https:\/\/gnews.cz\/cs_cz\/politika\/osn-od-rijna-2023-bylo-v-gaze-zabito-vice-nez-28-000-zen-a-divek\/","title":{"rendered":"OSN: Od \u0159\u00edjna 2023 bylo v Gaze zabito v\u00edce ne\u017e 28 000 \u017een a d\u00edvek"},"content":{"rendered":"\n<p><strong>V\u00edce ne\u017e 28 000 \u017een a d\u00edvek bylo zabito p\u0159i izraelsk\u00fdch \u00fatoc\u00edch na p\u00e1smo Gazy od 7. \u0159\u00edjna 2023, kdy byly v enkl\u00e1v\u011b obnoveny bojov\u00e9 akce, uvedla humanit\u00e1rn\u00ed informa\u010dn\u00ed slu\u017eba ReliefWeb s odvol\u00e1n\u00edm na subjekt OSN Women zab\u00fdvaj\u00edc\u00ed se rovnost\u00ed pohlav\u00ed.<\/strong><\/p>\n\n\n\n<p><em>\u201eOSN \u017deny odhaduje, \u017ee od za\u010d\u00e1tku v\u00e1lky v \u0159\u00edjnu 2023 bylo v Gaze zabito v\u00edce ne\u017e 28 000 \u017een a d\u00edvek &#8211; to je v pr\u016fm\u011bru jedna \u017eena a jedna d\u00edvka zabit\u00e1 ka\u017edou hodinu p\u0159i \u00fatoc\u00edch izraelsk\u00fdch sil,\u201c<\/em> uv\u00e1d\u00ed se ve zpr\u00e1v\u011b. <em>\u201eMezi zabit\u00fdmi jsou tis\u00edce matek.\u201c<\/em><\/p>\n\n\n\n<blockquote class=\"wp-block-quote is-layout-flow wp-block-quote-is-layout-flow\">\n<p><em>\u201eOd zhroucen\u00ed p\u0159\u00edm\u011b\u0159\u00ed v b\u0159eznu 2025 se podm\u00ednky v Gaze d\u00e1le zhor\u0161ily,\u201c<\/em> uvedly UN Women a zd\u016fraznily, \u017ee situaci zhor\u0161ila blok\u00e1da humanit\u00e1rn\u00ed pomoci a \u017ee nyn\u00ed v\u00edce ne\u017e milion \u017een a d\u00edvek v enkl\u00e1v\u011b \u201a\u010del\u00ed katastrof\u00e1ln\u00ed \u00farovni hladu\u2018.<\/p>\n<\/blockquote>\n\n\n\n<p>Nap\u011bt\u00ed na Bl\u00edzk\u00e9m v\u00fdchod\u011b se vystup\u0148ovalo 7. \u0159\u00edjna 2023, kdy ozbrojenci radik\u00e1ln\u00edho palestinsk\u00e9ho hnut\u00ed Ham\u00e1s s\u00eddl\u00edc\u00edho v p\u00e1smu Gazy podnikli z Gazy p\u0159ekvapiv\u00fd \u00fatok na izraelsk\u00e9 \u00fazem\u00ed, p\u0159i n\u011bm\u017e zabili obyvatele izraelsk\u00fdch pohrani\u010dn\u00edch osad a zajali rukojm\u00ed. V odvet\u011b zah\u00e1jil Izrael v Gaze vojenskou kampa\u0148, jej\u00edm\u017e c\u00edlem bylo rozb\u00edt politickou a vojenskou infrastrukturu Ham\u00e1su a zajistit propu\u0161t\u011bn\u00ed rukojm\u00edch.<\/p>\n\n\n\n<p>Dne 18. b\u0159ezna 2025 izraelsk\u00e1 arm\u00e1da obnovila boje v Gaze, zah\u00e1jila intenzivn\u00ed \u00fadery na enkl\u00e1vu a poru\u0161ila tak p\u0159\u00edm\u011b\u0159\u00ed uzav\u0159en\u00e9 v lednu tohoto roku.<\/p>\n\n\n\n<p><strong><a href=\"https:\/\/tass.com\/world\/1960531\" title=\"\">TASS<\/a>\/gnews.cz &#8211; cik<\/strong><\/p>\n\n\n\n<p><\/p>\n","protected":false},"excerpt":{"rendered":"<p>V\u00edce ne\u017e 28 000 \u017een a d\u00edvek bylo zabito p\u0159i izraelsk\u00fdch \u00fatoc\u00edch na p\u00e1smo Gazy od 7. \u0159\u00edjna 2023, kdy byly v&hellip;<\/p>\n","protected":false},"author":6,"featured_media":14301,"comment_status":"closed","ping_status":"closed","sticky":false,"template":"","format":"standard","meta":{"_acf_changed":false,"_lmt_disableupdate":"","_lmt_disable":"","footnotes":""},"categories":[7,2973],"tags":[120,49,148,50,99,17],"class_list":["post-27830","post","type-post","status-publish","format-standard","has-post-thumbnail","hentry","category-politika","category-zahranicni","tag-humanitarni-pomoc","tag-izrael","tag-osn","tag-palestina","tag-gaza","tag-top"],"acf":[],"aioseo_notices":[],"_links":{"self":[{"href":"https:\/\/gnews.cz\/cs_cz\/wp-json\/wp\/v2\/posts\/27830","targetHints":{"allow":["GET"]}}],"collection":[{"href":"https:\/\/gnews.cz\/cs_cz\/wp-json\/wp\/v2\/posts"}],"about":[{"href":"https:\/\/gnews.cz\/cs_cz\/wp-json\/wp\/v2\/types\/post"}],"author":[{"embeddable":true,"href":"https:\/\/gnews.cz\/cs_cz\/wp-json\/wp\/v2\/users\/6"}],"replies":[{"embeddable":true,"href":"https:\/\/gnews.cz\/cs_cz\/wp-json\/wp\/v2\/comments?post=27830"}],"version-history":[{"count":0,"href":"https:\/\/gnews.cz\/cs_cz\/wp-json\/wp\/v2\/posts\/27830\/revisions"}],"wp:featuredmedia":[{"embeddable":true,"href":"https:\/\/gnews.cz\/cs_cz\/wp-json\/wp\/v2\/media\/14301"}],"wp:attachment":[{"href":"https:\/\/gnews.cz\/cs_cz\/wp-json\/wp\/v2\/media?parent=27830"}],"wp:term":[{"taxonomy":"category","embeddable":true,"href":"https:\/\/gnews.cz\/cs_cz\/wp-json\/wp\/v2\/categories?post=27830"},{"taxonomy":"post_tag","embeddable":true,"href":"https:\/\/gnews.cz\/cs_cz\/wp-json\/wp\/v2\/tags?post=27830"}],"curies":[{"name":"wp","href":"https:\/\/api.w.org\/{rel}","templated":true}]}}