{"id":29489,"date":"2025-06-16T09:50:00","date_gmt":"2025-06-16T07:50:00","guid":{"rendered":"https:\/\/www.gnews.cz\/?p=29489"},"modified":"2025-06-29T22:28:42","modified_gmt":"2025-06-29T20:28:42","slug":"shrnuti-24-uplynuleho-tydne-na-general-news-9-kvetna-15-cervna-2025","status":"publish","type":"post","link":"https:\/\/gnews.cz\/cs_cz\/tema\/shrnuti-24-uplynuleho-tydne-na-general-news-9-kvetna-15-cervna-2025\/","title":{"rendered":"Shrnut\u00ed uplynul\u00e9ho 25 t\u00fddne na General News (9. \u010dervna \u2013 15. \u010dervna 2025)"},"content":{"rendered":"\n<ul class=\"wp-block-list\">\n<li><strong>09. \u010dervna 2025 &#8211; Los Angeles v nap\u011bt\u00ed: Protesty proti razi\u00edm ICE a N\u00e1rodn\u00ed gard\u011b pokra\u010duj\u00ed<\/strong><\/li>\n<\/ul>\n\n\n\n<blockquote class=\"wp-block-quote is-layout-flow wp-block-quote-is-layout-flow\">\n<p>Ulice Los Angeles z\u016fst\u00e1vaj\u00ed d\u011bji\u0161t\u011bm protest\u016f proti razi\u00edm Imigra\u010dn\u00edho a celn\u00edho \u00fa\u0159adu (ICE) a nasazen\u00ed N\u00e1rodn\u00ed gardy prezidentem Donaldem Trumpem. Nap\u011bt\u00ed mezi demonstranty, polici\u00ed a voj\u00e1ky nar\u016fst\u00e1, zat\u00edmco Kalifornie a feder\u00e1ln\u00ed vl\u00e1da se p\u0159ou o z\u00e1konnost t\u011bchto krok\u016f. <strong><a href=\"https:\/\/www.gnews.cz\/cs_cz\/zahranicni\/los-angeles-v-napeti-protesty-proti-raziim-ice-a-narodni-garde-pokracuji\/\" title=\"\">gnews.cz<\/a><\/strong><\/p>\n<\/blockquote>\n\n\n\n<ul class=\"wp-block-list\">\n<li><strong>10. \u010dervna 2025 &#8211; Popula\u010dn\u00ed fond OSN varuje p\u0159ed kriz\u00ed reproduk\u010dn\u00edch schopnost\u00ed, na vin\u011b je p\u0159edev\u0161\u00edm ekonomick\u00e1 situace<\/strong><\/li>\n<\/ul>\n\n\n\n<blockquote class=\"wp-block-quote is-layout-flow wp-block-quote-is-layout-flow\">\n<p>Popula\u010dn\u00ed fond OSN (UNFPA) varoval p\u0159ed kriz\u00ed \u201ereproduk\u010dn\u00ed schopnosti\u201c v souvislosti s klesaj\u00edc\u00ed porodnost\u00ed v mnoha \u010d\u00e1stech sv\u011bta. Miliony lid\u00ed nemohou m\u00edt tolik d\u011bt\u00ed, kolik by si p\u0159\u00e1li, nikoliv v\u0161ak z d\u016fvodu neochoty. Sp\u00ed\u0161e jim chyb\u00ed reproduk\u010dn\u00ed schopnost, proto\u017ee jim v rodi\u010dovstv\u00ed br\u00e1n\u00ed ekonomick\u00e9 a soci\u00e1ln\u00ed p\u0159ek\u00e1\u017eky. <strong><a href=\"https:\/\/www.gnews.cz\/cs_cz\/tema\/populacni-fond-osn-varuje-pred-krizi-reprodukcnich-schopnosti-na-vine-je-predevsim-ekonomicka-situace\/\" title=\"\">gnews.cz<\/a><\/strong><\/p>\n<\/blockquote>\n\n\n\n<ul class=\"wp-block-list\">\n<li><strong>11. \u010dervna 2025 &#8211; Lond\u00fdn \u2013 Obchodn\u00ed rozhovory USA a \u010c\u00edny dosp\u011bly k r\u00e1mcov\u00e9 dohod\u011b<\/strong><\/li>\n<\/ul>\n\n\n\n<blockquote class=\"wp-block-quote is-layout-flow wp-block-quote-is-layout-flow\">\n<p>LOND\u00ddN \u2013 V noci na dne\u0161ek skon\u010dilo kl\u00ed\u010dov\u00e9 kolo obchodn\u00edch jedn\u00e1n\u00ed mezi z\u00e1stupci Spojen\u00fdch st\u00e1t\u016f a \u010c\u00edny, jeho\u017e c\u00edlem bylo urovnat dlouhotrvaj\u00edc\u00ed obchodn\u00ed spor mezi ob\u011bma ekonomikami. S odkazem na vyj\u00e1d\u0159en\u00ed p\u0159edstavitel\u016f obou delegac\u00ed, jednac\u00ed t\u00fdmy dos\u00e1hly dohody na obecn\u00e9m r\u00e1mci, kter\u00fd by mohl v\u00e9st k definitivn\u00edmu urovn\u00e1n\u00ed nap\u011bt\u00ed. <strong><a href=\"https:\/\/www.gnews.cz\/cs_cz\/tema\/londyn-obchodni-rozhovory-usa-a-ciny-dospely-k-ramcove-dohode\/\" title=\"\">gnews.cz<\/a><\/strong><\/p>\n<\/blockquote>\n\n\n\n<ul class=\"wp-block-list\">\n<li><strong>12. \u010dervna 2025 &#8211; St\u00e1tn\u00ed program by se m\u011bl zam\u011b\u0159it na nejmodern\u011bj\u0161\u00ed zbran\u011b \u2013 Putin<\/strong><\/li>\n<\/ul>\n\n\n\n<blockquote class=\"wp-block-quote is-layout-flow wp-block-quote-is-layout-flow\">\n<p>MOSKVA, 11. \u010dervna. St\u00e1tn\u00ed zbrojn\u00ed program se mus\u00ed zam\u011b\u0159it na nejmodern\u011bj\u0161\u00ed exempl\u00e1\u0159e, prohl\u00e1sil rusk\u00fd prezident Vladimir Putin na sch\u016fzce o vyzbrojov\u00e1n\u00ed v Kremlu. <strong><a href=\"https:\/\/www.gnews.cz\/cs_cz\/tema\/statni-program-by-se-mel-zamerit-na-nejmodernejsi-zbrane-putin\/\" title=\"\">gnews.cz<\/a><\/strong><\/p>\n<\/blockquote>\n\n\n\n<ul class=\"wp-block-list\">\n<li><strong>13. \u010dervna 2025 &#8211; Izrael za\u00fato\u010dil na \u00cdr\u00e1n: Netanjahu uvedl, \u017ee c\u00edl operace je naru\u0161it \u00edr\u00e1nsk\u00fd jadern\u00fd program<\/strong><\/li>\n<\/ul>\n\n\n\n<blockquote class=\"wp-block-quote is-layout-flow wp-block-quote-is-layout-flow\">\n<p>TEHER\u00c1N \u2013 13. \u010dervna. Dnes ve\u010der izraelsk\u00e9 \u00fa\u0159ady ozn\u00e1mily \u00fadery proti \u00cdr\u00e1nu, v\u010detn\u011b jadern\u00fdch za\u0159\u00edzen\u00ed po cel\u00e9 zemi. Izraelsk\u00fd premi\u00e9r Benjamin Netanjahu uvedl, \u017ee c\u00edlem operace je naru\u0161it \u00edr\u00e1nsk\u00fd jadern\u00fd program, a varoval, \u017ee \u00fadery budou pokra\u010dovat. P\u0159i izraelsk\u00e9m leteck\u00e9m \u00fatoku byl zabit n\u00e1\u010deln\u00edk gener\u00e1ln\u00edho \u0161t\u00e1bu \u00edr\u00e1nsk\u00fdch ozbrojen\u00fdch sil Mohammad Bagheri. <strong><a href=\"https:\/\/www.gnews.cz\/cs_cz\/tema\/izrael-zautocil-na-iran-netanjahu-uvedl-ze-cil-operace-je-narusit-iransky-jaderny-program\/\" title=\"\">gnews.cz<\/a><\/strong><\/p>\n<\/blockquote>\n\n\n\n<ul class=\"wp-block-list\">\n<li><strong>14. \u010dervna 2025 &#8211; Montmartre\u00a0v p\u0159ekladu:\u00a0Hora mu\u010dedn\u00edk\u016f, je\u00a0kopec\u00a0v\u00a0Pa\u0159\u00ed\u017ei\u00a0a\u00a0historick\u00e1 \u010dtvr\u0165<\/strong><\/li>\n<\/ul>\n\n\n\n<p><strong>Montmartre\u00a0(v p\u0159ekladu:\u00a0Hora mu\u010dedn\u00edk\u016f) je\u00a0kopec\u00a0v\u00a0Pa\u0159\u00ed\u017ei\u00a0a\u00a0historick\u00e1 \u010dtvr\u0165, kter\u00e1 se na n\u011bm rozkl\u00e1d\u00e1. P\u016fvodn\u011b\u00a0samostatn\u00e1 obec\u00a0byla p\u0159ipojena k Pa\u0159\u00ed\u017ei v roce\u00a01860\u00a0a stala se sou\u010d\u00e1st\u00ed\u00a018. obvodu. Montmartre se nach\u00e1z\u00ed na severu m\u011bsta a je\u00a0nejvy\u0161\u0161\u00edm p\u0159irozen\u00fdm bodem v Pa\u0159\u00ed\u017ei. Jeho vrcholek ve v\u00fd\u0161i 130,53\u00a0m se nach\u00e1z\u00ed v prostoru\u00a0h\u0159bitova Calvaire\u00a0u\u00a0kostela Saint-Pierre de Montmartre. Na vrchol vede\u00a0lanovka\u00a0nebo\u00a0schodi\u0161t\u011b\u00a0o 222 schodech. Jedn\u00e1 se o jedno z nejv\u00fdznamn\u011bj\u0161\u00edch turistick\u00fdch m\u00edst v Pa\u0159\u00ed\u017ei.<\/strong> <strong><a href=\"https:\/\/www.gnews.cz\/cs_cz\/tema\/montmartre-v-prekladu-hora-mucedniku-je-kopec-v-parizi-a-historicka-ctvrt\/\" title=\"\">gnews.cz<\/a><\/strong><\/p>\n\n\n\n<ul class=\"wp-block-list\">\n<li><strong>15. \u010dervna 2025  &#8211; Rada bezpe\u010dnosti OSN uspo\u0159\u00e1dala nouzov\u00e9 zased\u00e1n\u00ed kv\u016fli izraelsko-\u00edr\u00e1nsk\u00e9mu konfliktu<\/strong><\/li>\n<\/ul>\n\n\n\n<blockquote class=\"wp-block-quote is-layout-flow wp-block-quote-is-layout-flow\">\n<p>Izraelsk\u00e9 \u00fatoky na \u00edr\u00e1nsk\u00e9 jadern\u00e9 a vojensk\u00e9 za\u0159\u00edzen\u00ed znamenaj\u00ed nebezpe\u010dnou novou eskalaci na Bl\u00edzk\u00e9m v\u00fdchod\u011b, \u0159ekl \u00fa\u0159edn\u00edk OSN Rad\u011b bezpe\u010dnosti b\u011bhem mimo\u0159\u00e1dn\u00e9ho zased\u00e1n\u00ed. Rada schv\u00e1lila p\u016fvodn\u00ed pl\u00e1n na \u0159e\u0161en\u00ed rychle se rozv\u00edjej\u00edc\u00ed krize a vyslechla tak\u00e9 \u0161\u00e9fa mezin\u00e1rodn\u00edho jadern\u00e9ho dohledn\u00e9ho org\u00e1nu podporovan\u00e9ho OSN, kter\u00fd varoval p\u0159ed v\u00e1\u017en\u00fdmi riziky pro region\u00e1ln\u00ed stabilitu a jadernou bezpe\u010dnost. <strong><a href=\"https:\/\/www.gnews.cz\/cs_cz\/politika\/rada-bezpecnosti-osn-usporadala-nouzove-zasedani-kvuli-izraelsko-iranskemu-konfliktu\/\" title=\"\">gnews.cz<\/a><\/strong><\/p>\n<\/blockquote>\n\n\n\n<p><strong><a href=\"https:\/\/www.gnews.cz\/cs_cz\/\" title=\"\">General News<\/a><\/strong><\/p>\n","protected":false},"excerpt":{"rendered":"<p>Ulice Los Angeles z\u016fst\u00e1vaj\u00ed d\u011bji\u0161t\u011bm protest\u016f proti razi\u00edm Imigra\u010dn\u00edho a celn\u00edho \u00fa\u0159adu (ICE) a nasazen\u00ed N\u00e1rodn\u00ed gardy prezidentem Donaldem Trumpem. Nap\u011bt\u00ed mezi&hellip;<\/p>\n","protected":false},"author":2,"featured_media":29490,"comment_status":"closed","ping_status":"closed","sticky":false,"template":"","format":"standard","meta":{"_acf_changed":false,"_lmt_disableupdate":"","_lmt_disable":"","footnotes":""},"categories":[2968,7,658,1,1376,2973],"tags":[45,22,46,78,10,26,17,38,41],"class_list":["post-29489","post","type-post","status-publish","format-standard","has-post-thumbnail","hentry","category-domaci","category-politika","category-prectete-si","category-tema","category-tyden-na-general-news","category-zahranicni","tag-cr","tag-cina","tag-eu","tag-evropa","tag-news","tag-rusko","tag-top","tag-usa","tag-world"],"acf":[],"aioseo_notices":[],"_links":{"self":[{"href":"https:\/\/gnews.cz\/cs_cz\/wp-json\/wp\/v2\/posts\/29489","targetHints":{"allow":["GET"]}}],"collection":[{"href":"https:\/\/gnews.cz\/cs_cz\/wp-json\/wp\/v2\/posts"}],"about":[{"href":"https:\/\/gnews.cz\/cs_cz\/wp-json\/wp\/v2\/types\/post"}],"author":[{"embeddable":true,"href":"https:\/\/gnews.cz\/cs_cz\/wp-json\/wp\/v2\/users\/2"}],"replies":[{"embeddable":true,"href":"https:\/\/gnews.cz\/cs_cz\/wp-json\/wp\/v2\/comments?post=29489"}],"version-history":[{"count":0,"href":"https:\/\/gnews.cz\/cs_cz\/wp-json\/wp\/v2\/posts\/29489\/revisions"}],"wp:featuredmedia":[{"embeddable":true,"href":"https:\/\/gnews.cz\/cs_cz\/wp-json\/wp\/v2\/media\/29490"}],"wp:attachment":[{"href":"https:\/\/gnews.cz\/cs_cz\/wp-json\/wp\/v2\/media?parent=29489"}],"wp:term":[{"taxonomy":"category","embeddable":true,"href":"https:\/\/gnews.cz\/cs_cz\/wp-json\/wp\/v2\/categories?post=29489"},{"taxonomy":"post_tag","embeddable":true,"href":"https:\/\/gnews.cz\/cs_cz\/wp-json\/wp\/v2\/tags?post=29489"}],"curies":[{"name":"wp","href":"https:\/\/api.w.org\/{rel}","templated":true}]}}