{"id":29629,"date":"2025-06-19T13:45:00","date_gmt":"2025-06-19T11:45:00","guid":{"rendered":"https:\/\/www.gnews.cz\/?p=29629"},"modified":"2025-06-19T10:17:59","modified_gmt":"2025-06-19T08:17:59","slug":"brusel-pripravuje-zakon-ktery-presouva-klimaticke-usili-eu-na-chudsi-zeme","status":"publish","type":"post","link":"https:\/\/gnews.cz\/cs_cz\/ekonomika\/brusel-pripravuje-zakon-ktery-presouva-klimaticke-usili-eu-na-chudsi-zeme\/","title":{"rendered":"Brusel p\u0159ipravuje z\u00e1kon, kter\u00fd p\u0159esouv\u00e1 klimatick\u00e9 \u00fasil\u00ed EU na chud\u0161\u00ed zem\u011b"},"content":{"rendered":"\n<p><strong>N\u00e1vrh novely Evropsk\u00e9ho klimatick\u00e9ho z\u00e1kona stanovuje c\u00edl sn\u00ed\u017een\u00ed emis\u00ed do roku 2040 o 90 % oproti \u00farovni z roku 1990, p\u0159i\u010dem\u017e umo\u017e\u0148uje zem\u00edm splnit \u010d\u00e1st c\u00edle sponzorov\u00e1n\u00edm klimatick\u00fdch projekt\u016f mimo EU, obvykle v chud\u0161\u00edch zem\u00edch. Komise zve\u0159ejn\u00ed fin\u00e1ln\u00ed n\u00e1vrh 2. \u010dervence, napsal server Politico.<\/strong><\/p>\n\n\n\n<p>N\u00e1vrh vych\u00e1z\u00ed z dohody n\u011bmeck\u00e9 vl\u00e1dn\u00ed koalice, kter\u00e1 navrhla omezit vyu\u017e\u00edv\u00e1n\u00ed uhl\u00edkov\u00fdch kredit\u016f na t\u0159i procentn\u00ed body celkov\u00e9ho c\u00edle. Podrobnosti n\u00e1vrhu, st\u00e1le diskutovan\u00e9ho, popsala pro Politico anonymn\u00ed osoba obezn\u00e1men\u00e1 s jeho obsahem.<\/p>\n\n\n\n<blockquote class=\"wp-block-quote is-layout-flow wp-block-quote-is-layout-flow\">\n<p>Uhl\u00edkov\u00e9 kredity by umo\u017enily EU, \u010dlensk\u00fdm st\u00e1t\u016fm nebo firm\u00e1m platit za sn\u00ed\u017een\u00ed emis\u00ed v zahrani\u010d\u00ed a zapo\u010d\u00edtat je do sv\u00fdch c\u00edl\u016f. Sou\u010dasn\u00e9 c\u00edle EU vy\u017eaduj\u00ed dom\u00e1c\u00ed opat\u0159en\u00ed, a kritici varuj\u00ed, \u017ee kredity by zpomalily dekarbonizaci v EU. P\u0159esto my\u0161lenka z\u00edsk\u00e1v\u00e1 podporu.<\/p>\n<\/blockquote>\n\n\n\n<p>Francouzsk\u00fd \u00fa\u0159edn\u00edk uvedl, \u017ee komisa\u0159 pro klima Wopke Hoekstra navrhl strop t\u0159i procenta, co\u017e Francie pova\u017euje za n\u00edzk\u00fd. <em>\u201eMohlo by to b\u00fdt v\u00edce,\u201c <\/em>\u0159ekl anonymn\u00ed zdroj. Dal\u0161\u00ed dva \u00fa\u0159edn\u00edci z EU potvrdili, \u017ee Komise zva\u017euje t\u0159iprocentn\u00ed limit, ale nen\u00ed potvrzen. Nizozemsk\u00fd den\u00edk De Volkskrant uvedl podobn\u00e9 \u010d\u00edslo.<\/p>\n\n\n\n<p>Hoekstra lobboval za kredity u n\u011bmeck\u00fdch koali\u010dn\u00edch partner\u016f, ale t\u0159\u00edprocentn\u00ed limit navrhlo N\u011bmecko. V\u011bdeck\u00e1 rada EU varuje, \u017ee kredity ohro\u017euj\u00ed integritu c\u00edl\u016f, a viceprezidentka Komise Teresa Ribera je skeptick\u00e1. Francie v\u0161ak vid\u00ed kredity jako \u00falevu pro pr\u016fmysl.<\/p>\n\n\n\n<blockquote class=\"wp-block-quote is-layout-flow wp-block-quote-is-layout-flow\">\n<p>Francie je otev\u0159en\u00e1 financov\u00e1n\u00ed p\u0159\u00edrodn\u00edch \u0159e\u0161en\u00ed i projekt\u016f, jako je nahrazen\u00ed uheln\u00fdch elektr\u00e1ren obnoviteln\u00fdmi zdroji. N\u011bmecko preferuje \u201etrval\u00e1\u201c sn\u00ed\u017een\u00ed emis\u00ed a odm\u00edt\u00e1 do\u010dasn\u00e9 projekty, nap\u0159\u00edklad s\u00e1zen\u00ed strom\u016f.<\/p>\n<\/blockquote>\n\n\n\n<p>Francouzsk\u00e1 ministryn\u011b <strong>Agn\u00e8s Pannier-Runacher<\/strong> uvedla, \u017ee kredity mohou kompenzovat pokles absorpce uhl\u00edku evropsk\u00fdmi lesy kv\u016fli vodn\u00edmu stresu a \u0161k\u016fdc\u016fm. Finsk\u00e1 ministryn\u011b <strong>Sari Multala<\/strong> souhlas\u00ed, \u017ee kredity mohou vyv\u00e1\u017eit ztr\u00e1tu uhl\u00edkov\u00fdch propad\u016f, proto\u017ee finsk\u00e9 lesy se staly zdrojem CO<sub>2<\/sub>.<\/p>\n\n\n\n<p>Finsko je des\u00e1tou zem\u00ed EU podporuj\u00edc\u00ed mezin\u00e1rodn\u00ed kredity, co\u017e zvy\u0161uje tlak na Komisi pro dohodu o c\u00edli pro rok 2040. <em>\u201eKredity by m\u011bly b\u00fdt posledn\u00ed mo\u017enost\u00ed, ale mo\u017en\u00e1 je budeme muset p\u0159ijmout,\u201c<\/em> \u0159ekla Multala.<\/p>\n\n\n\n<p><strong><a href=\"https:\/\/www.politico.eu\/article\/brussels-draft-law-outsourcing-eu-climate-efforts-to-poorer-countries-carbon-credits-sustainability-co2-environment\/\" title=\"\">Politico<\/a>\/gnews.cz &#8211; GH<\/strong><\/p>\n","protected":false},"excerpt":{"rendered":"<p>N\u00e1vrh novely Evropsk\u00e9ho klimatick\u00e9ho z\u00e1kona stanovuje c\u00edl sn\u00ed\u017een\u00ed emis\u00ed do roku 2040 o 90 % oproti \u00farovni z roku 1990, p\u0159i\u010dem\u017e umo\u017e\u0148uje&hellip;<\/p>\n","protected":false},"author":6,"featured_media":29630,"comment_status":"closed","ping_status":"closed","sticky":false,"template":"","format":"standard","meta":{"_acf_changed":false,"_lmt_disableupdate":"","_lmt_disable":"","footnotes":""},"categories":[2968,4,7,2973],"tags":[3611,46,1157,2077,17,1353],"class_list":["post-29629","post","type-post","status-publish","format-standard","has-post-thumbnail","hentry","category-domaci","category-ekonomika","category-politika","category-zahranicni","tag-emise","tag-eu","tag-evropska-komise","tag-klima","tag-top","tag-zivotni-prostredi"],"acf":[],"aioseo_notices":[],"_links":{"self":[{"href":"https:\/\/gnews.cz\/cs_cz\/wp-json\/wp\/v2\/posts\/29629","targetHints":{"allow":["GET"]}}],"collection":[{"href":"https:\/\/gnews.cz\/cs_cz\/wp-json\/wp\/v2\/posts"}],"about":[{"href":"https:\/\/gnews.cz\/cs_cz\/wp-json\/wp\/v2\/types\/post"}],"author":[{"embeddable":true,"href":"https:\/\/gnews.cz\/cs_cz\/wp-json\/wp\/v2\/users\/6"}],"replies":[{"embeddable":true,"href":"https:\/\/gnews.cz\/cs_cz\/wp-json\/wp\/v2\/comments?post=29629"}],"version-history":[{"count":0,"href":"https:\/\/gnews.cz\/cs_cz\/wp-json\/wp\/v2\/posts\/29629\/revisions"}],"wp:featuredmedia":[{"embeddable":true,"href":"https:\/\/gnews.cz\/cs_cz\/wp-json\/wp\/v2\/media\/29630"}],"wp:attachment":[{"href":"https:\/\/gnews.cz\/cs_cz\/wp-json\/wp\/v2\/media?parent=29629"}],"wp:term":[{"taxonomy":"category","embeddable":true,"href":"https:\/\/gnews.cz\/cs_cz\/wp-json\/wp\/v2\/categories?post=29629"},{"taxonomy":"post_tag","embeddable":true,"href":"https:\/\/gnews.cz\/cs_cz\/wp-json\/wp\/v2\/tags?post=29629"}],"curies":[{"name":"wp","href":"https:\/\/api.w.org\/{rel}","templated":true}]}}