{"id":29693,"date":"2025-06-20T07:26:00","date_gmt":"2025-06-20T05:26:00","guid":{"rendered":"https:\/\/www.gnews.cz\/?p=29693"},"modified":"2025-06-19T19:31:19","modified_gmt":"2025-06-19T17:31:19","slug":"sef-osn-vyzyva-k-deeskalaci-ktera-povede-k-primeri-v-izraelsko-iranskem-konfliktu","status":"publish","type":"post","link":"https:\/\/gnews.cz\/cs_cz\/politika\/sef-osn-vyzyva-k-deeskalaci-ktera-povede-k-primeri-v-izraelsko-iranskem-konfliktu\/","title":{"rendered":"\u0160\u00e9f OSN vyz\u00fdv\u00e1 k deeskalaci, kter\u00e1 povede k p\u0159\u00edm\u011b\u0159\u00ed v izraelsko-\u00edr\u00e1nsk\u00e9m konfliktu"},"content":{"rendered":"\n<p><strong>Gener\u00e1ln\u00ed tajemn\u00edk OSN Antonio Guterres vyzval k okam\u017eit\u00e9 deeskalaci izraelsko-\u00edr\u00e1nsk\u00e9ho konfliktu a n\u00e1sledn\u00e9mu p\u0159\u00edm\u011b\u0159\u00ed.<\/strong><\/p>\n\n\n\n<p><em>\u201eZ\u016fst\u00e1v\u00e1m hluboce znepokojen pokra\u010duj\u00edc\u00ed vojenskou eskalace na Bl\u00edzk\u00e9m v\u00fdchod\u011b mezi Izraelem a \u00cdr\u00e1nem. Opakuji svou v\u00fdzvu k okam\u017eit\u00e9 deeskalaci vedouc\u00ed k p\u0159\u00edm\u011b\u0159\u00ed,&#8220;<\/em> uvedl Guterres v prohl\u00e1\u0161en\u00ed.<\/p>\n\n\n\n<p>Varoval tak\u00e9 p\u0159ed roz\u0161\u00ed\u0159en\u00edm konfliktu do jin\u00fdch zem\u00ed. <em>\u201eD\u016frazn\u011b vyz\u00fdv\u00e1m v\u0161echny, aby se vyhnuli jak\u00e9koli dal\u0161\u00ed internacionalizaci konfliktu. Jak\u00e9koli dal\u0161\u00ed vojensk\u00e9 z\u00e1sahy by mohly m\u00edt obrovsk\u00e9 d\u016fsledky nejen pro ty, kte\u0159\u00ed se na tom pod\u00edleli, ale i pro cel\u00fd region a pro mezin\u00e1rodn\u00ed m\u00edr a bezpe\u010dnost jako celku.\u201c<\/em><\/p>\n\n\n\n<p>Guterres odsoudil \u00fatoky, kter\u00e9 zp\u016fsobily tragick\u00e9 a zbyte\u010dn\u00e9 ztr\u00e1ty \u017eivot\u016f a zran\u011bn\u00ed civilist\u016f a po\u0161kozen\u00ed dom\u016f a kritick\u00e9 civiln\u00ed infrastruktury.<\/p>\n\n\n\n<p>Diplomacie z\u016fst\u00e1v\u00e1 nejlep\u0161\u00edm a jedin\u00fdm zp\u016fsobem, jak \u0159e\u0161it obavy t\u00fdkaj\u00edc\u00ed se \u00edr\u00e1nsk\u00e9ho jadern\u00e9ho programu a region\u00e1ln\u00edch bezpe\u010dnostn\u00edch ot\u00e1zek, konstatoval.<\/p>\n\n\n\n<p><strong><a href=\"https:\/\/czech.cri.cn\/2025\/06\/19\/ARTI1750303517946945\" title=\"\">CMG<\/a><\/strong><\/p>\n","protected":false},"excerpt":{"rendered":"<p>Gener\u00e1ln\u00ed tajemn\u00edk OSN Antonio Guterres vyzval k okam\u017eit\u00e9 deeskalaci izraelsko-\u00edr\u00e1nsk\u00e9ho konfliktu a n\u00e1sledn\u00e9mu p\u0159\u00edm\u011b\u0159\u00ed. \u201eZ\u016fst\u00e1v\u00e1m hluboce znepokojen pokra\u010duj\u00edc\u00ed vojenskou eskalace na Bl\u00edzk\u00e9m&hellip;<\/p>\n","protected":false},"author":6,"featured_media":29694,"comment_status":"closed","ping_status":"closed","sticky":false,"template":"","format":"standard","meta":{"_acf_changed":false,"_lmt_disableupdate":"","_lmt_disable":"","footnotes":""},"categories":[7,2973],"tags":[3665,158,18,3244,49,3620,148],"class_list":["post-29693","post","type-post","status-publish","format-standard","has-post-thumbnail","hentry","category-politika","category-zahranicni","tag-antonio-guterres-2","tag-armada","tag-cmg","tag-iran-2","tag-izrael","tag-jaderna-hrozba","tag-osn"],"acf":[],"aioseo_notices":[],"_links":{"self":[{"href":"https:\/\/gnews.cz\/cs_cz\/wp-json\/wp\/v2\/posts\/29693","targetHints":{"allow":["GET"]}}],"collection":[{"href":"https:\/\/gnews.cz\/cs_cz\/wp-json\/wp\/v2\/posts"}],"about":[{"href":"https:\/\/gnews.cz\/cs_cz\/wp-json\/wp\/v2\/types\/post"}],"author":[{"embeddable":true,"href":"https:\/\/gnews.cz\/cs_cz\/wp-json\/wp\/v2\/users\/6"}],"replies":[{"embeddable":true,"href":"https:\/\/gnews.cz\/cs_cz\/wp-json\/wp\/v2\/comments?post=29693"}],"version-history":[{"count":0,"href":"https:\/\/gnews.cz\/cs_cz\/wp-json\/wp\/v2\/posts\/29693\/revisions"}],"wp:featuredmedia":[{"embeddable":true,"href":"https:\/\/gnews.cz\/cs_cz\/wp-json\/wp\/v2\/media\/29694"}],"wp:attachment":[{"href":"https:\/\/gnews.cz\/cs_cz\/wp-json\/wp\/v2\/media?parent=29693"}],"wp:term":[{"taxonomy":"category","embeddable":true,"href":"https:\/\/gnews.cz\/cs_cz\/wp-json\/wp\/v2\/categories?post=29693"},{"taxonomy":"post_tag","embeddable":true,"href":"https:\/\/gnews.cz\/cs_cz\/wp-json\/wp\/v2\/tags?post=29693"}],"curies":[{"name":"wp","href":"https:\/\/api.w.org\/{rel}","templated":true}]}}