{"id":30044,"date":"2025-06-26T13:30:00","date_gmt":"2025-06-26T11:30:00","guid":{"rendered":"https:\/\/www.gnews.cz\/?p=30044"},"modified":"2025-06-26T12:04:21","modified_gmt":"2025-06-26T10:04:21","slug":"summit-eu-v-bruselu-bez-rozhodnuti-o-clenstvi-ukrajiny-madarsko-bude-vetovat-rychly-proces","status":"publish","type":"post","link":"https:\/\/gnews.cz\/cs_cz\/politika\/summit-eu-v-bruselu-bez-rozhodnuti-o-clenstvi-ukrajiny-madarsko-bude-vetovat-rychly-proces\/","title":{"rendered":"Summit EU v Bruselu bez rozhodnut\u00ed o \u010dlenstv\u00ed Ukrajiny, Ma\u010farsko bude vetovat rychl\u00fd proces"},"content":{"rendered":"\n<p><strong>Na prob\u00edhaj\u00edc\u00edm summitu Evropsk\u00e9 unie v Bruselu se podle ma\u010farsk\u00e9ho premi\u00e9ra Viktora Orb\u00e1na neo\u010dek\u00e1vaj\u00ed \u017e\u00e1dn\u00e1 ofici\u00e1ln\u00ed rozhodnut\u00ed o p\u0159istoupen\u00ed Ukrajiny k EU. Orb\u00e1n p\u0159i p\u0159\u00edjezdu do belgick\u00e9 metropole zd\u016fraznil, \u017ee Ma\u010farsko, podporovan\u00e9 v\u00fdsledky ned\u00e1vn\u00e9ho referenda, kde 95 % ob\u010dan\u016f odm\u00edtlo rychl\u00e9 p\u0159ijet\u00ed Ukrajiny, bude tento proces blokovat.<\/strong><\/p>\n\n\n\n<blockquote class=\"wp-block-quote is-layout-flow wp-block-quote-is-layout-flow\">\n<p><em>\u201eMa\u010farsk\u00fd lid nedal souhlas s p\u0159ijet\u00edm Ukrajiny, a j\u00e1 tento postoj respektuji. Nic, co se dnes stane, nem\u016f\u017ee pr\u00e1vn\u011b v\u00e9st k \u010dlenstv\u00ed Ukrajiny v EU,\u201c<\/em> uvedl Orb\u00e1n pro ma\u010farskou televizi M1. Jeho postoj podtrhuje dlouhodobou strategii Ma\u010farska, kter\u00e9 klade d\u016fraz na n\u00e1rodn\u00ed suverenitu a opatrnost v ot\u00e1zk\u00e1ch roz\u0161\u00ed\u0159en\u00ed EU, zejm\u00e9na v kontextu geopolitick\u00fdch nap\u011bt\u00ed.<\/p>\n<\/blockquote>\n\n\n\n<p>Orb\u00e1n\u016fv postoj vych\u00e1z\u00ed z pravidel EU, kter\u00e1 vy\u017eaduj\u00ed jednomyslnost v\u0161ech \u010dlensk\u00fdch st\u00e1t\u016f pro kl\u00ed\u010dov\u00e9 kroky v p\u0159\u00edstupov\u00e9m procesu. \u201eEU nem\u016f\u017ee ignorovat postoj Ma\u010farska, proto\u017ee i zah\u00e1jen\u00ed p\u0159\u00edstupov\u00fdch rozhovor\u016f vy\u017eaduje konsenzus,\u201c vysv\u011btlil premi\u00e9r. Podle n\u011bj mohou sice evrop\u0161t\u00ed l\u00edd\u0159i vyd\u00e1vat prohl\u00e1\u0161en\u00ed nebo pron\u00e1\u0161et projevy, ale bez podpory Ma\u010farska nen\u00ed mo\u017en\u00e9 dos\u00e1hnout dohody. Tento postoj stav\u00ed Ma\u010farsko do pozice kl\u00ed\u010dov\u00e9ho akt\u00e9ra v debat\u011b o roz\u0161\u00ed\u0159en\u00ed EU, co\u017e m\u016f\u017ee v\u00e9st k nap\u011bt\u00ed s ostatn\u00edmi \u010dlensk\u00fdmi st\u00e1ty, kter\u00e9 podporuj\u00ed rychlej\u0161\u00ed integraci Ukrajiny.<\/p>\n\n\n\n<p>Ma\u010farsk\u00e1 vl\u00e1da v posledn\u00edch m\u011bs\u00edc\u00edch opakovan\u011b varovala p\u0159ed \u201enenapraviteln\u00fdmi \u0161kodami\u201c, kter\u00e9 by podle n\u00ed rychl\u00e9 p\u0159ijet\u00ed Ukrajiny mohlo zp\u016fsobit. Mezi hlavn\u00ed obavy pat\u0159\u00ed potenci\u00e1ln\u00ed zapojen\u00ed EU do p\u0159\u00edm\u00e9 konfrontace s Ruskem, ekonomick\u00e9 dopady, zejm\u00e9na na zem\u011bd\u011blstv\u00ed, a ohro\u017een\u00ed ve\u0159ejn\u00e9 bezpe\u010dnosti. Tyto argumenty odr\u00e1\u017eej\u00ed dlouhodobou ma\u010farskou politiku \u201ev\u00fdchodn\u00edho otev\u0159en\u00ed\u201c, kter\u00e1 usiluje o udr\u017een\u00ed pragmatick\u00fdch vztah\u016f s Ruskem, a z\u00e1rove\u0148 vnitropolitickou strategii Orb\u00e1na, kter\u00fd si udr\u017euje podporu voli\u010d\u016f zd\u016fraz\u0148ov\u00e1n\u00edm n\u00e1rodn\u00edch z\u00e1jm\u016f.<\/p>\n\n\n\n<blockquote class=\"wp-block-quote is-layout-flow wp-block-quote-is-layout-flow\">\n<p>Kl\u00ed\u010dov\u00fdm argumentem Orb\u00e1na je odkaz na referendum, v n\u011bm\u017e \u00fadajn\u011b 95 % Ma\u010far\u016f odm\u00edtlo rychl\u00e9 p\u0159ijet\u00ed Ukrajiny do EU. Ma\u010farsko \u010dasto vyu\u017e\u00edv\u00e1 tzv. n\u00e1rodn\u00ed konzultace \u2013 dotazn\u00edky rozes\u00edlan\u00e9 ob\u010dan\u016fm, kter\u00e9 maj\u00ed uk\u00e1zat ve\u0159ejn\u00e9 m\u00edn\u011bn\u00ed o kontroverzn\u00edch ot\u00e1zk\u00e1ch. Kritici v\u0161ak tyto konzultace pova\u017euj\u00ed za manipulativn\u00ed, proto\u017ee ot\u00e1zky b\u00fdvaj\u00ed formulov\u00e1ny tak, aby podpo\u0159ily vl\u00e1dn\u00ed narativ.<\/p>\n<\/blockquote>\n\n\n\n<p>Ukrajina z\u00edskala status kandid\u00e1tsk\u00e9 zem\u011b EU v \u010dervnu 2022, kr\u00e1tce po za\u010d\u00e1tku rusk\u00e9 invaze, co\u017e byl symbolick\u00fd projev podpory ze strany EU. V prosinci 2023 l\u00edd\u0159i EU rozhodli o zah\u00e1jen\u00ed p\u0159\u00edstupov\u00fdch rozhovor\u016f, co\u017e je prvn\u00ed krok k mo\u017en\u00e9mu \u010dlenstv\u00ed. P\u0159\u00edstupov\u00fd proces je v\u0161ak zdlouhav\u00fd a slo\u017eit\u00fd. Vy\u017eaduje spln\u011bn\u00ed koda\u0148sk\u00fdch krit\u00e9ri\u00ed, kter\u00e1 zahrnuj\u00ed stabiln\u00ed demokracii, pr\u00e1vn\u00ed st\u00e1t, funguj\u00edc\u00ed tr\u017en\u00ed ekonomiku a p\u0159ijet\u00ed acquis communautaire \u2013 souboru pr\u00e1vn\u00edch p\u0159edpis\u016f EU. Ukrajina mus\u00ed nav\u00edc prov\u00e9st rozs\u00e1hl\u00e9 reformy v oblasti justice, boje proti korupci a spr\u00e1vy, co\u017e je vzhledem k prob\u00edhaj\u00edc\u00ed v\u00e1lce zna\u010dn\u011b komplikovan\u00e9.<\/p>\n\n\n\n<p>Brusel douf\u00e1, \u017ee form\u00e1ln\u00ed p\u0159\u00edstupov\u00e9 rozhovory za\u010dne je\u0161t\u011b v roce 2025, ale ma\u010farsk\u00e9 veto tento pl\u00e1n zpochyb\u0148uje. Ma\u010farsko nen\u00ed jedinou zem\u00ed, kter\u00e1 m\u00e1 v\u00fdhrady \u2013 podobn\u00e9 obavy vyjad\u0159uj\u00ed n\u011bkter\u00e9 st\u00e1ty V\u00fdchodn\u00ed Evropy, nap\u0159\u00edklad kv\u016fli konkurenci ukrajinsk\u00fdch zem\u011bd\u011blsk\u00fdch produkt\u016f, kter\u00e9 by mohly po\u0161kodit m\u00edstn\u00ed trhy. Dal\u0161\u00ed ot\u00e1zkou je rozpo\u010det EU, proto\u017ee p\u0159ijet\u00ed Ukrajiny by znamenalo zna\u010dn\u00e9 finan\u010dn\u00ed n\u00e1klady na dotace a rozvojov\u00e9 programy.<\/p>\n\n\n\n<blockquote class=\"wp-block-quote is-layout-flow wp-block-quote-is-layout-flow\">\n<p>Orb\u00e1n\u016fv postoj je t\u0159eba ch\u00e1pat v kontextu \u0161ir\u0161\u00edch geopolitick\u00fdch a ekonomick\u00fdch z\u00e1jm\u016f Ma\u010farska. Zem\u011b se dlouhodob\u011b sna\u017e\u00ed balancovat mezi z\u00e1vazky v\u016f\u010di EU a udr\u017eov\u00e1n\u00edm vztah\u016f s Ruskem, kter\u00e9 je kl\u00ed\u010dov\u00fdm dodavatelem energi\u00ed. Ma\u010farsko tak\u00e9 \u010del\u00ed kritice za oslabov\u00e1n\u00ed demokratick\u00fdch standard\u016f, co\u017e vedlo k omezen\u00ed n\u011bkter\u00fdch fond\u016f EU. Orb\u00e1n\u016fv odpor v\u016f\u010di p\u0159ijet\u00ed Ukrajiny m\u016f\u017ee b\u00fdt tak\u00e9 strategick\u00fdm tahem, jak pos\u00edlit svou vyjedn\u00e1vac\u00ed pozici v jin\u00fdch ot\u00e1zk\u00e1ch, nap\u0159\u00edklad p\u0159i jedn\u00e1n\u00edch o rozpo\u010dtu EU nebo uvoln\u011bn\u00ed zmrazen\u00fdch fond\u016f.<\/p>\n<\/blockquote>\n\n\n\n<p>Ekonomick\u00e9 obavy Ma\u010farska se t\u00fdkaj\u00ed zejm\u00e9na zem\u011bd\u011blstv\u00ed. Ukrajina je jedn\u00edm z nejv\u011bt\u0161\u00edch sv\u011btov\u00fdch producent\u016f obil\u00ed, a jej\u00ed integrace do jednotn\u00e9ho trhu EU by mohla naru\u0161it ceny a konkurenceschopnost ma\u010farsk\u00fdch zem\u011bd\u011blc\u016f. Dal\u0161\u00edm faktorem je bezpe\u010dnost \u2013 Ma\u010farsko, kter\u00e9 sd\u00edl\u00ed hranici s Ukrajinou, se ob\u00e1v\u00e1 p\u0159\u00edlivu uprchl\u00edk\u016f nebo destabilizace regionu v p\u0159\u00edpad\u011b eskalace konfliktu s Ruskem.<\/p>\n\n\n\n<p>Summit EU v Bruselu, na kter\u00e9m Orb\u00e1n vystoupil, se zab\u00fdv\u00e1 i dal\u0161\u00edmi kl\u00ed\u010dov\u00fdmi t\u00e9maty, jako je revize syst\u00e9mu emisn\u00edch povolenek ETS 2, kterou prosazuje \u010cesk\u00e1 republika. \u010cR, pod veden\u00edm premi\u00e9ra Petra Fialy, z\u00edskala podporu 18 st\u00e1t\u016f, v\u010detn\u011b Portugalska a \u0158ecka, pro \u00fapravy ETS 2, kter\u00e9 maj\u00ed zm\u00edrnit dopady na ceny paliv a vyt\u00e1p\u011bn\u00ed. A\u010dkoli tyto dv\u011b ot\u00e1zky \u2013 \u010dlenstv\u00ed Ukrajiny a ETS 2 \u2013 nejsou p\u0159\u00edmo propojen\u00e9, odr\u00e1\u017eej\u00ed \u0161ir\u0161\u00ed nap\u011bt\u00ed v EU mezi ambici\u00f3zn\u00edmi klimatick\u00fdmi a geopolitick\u00fdmi c\u00edli a obavami \u010dlensk\u00fdch st\u00e1t\u016f o ekonomick\u00e9 a soci\u00e1ln\u00ed dopady.<\/p>\n\n\n\n<p><strong>gnews.cz &#8211; GH<\/strong><\/p>\n","protected":false},"excerpt":{"rendered":"<p>Na prob\u00edhaj\u00edc\u00edm summitu Evropsk\u00e9 unie v Bruselu se podle ma\u010farsk\u00e9ho premi\u00e9ra Viktora Orb\u00e1na neo\u010dek\u00e1vaj\u00ed \u017e\u00e1dn\u00e1 ofici\u00e1ln\u00ed rozhodnut\u00ed o p\u0159istoupen\u00ed Ukrajiny k EU.&hellip;<\/p>\n","protected":false},"author":6,"featured_media":30045,"comment_status":"closed","ping_status":"closed","sticky":false,"template":"","format":"standard","meta":{"_acf_changed":false,"_lmt_disableupdate":"","_lmt_disable":"","footnotes":""},"categories":[7,2973],"tags":[46,31,600,17,29,303],"class_list":["post-30044","post","type-post","status-publish","format-standard","has-post-thumbnail","hentry","category-politika","category-zahranicni","tag-eu","tag-madarsko","tag-referendum","tag-top","tag-ukrajina","tag-viktor-orban"],"acf":[],"aioseo_notices":[],"_links":{"self":[{"href":"https:\/\/gnews.cz\/cs_cz\/wp-json\/wp\/v2\/posts\/30044","targetHints":{"allow":["GET"]}}],"collection":[{"href":"https:\/\/gnews.cz\/cs_cz\/wp-json\/wp\/v2\/posts"}],"about":[{"href":"https:\/\/gnews.cz\/cs_cz\/wp-json\/wp\/v2\/types\/post"}],"author":[{"embeddable":true,"href":"https:\/\/gnews.cz\/cs_cz\/wp-json\/wp\/v2\/users\/6"}],"replies":[{"embeddable":true,"href":"https:\/\/gnews.cz\/cs_cz\/wp-json\/wp\/v2\/comments?post=30044"}],"version-history":[{"count":0,"href":"https:\/\/gnews.cz\/cs_cz\/wp-json\/wp\/v2\/posts\/30044\/revisions"}],"wp:featuredmedia":[{"embeddable":true,"href":"https:\/\/gnews.cz\/cs_cz\/wp-json\/wp\/v2\/media\/30045"}],"wp:attachment":[{"href":"https:\/\/gnews.cz\/cs_cz\/wp-json\/wp\/v2\/media?parent=30044"}],"wp:term":[{"taxonomy":"category","embeddable":true,"href":"https:\/\/gnews.cz\/cs_cz\/wp-json\/wp\/v2\/categories?post=30044"},{"taxonomy":"post_tag","embeddable":true,"href":"https:\/\/gnews.cz\/cs_cz\/wp-json\/wp\/v2\/tags?post=30044"}],"curies":[{"name":"wp","href":"https:\/\/api.w.org\/{rel}","templated":true}]}}