{"id":30068,"date":"2025-06-27T03:46:00","date_gmt":"2025-06-27T01:46:00","guid":{"rendered":"https:\/\/www.gnews.cz\/?p=30068"},"modified":"2025-06-27T08:54:43","modified_gmt":"2025-06-27T06:54:43","slug":"cinsky-ministr-zahranici-wang-yi-jednal-s-vyslanci-eu-a-clenskych-statu","status":"publish","type":"post","link":"https:\/\/gnews.cz\/cs_cz\/tema\/cinsky-ministr-zahranici-wang-yi-jednal-s-vyslanci-eu-a-clenskych-statu\/","title":{"rendered":"\u010c\u00ednsk\u00fd ministr zahrani\u010d\u00ed Wang Yi jednal s vyslanci EU a \u010dlensk\u00fdch st\u00e1t\u016f"},"content":{"rendered":"\n<p><strong>\u010c\u00ednsk\u00fd ministr zahrani\u010d\u00ed Wang Yi se setkal v&nbsp;Pekingu se z\u00e1stupci Evropsk\u00e9 unie a \u010dlensk\u00fdch st\u00e1t\u016f u p\u0159\u00edle\u017eitosti 50. v\u00fdro\u010d\u00ed nav\u00e1z\u00e1n\u00ed diplomatick\u00fdch vztah\u016f mezi \u010c\u00ednou a EU. Vyzdvihl \u010c\u00ednu a EU jako dva v\u00fdznamn\u00e9 konstruktivn\u00ed glob\u00e1ln\u00ed akt\u00e9ry a vyzval k prohlouben\u00ed vz\u00e1jemn\u00e9 d\u016fv\u011bry, zvl\u00e1d\u00e1n\u00ed rozd\u00edl\u016f a dal\u0161\u00edmu rozvoji Celostrategick\u00e9ho partnerstv\u00ed \u010c\u00edny a EU.<\/strong><\/p>\n\n\n\n<p>Wang Yi vyzvedl t\u0159i kl\u00ed\u010dov\u00e9 body pro budouc\u00ed spolupr\u00e1ci:<\/p>\n\n\n\n<p><strong>1. Vz\u00e1jemn\u00fd respekt zejm\u00e9na v ot\u00e1zk\u00e1ch z\u00e1sadn\u00edho z\u00e1jmu<\/strong><\/p>\n\n\n\n<p>Zd\u016fraznil, \u017ee \u010c\u00edna neochv\u011bjn\u011b trv\u00e1 na n\u00e1rodn\u00edm znovusjednocen\u00ed a vyzval EU, aby nad\u00e1le podporovala politiku jedn\u00e9 \u010c\u00edny a d\u016frazn\u011b se stav\u011bla proti jak\u00e9koliv form\u011b \u201enez\u00e1vislosti Tchaj-wanu\u201c.<\/p>\n\n\n\n<p><strong>2. \u010c\u00edna a EU jako partne\u0159i \u2013 nikoli rivalov\u00e9 ani nep\u0159\u00e1tel\u00e9<\/strong><\/p>\n\n\n\n<p>Upozornil, \u017ee mezi \u010c\u00ednou a EU neexistuj\u00ed z\u00e1sadn\u00ed kolize z\u00e1jm\u016f a \u017ee spolupr\u00e1ce by m\u011bla b\u00fdt hlavn\u00ed pil\u00ed\u0159 spole\u010dn\u00e9ho p\u0159\u00edstupu.<\/p>\n\n\n\n<p><strong>3. V\u011brnost multilater\u00e1ln\u00edmu po\u0159\u00e1dku<\/strong><\/p>\n\n\n\n<p>\u010c\u00edna podporuje mezin\u00e1rodn\u00ed syst\u00e9m zalo\u017een\u00fd na OSN a mezin\u00e1rodn\u00edm pr\u00e1vu. Wang Yi zd\u016fraznil, \u017ee \u010c\u00edna dlouhodob\u011b prosazuje m\u00edr, dialog a glob\u00e1ln\u00ed iniciativy \u2013 v\u010detn\u011b iniciativy P\u00e1smo a stezka a konceptu spole\u010denstv\u00ed se spole\u010dnou budoucnost\u00ed lidstva.<\/p>\n\n\n\n<p>Wang Yi vyzval ob\u011b strany, aby prohloubily vz\u00e1jemn\u00e9 porozum\u011bn\u00ed a spolupr\u00e1ci, p\u0159in\u00e1\u0161ej\u00edc\u00ed vz\u00e1jemn\u00fd prosp\u011bch a p\u0159isp\u011bly k udr\u017een\u00ed sv\u011btov\u00e9ho m\u00edru a rozvoje. Z\u00e1stupci EU jeho slova pln\u011b podpo\u0159ili, potvrdili v\u00fdznam \u010c\u00edny jako kl\u00ed\u010dov\u00e9ho partnera EU a vyj\u00e1d\u0159ili odhodl\u00e1n\u00ed spolupracovat na glob\u00e1ln\u00edch v\u00fdzv\u00e1ch a zachov\u00e1n\u00ed stabiln\u00edch, konstruktivn\u00edch vztah\u016f mezi \u010c\u00ednou a EU.<\/p>\n\n\n\n<p><strong><a href=\"https:\/\/czech.cri.cn\/2025\/06\/26\/ARTI1750927064619422\" title=\"\">CMG<\/a><\/strong><\/p>\n","protected":false},"excerpt":{"rendered":"<p>\u010c\u00ednsk\u00fd ministr zahrani\u010d\u00ed Wang Yi se setkal v&nbsp;Pekingu se z\u00e1stupci Evropsk\u00e9 unie a \u010dlensk\u00fdch st\u00e1t\u016f u p\u0159\u00edle\u017eitosti 50. v\u00fdro\u010d\u00ed nav\u00e1z\u00e1n\u00ed diplomatick\u00fdch vztah\u016f&hellip;<\/p>\n","protected":false},"author":6,"featured_media":30069,"comment_status":"closed","ping_status":"closed","sticky":false,"template":"","format":"standard","meta":{"_acf_changed":false,"_lmt_disableupdate":"","_lmt_disable":"","footnotes":""},"categories":[7,1,2973],"tags":[3537,18,1523,46,3579,300],"class_list":["post-30068","post","type-post","status-publish","format-standard","has-post-thumbnail","hentry","category-politika","category-tema","category-zahranicni","tag-cina-2","tag-cmg","tag-diplomacie","tag-eu","tag-pasmo-a-stezka","tag-wang-yi"],"acf":[],"aioseo_notices":[],"_links":{"self":[{"href":"https:\/\/gnews.cz\/cs_cz\/wp-json\/wp\/v2\/posts\/30068","targetHints":{"allow":["GET"]}}],"collection":[{"href":"https:\/\/gnews.cz\/cs_cz\/wp-json\/wp\/v2\/posts"}],"about":[{"href":"https:\/\/gnews.cz\/cs_cz\/wp-json\/wp\/v2\/types\/post"}],"author":[{"embeddable":true,"href":"https:\/\/gnews.cz\/cs_cz\/wp-json\/wp\/v2\/users\/6"}],"replies":[{"embeddable":true,"href":"https:\/\/gnews.cz\/cs_cz\/wp-json\/wp\/v2\/comments?post=30068"}],"version-history":[{"count":0,"href":"https:\/\/gnews.cz\/cs_cz\/wp-json\/wp\/v2\/posts\/30068\/revisions"}],"wp:featuredmedia":[{"embeddable":true,"href":"https:\/\/gnews.cz\/cs_cz\/wp-json\/wp\/v2\/media\/30069"}],"wp:attachment":[{"href":"https:\/\/gnews.cz\/cs_cz\/wp-json\/wp\/v2\/media?parent=30068"}],"wp:term":[{"taxonomy":"category","embeddable":true,"href":"https:\/\/gnews.cz\/cs_cz\/wp-json\/wp\/v2\/categories?post=30068"},{"taxonomy":"post_tag","embeddable":true,"href":"https:\/\/gnews.cz\/cs_cz\/wp-json\/wp\/v2\/tags?post=30068"}],"curies":[{"name":"wp","href":"https:\/\/api.w.org\/{rel}","templated":true}]}}