{"id":30215,"date":"2025-06-30T21:46:00","date_gmt":"2025-06-30T19:46:00","guid":{"rendered":"https:\/\/www.gnews.cz\/?p=30215"},"modified":"2025-06-30T21:24:33","modified_gmt":"2025-06-30T19:24:33","slug":"prezident-petr-pavel-privita-na-hrade-polskeho-prezidenta-andrzeje-dudu","status":"publish","type":"post","link":"https:\/\/gnews.cz\/cs_cz\/politika\/prezident-petr-pavel-privita-na-hrade-polskeho-prezidenta-andrzeje-dudu\/","title":{"rendered":"Prezident Petr Pavel p\u0159iv\u00edt\u00e1 na Hrad\u011b polsk\u00e9ho prezidenta Andrzeje Dudu"},"content":{"rendered":"\n<p><strong>Prezident \u010cesk\u00e9 republiky Petr Pavel p\u0159iv\u00edt\u00e1 na Pra\u017esk\u00e9m hrad\u011b prezidenta Polsk\u00e9 republiky Andrzeje Dudu. Tato ofici\u00e1ln\u00ed n\u00e1v\u0161t\u011bva, napl\u00e1novan\u00e1 na 7. \u010dervence 2025, podtrhuje pokra\u010duj\u00edc\u00ed \u00fazkou spolupr\u00e1ci mezi \u010ceskou republikou a Polskem, dv\u011bma kl\u00ed\u010dov\u00fdmi spojenci v r\u00e1mci Visegr\u00e1dsk\u00e9 skupiny, Evropsk\u00e9 unie a NATO.<\/strong><\/p>\n\n\n\n<p>Setk\u00e1n\u00ed p\u0159ich\u00e1z\u00ed v dob\u011b, kdy se Polsko p\u0159ipravuje na ukon\u010den\u00ed druh\u00e9ho funk\u010dn\u00edho obdob\u00ed prezidenta Dudy, kter\u00e9 skon\u010d\u00ed za\u010d\u00e1tkem srpna 2025. N\u00e1v\u0161t\u011bva tak m\u016f\u017ee b\u00fdt jedn\u00edm z posledn\u00edch mezin\u00e1rodn\u00edch vystoupen\u00ed Andrzeje Dudy v roli prezidenta. Den za\u010dne p\u0159\u00edjezdem prezidenta Dudy na Pra\u017esk\u00fd hrad, kde prob\u011bhne slavnostn\u00ed ceremoni\u00e1l p\u0159iv\u00edt\u00e1n\u00ed za p\u0159\u00edtomnosti m\u00e9di\u00ed, kter\u00e1 budou m\u00edt mo\u017enost zachytit cel\u00fd pr\u016fb\u011bh. N\u00e1sledovat bude soukrom\u00e9 setk\u00e1n\u00ed prezident\u016f Petra Pavla a Andrzeje Dudy.<\/p>\n\n\n\n<p>Pot\u00e9 se uskute\u010dn\u00ed jedn\u00e1n\u00ed ofici\u00e1ln\u00edch delegac\u00ed \u010cesk\u00e9 republiky a Polska, kde budou prob\u00edrat kl\u00ed\u010dov\u00e1 t\u00e9mata bilater\u00e1ln\u00ed a region\u00e1ln\u00ed spolupr\u00e1ce. <\/p>\n\n\n\n<blockquote class=\"wp-block-quote is-layout-flow wp-block-quote-is-layout-flow\">\n<p>N\u00e1v\u0161t\u011bva polsk\u00e9ho prezidenta v Praze je dal\u0161\u00edm projevem dlouhodob\u011b vynikaj\u00edc\u00edch vztah\u016f mezi \u010ceskem a Polskem. V posledn\u00edch letech se spolupr\u00e1ce prohlubovala d\u00edky spole\u010dn\u00fdm postoj\u016fm k ot\u00e1zk\u00e1m, jako je podpora Ukrajiny, pos\u00edlen\u00ed v\u00fdchodn\u00edho k\u0159\u00eddla NATO \u010di koordinace politik v r\u00e1mci Evropsk\u00e9 unie.<\/p>\n<\/blockquote>\n\n\n\n<p>Podle informac\u00ed z \u010desk\u00fdch m\u00e9di\u00ed, nap\u0159\u00edklad serveru iDNES.cz, se o\u010dek\u00e1v\u00e1, \u017ee hlavn\u00edmi t\u00e9maty jedn\u00e1n\u00ed budou bilater\u00e1ln\u00ed vztahy, bezpe\u010dnostn\u00ed situace v Evrop\u011b a spolupr\u00e1ce v oblasti energetiky. Zvl\u00e1\u0161tn\u00ed pozornost by mohla b\u00fdt v\u011bnov\u00e1na ot\u00e1zk\u00e1m region\u00e1ln\u00ed stability, vzhledem k pokra\u010duj\u00edc\u00edmu konfliktu na Ukrajin\u011b a rostouc\u00edm geopolitick\u00fdm nap\u011bt\u00edm.<\/p>\n\n\n\n<p>Polsko i \u010cesko pat\u0159\u00ed mezi v\u00fdrazn\u00e9 zast\u00e1nce podpory Ukrajiny, a\u0165 u\u017e formou vojensk\u00e9, humanit\u00e1rn\u00ed \u010di ekonomick\u00e9 pomoci. Andrzej Duda, kter\u00fd zast\u00e1v\u00e1 \u00fa\u0159ad polsk\u00e9ho prezidenta od roku 2015, ukon\u010d\u00ed sv\u00e9 druh\u00e9 funk\u010dn\u00ed obdob\u00ed v srpnu 2025.<\/p>\n\n\n\n<p><strong><a href=\"https:\/\/www.hrad.cz\/cs\/pro-media\/tiskove-zpravy\/aktualni-tiskove-zpravy\/oficialni-navsteva-prezidenta-polska-18671#from-list\" title=\"\">Hrad.cz<\/a>\/gnews.cz &#8211; GH<\/strong><\/p>\n\n\n\n<p><\/p>\n","protected":false},"excerpt":{"rendered":"<p>Prezident \u010cesk\u00e9 republiky Petr Pavel p\u0159iv\u00edt\u00e1 na Pra\u017esk\u00e9m hrad\u011b prezidenta Polsk\u00e9 republiky Andrzeje Dudu. Tato ofici\u00e1ln\u00ed n\u00e1v\u0161t\u011bva, napl\u00e1novan\u00e1 na 7. \u010dervence 2025,&hellip;<\/p>\n","protected":false},"author":6,"featured_media":30216,"comment_status":"closed","ping_status":"closed","sticky":false,"template":"","format":"standard","meta":{"_acf_changed":false,"_lmt_disableupdate":"","_lmt_disable":"","footnotes":""},"categories":[7],"tags":[537,45,46,56,151,30,71,29],"class_list":["post-30215","post","type-post","status-publish","format-standard","has-post-thumbnail","hentry","category-politika","tag-duda","tag-cr","tag-eu","tag-nato","tag-petr-pavel","tag-polsko","tag-prezident","tag-ukrajina"],"acf":[],"aioseo_notices":[],"_links":{"self":[{"href":"https:\/\/gnews.cz\/cs_cz\/wp-json\/wp\/v2\/posts\/30215","targetHints":{"allow":["GET"]}}],"collection":[{"href":"https:\/\/gnews.cz\/cs_cz\/wp-json\/wp\/v2\/posts"}],"about":[{"href":"https:\/\/gnews.cz\/cs_cz\/wp-json\/wp\/v2\/types\/post"}],"author":[{"embeddable":true,"href":"https:\/\/gnews.cz\/cs_cz\/wp-json\/wp\/v2\/users\/6"}],"replies":[{"embeddable":true,"href":"https:\/\/gnews.cz\/cs_cz\/wp-json\/wp\/v2\/comments?post=30215"}],"version-history":[{"count":0,"href":"https:\/\/gnews.cz\/cs_cz\/wp-json\/wp\/v2\/posts\/30215\/revisions"}],"wp:featuredmedia":[{"embeddable":true,"href":"https:\/\/gnews.cz\/cs_cz\/wp-json\/wp\/v2\/media\/30216"}],"wp:attachment":[{"href":"https:\/\/gnews.cz\/cs_cz\/wp-json\/wp\/v2\/media?parent=30215"}],"wp:term":[{"taxonomy":"category","embeddable":true,"href":"https:\/\/gnews.cz\/cs_cz\/wp-json\/wp\/v2\/categories?post=30215"},{"taxonomy":"post_tag","embeddable":true,"href":"https:\/\/gnews.cz\/cs_cz\/wp-json\/wp\/v2\/tags?post=30215"}],"curies":[{"name":"wp","href":"https:\/\/api.w.org\/{rel}","templated":true}]}}