{"id":30295,"date":"2025-07-02T21:44:00","date_gmt":"2025-07-02T19:44:00","guid":{"rendered":"https:\/\/www.gnews.cz\/?p=30295"},"modified":"2025-07-02T23:38:48","modified_gmt":"2025-07-02T21:38:48","slug":"slovensky-premier-fico-neni-optimisticky-ohledne-dohody-eu-a-usa-o-clech-dopady-mohou-byt-znacne","status":"publish","type":"post","link":"https:\/\/gnews.cz\/cs_cz\/tema\/slovensky-premier-fico-neni-optimisticky-ohledne-dohody-eu-a-usa-o-clech-dopady-mohou-byt-znacne\/","title":{"rendered":"Slovensk\u00fd premi\u00e9r Fico nen\u00ed optimistick\u00fd ohledn\u011b dohody EU a USA o clech: Dopady mohou b\u00fdt zna\u010dn\u00e9"},"content":{"rendered":"\n<p><strong>Slovensk\u00fd premi\u00e9r Robert Fico vyj\u00e1d\u0159il obavy ohledn\u011b vyjedn\u00e1v\u00e1n\u00ed Evropsk\u00e9 unie (EU) s USA o nov\u00fdch clech. Podle jeho slov nen\u00ed p\u0159\u00edli\u0161 optimistick\u00fd, pokud jde o dosa\u017een\u00ed v\u00fdhodn\u00e9 dohody, kter\u00e1 by m\u011bla b\u00fdt uzav\u0159ena do 9. \u010dervence. Tato situace m\u016f\u017ee m\u00edt v\u00e1\u017en\u00e9 dopady na slovensk\u00fd automobilov\u00fd pr\u016fmysl, kter\u00fd je kl\u00ed\u010dov\u00fdm pil\u00ed\u0159em ekonomiky zem\u011b.<\/strong><\/p>\n\n\n\n<p><strong>Mo\u017en\u00e9 dopady americk\u00fdch cel na Slovensko<\/strong><\/p>\n\n\n\n<p><em>\u201eNejsem p\u0159\u00edli\u0161 optimistick\u00fd. [Americk\u00e1 cla] mohou m\u00edt obrovsk\u00fd [negativn\u00ed] dopad na automobilov\u00e9 produkty [v zem\u00edch EU] a souvisej\u00edc\u00ed v\u00fdrobu na Slovensku,\u201c<\/em> uvedl Fico pro novin\u00e1\u0159e.<\/p>\n\n\n\n<blockquote class=\"wp-block-quote is-layout-flow wp-block-quote-is-layout-flow\">\n<p>Slovensko je jedn\u00edm z nejv\u011bt\u0161\u00edch v\u00fdrobc\u016f automobil\u016f v Evrop\u011b a host\u00ed z\u00e1vody p\u0159edn\u00edch sv\u011btov\u00fdch automobilek, jako jsou Volkswagen, Kia nebo Stellantis. V\u00fdznamn\u00e1 \u010d\u00e1st produkce t\u011bchto tov\u00e1ren sm\u011b\u0159uje na americk\u00fd trh, co\u017e \u010din\u00ed z potenci\u00e1ln\u00edch cel z USA hrozbu pro ekonomiku zem\u011b.<\/p>\n<\/blockquote>\n\n\n\n<p>Automobilov\u00fd pr\u016fmysl tvo\u0159\u00ed p\u0159ibli\u017en\u011b 10 % hrub\u00e9ho dom\u00e1c\u00edho produktu (HDP) Slovenska a zam\u011bstn\u00e1v\u00e1 des\u00edtky tis\u00edc lid\u00ed. Jak\u00e1koli omezen\u00ed exportu by mohla v\u00e9st ke sn\u00ed\u017een\u00ed v\u00fdroby, ztr\u00e1t\u011b pracovn\u00edch m\u00edst a ekonomick\u00fdm pot\u00ed\u017e\u00edm v regionech, kde jsou tov\u00e1rny um\u00edst\u011bny, nap\u0159\u00edklad v Bratislav\u011b, Trnav\u011b nebo \u017dilin\u011b.<\/p>\n\n\n\n<p><strong>Kl\u00ed\u010dov\u00fd term\u00edn: 9. \u010dervenec<\/strong><\/p>\n\n\n\n<p>Dohoda mezi EU a USA o clech m\u00e1 b\u00fdt podle premi\u00e9ra Fica uzav\u0159ena nejpozd\u011bji 9. \u010dervence 2025. Vyjedn\u00e1v\u00e1n\u00ed jsou kl\u00ed\u010dov\u00e1 nejen pro Slovensko, ale pro celou EU, kter\u00e1 se sna\u017e\u00ed minimalizovat ekonomick\u00e9 dopady nov\u00fdch obchodn\u00edch bari\u00e9r.<\/p>\n\n\n\n<p>Fico ozn\u00e1mil, \u017ee u\u017e 4. \u010dervence se bude konat speci\u00e1ln\u00ed zased\u00e1n\u00ed vl\u00e1dy, kter\u00e9 se zam\u011b\u0159\u00ed na anal\u00fdzu dopad\u016f americk\u00fdch cel na n\u00e1rodn\u00ed automobilov\u00fd pr\u016fmysl a p\u0159\u00edpravu mo\u017en\u00fdch protiopat\u0159en\u00ed.<\/p>\n\n\n\n<p><strong>Slovensko v centru evropsk\u00e9ho automobilov\u00e9ho pr\u016fmyslu<\/strong><\/p>\n\n\n\n<p>Slovensko si vydobylo pozici jednoho z nejv\u011bt\u0161\u00edch v\u00fdrobc\u016f automobil\u016f na obyvatele na sv\u011bt\u011b. Zem\u011b produkuje p\u0159ibli\u017en\u011b jeden milion voz\u016f ro\u010dn\u011b, co\u017e z n\u00ed \u010din\u00ed d\u016fle\u017eit\u00e9ho hr\u00e1\u010de na glob\u00e1ln\u00edm trhu. Mezi kl\u00ed\u010dov\u00e9 tov\u00e1rny pat\u0159\u00ed Volkswagen Slovakia (Bratislava), Kia Motors (\u017dilina) nebo Jaguar Land Rover (Nitra). V\u00fdroba je zam\u011b\u0159ena nejen na evropsk\u00fd, ale i na americk\u00fd trh, kter\u00fd je pro slovensk\u00e9 automobilky strategicky d\u016fle\u017eit\u00fd.<\/p>\n\n\n\n<p><strong><a href=\"https:\/\/tass.com\" title=\"\">TASS<\/a>\/gnews.cz &#8211; GH<\/strong><\/p>\n\n\n\n<p><\/p>\n","protected":false},"excerpt":{"rendered":"<p>Slovensk\u00fd premi\u00e9r Robert Fico vyj\u00e1d\u0159il obavy ohledn\u011b vyjedn\u00e1v\u00e1n\u00ed Evropsk\u00e9 unie (EU) s USA o nov\u00fdch clech. Podle jeho slov nen\u00ed p\u0159\u00edli\u0161 optimistick\u00fd,&hellip;<\/p>\n","protected":false},"author":6,"featured_media":20685,"comment_status":"closed","ping_status":"closed","sticky":false,"template":"","format":"standard","meta":{"_acf_changed":false,"_lmt_disableupdate":"","_lmt_disable":"","footnotes":""},"categories":[7,658,1,2973],"tags":[1595,1305,46,2421,32,17,38],"class_list":["post-30295","post","type-post","status-publish","format-standard","has-post-thumbnail","hentry","category-politika","category-prectete-si","category-tema","category-zahranicni","tag-automobilovy-prumysl","tag-cla","tag-eu","tag-obchod","tag-slovensko","tag-top","tag-usa"],"acf":[],"aioseo_notices":[],"_links":{"self":[{"href":"https:\/\/gnews.cz\/cs_cz\/wp-json\/wp\/v2\/posts\/30295","targetHints":{"allow":["GET"]}}],"collection":[{"href":"https:\/\/gnews.cz\/cs_cz\/wp-json\/wp\/v2\/posts"}],"about":[{"href":"https:\/\/gnews.cz\/cs_cz\/wp-json\/wp\/v2\/types\/post"}],"author":[{"embeddable":true,"href":"https:\/\/gnews.cz\/cs_cz\/wp-json\/wp\/v2\/users\/6"}],"replies":[{"embeddable":true,"href":"https:\/\/gnews.cz\/cs_cz\/wp-json\/wp\/v2\/comments?post=30295"}],"version-history":[{"count":0,"href":"https:\/\/gnews.cz\/cs_cz\/wp-json\/wp\/v2\/posts\/30295\/revisions"}],"wp:featuredmedia":[{"embeddable":true,"href":"https:\/\/gnews.cz\/cs_cz\/wp-json\/wp\/v2\/media\/20685"}],"wp:attachment":[{"href":"https:\/\/gnews.cz\/cs_cz\/wp-json\/wp\/v2\/media?parent=30295"}],"wp:term":[{"taxonomy":"category","embeddable":true,"href":"https:\/\/gnews.cz\/cs_cz\/wp-json\/wp\/v2\/categories?post=30295"},{"taxonomy":"post_tag","embeddable":true,"href":"https:\/\/gnews.cz\/cs_cz\/wp-json\/wp\/v2\/tags?post=30295"}],"curies":[{"name":"wp","href":"https:\/\/api.w.org\/{rel}","templated":true}]}}