{"id":30429,"date":"2025-07-05T11:41:05","date_gmt":"2025-07-05T09:41:05","guid":{"rendered":"https:\/\/www.gnews.cz\/?p=30429"},"modified":"2025-07-05T14:34:04","modified_gmt":"2025-07-05T12:34:04","slug":"frantiskanske-sestry-na-ukrajine-prinaseji-pokoj-a-radost-vprostred-utrpeni-a-nejistoty","status":"publish","type":"post","link":"https:\/\/gnews.cz\/cs_cz\/tema\/frantiskanske-sestry-na-ukrajine-prinaseji-pokoj-a-radost-vprostred-utrpeni-a-nejistoty\/","title":{"rendered":"Franti\u0161k\u00e1nsk\u00e9 sestry na Ukrajin\u011b p\u0159in\u00e1\u0161ej\u00ed pokoj a radost uprost\u0159ed utrpen\u00ed a nejistoty"},"content":{"rendered":"\n<p><strong>VATIK\u00c1N &#8211; Ve m\u011bst\u011b Kryvyi Rih, le\u017e\u00edc\u00edm v obl\u00e9han\u00e9 oblasti Dn\u011bpropetrovsk na Ukrajin\u011b, p\u0159in\u00e1\u0161ej\u00ed franti\u0161k\u00e1nsk\u00e9 sestry Mision\u00e1\u0159ky Panny Marie (FMM) pokoj a radost m\u00edstn\u00ed komunit\u011b. Mezi ne\u00faprosn\u00fdmi zvuky sir\u00e9n leteck\u00fdch \u00fatok\u016f a ka\u017edodenn\u00edmi obt\u00ed\u017eemi v\u00e1le\u010dn\u00e9ho konfliktu ne\u00fanavn\u011b pod\u00e1vaj\u00ed j\u00eddlo chud\u00fdm, podporuj\u00ed m\u00edstn\u00ed d\u011bti a prost\u0159ednictv\u00edm hudby jim p\u0159in\u00e1\u0161ej\u00ed chv\u00edle \u00fat\u011bchy.<\/strong><\/p>\n\n\n\n<p>Uprost\u0159ed prob\u00edhaj\u00edc\u00ed v\u00e1lky zt\u011bles\u0148uj\u00ed franti\u0161k\u00e1nsk\u00e9 sestry Mision\u00e1\u0159ky Panny Marie na v\u00fdchodn\u00ed Ukrajin\u011b sv\u00e9 franti\u0161k\u00e1nsk\u00e9 charisma t\u00edm, \u017ee p\u0159in\u00e1\u0161ej\u00ed pokoj do prost\u0159ed\u00ed poznamenan\u00e9ho nepokoji a nespravedlnost\u00ed. Navzdory nejistot\u011b ka\u017edodenn\u00edho \u017eivota, neust\u00e1l\u00e9 hrozb\u011b nebezpe\u010d\u00ed a \u00fanav\u011b zp\u016fsoben\u00e9 sir\u00e9nami leteck\u00fdch \u00fatok\u016f z\u016fst\u00e1vaj\u00ed pevn\u00e9 ve sv\u00e9m posl\u00e1n\u00ed. \u201eV sou\u010dasn\u00e9 dob\u011b je zde mnoho pot\u0159eb na r\u016fzn\u00fdch \u00farovn\u00edch, od z\u00e1kladn\u00edch lidsk\u00fdch pot\u0159eb a\u017e po duchovn\u00ed, emocion\u00e1ln\u00ed a psychologickou podporu. Hrozby a neust\u00e1l\u00e9 ohro\u017een\u00ed \u017eivota v\u00e1lkou zp\u016fsobuj\u00ed mnoho nedostatk\u016f mezi d\u011btmi, mlad\u00fdmi lidmi, vojensk\u00fdm person\u00e1lem a jejich rodinami, mezi seniory\u2026A tento seznam se s pokra\u010duj\u00edc\u00ed v\u00e1lkou st\u00e1le roz\u0161i\u0159uje,\u201c sd\u011blila sestra Yana Chop, jedna z franti\u0161k\u00e1nsk\u00fdch mision\u00e1\u0159ek Panny Marie ve m\u011bst\u011b Kryvyi Rih. \u201eNyn\u00ed je \u010das d\u016fv\u011b\u0159ovat Bohu a p\u0159in\u00e1\u0161et pokoj konkr\u00e9tn\u00edm m\u00edst\u016fm a lidem.\u201c <\/p>\n\n\n\n<p>Sestry FMM spolupracuj\u00ed s farnost\u00ed Nanebevzet\u00ed Panny Marie, kterou vedou mision\u00e1\u0159i z La Salette. V r\u00e1mci tohoto partnerstv\u00ed dvakr\u00e1t t\u00fddn\u011b funguje kuchyn\u011b pro pot\u0159ebn\u00e9, kter\u00e1 poskytuje tepl\u00e9 j\u00eddlo 150 lidem. \u201eTepl\u00e1 pol\u00e9vka je n\u011bkdy jedin\u00fdm j\u00eddlem dne pro n\u011bkter\u00e9 lidi, kte\u0159\u00ed \u017eij\u00ed na ulici,\u201c uvedla sestra Yana.<\/p>\n\n\n\n<figure class=\"wp-block-image\"><img decoding=\"async\" src=\"https:\/\/www.vaticannews.va\/content\/dam\/vaticannews\/multimedia\/2025\/giugno\/23\/Sr.-Renata-e-Sr.-Yana-mentre-servono-il-pranzo-ai-poveri.jpg\/_jcr_content\/renditions\/cq5dam.thumbnail.cropped.750.422.jpeg\" alt=\"Sestra Renata a sestra Yana p\u0159i pod\u00e1v\u00e1n\u00ed ob\u011bda chud\u00fdm\" title=\"Sestra Renata a sestra Yana p\u0159i pod\u00e1v\u00e1n\u00ed ob\u011bda chud\u00fdm\" \/><\/figure>\n\n\n\n<p>Sestra Renata a sestra Yana p\u0159i pod\u00e1v\u00e1n\u00ed ob\u011bda chud\u00fdm &nbsp; (\u00a9Sr. Yana Chop)<\/p>\n\n\n\n<p>Krom\u011b materi\u00e1ln\u00ed pomoci poskytuj\u00ed sestry duchovn\u00ed a psychologickou podporu lidem posti\u017een\u00fdm v\u00e1le\u010dn\u00fdmi traumaty. Organizuj\u00ed modlitby, spole\u010densk\u00e1 setk\u00e1n\u00ed a individu\u00e1ln\u00ed rozhovory, pom\u00e1haj\u00ed lidem naj\u00edt nad\u011bji a pocit bezpe\u010d\u00ed v t\u011b\u017ek\u00fdch chv\u00edl\u00edch. V r\u00e1mci sv\u00e9 farnosti pracuj\u00ed v sakristii, p\u0159i liturgii a katechezi pro d\u011bti, ml\u00e1de\u017e a dosp\u011bl\u00e9. \u201eDvakr\u00e1t t\u00fddn\u011b k n\u00e1m chod\u00ed na spole\u010dn\u00e9 aktivity d\u011bti z farnosti, kter\u00e9 poch\u00e1zej\u00ed z nefunk\u010dn\u00edch rodin a rodin uprchl\u00edk\u016f. Je tu \u010das na spole\u010dn\u00e9 j\u00eddlo, podp\u016frn\u00e9 aktivity a katechezi, kde m\u016f\u017eeme spole\u010dn\u011b pozn\u00e1vat Boha,\u201c pokra\u010dovala sestra Yana<\/p>\n\n\n\n<h3 class=\"wp-block-heading\"><strong>Hudba uprost\u0159ed v\u00e1lky<\/strong><\/h3>\n\n\n\n<p>Hudba hraje zvl\u00e1\u0161tn\u00ed roli v p\u0159in\u00e1\u0161en\u00ed nad\u011bje, pokoje a duchovn\u00ed podpory lidem. Sestry v\u011b\u0159\u00ed, \u017ee hudba pom\u00e1h\u00e1 p\u0159ekonat osam\u011blost, budovat spole\u010denstv\u00ed a nach\u00e1zet vnit\u0159n\u00ed pokoj v krizov\u00fdch chv\u00edl\u00edch. V t\u011b\u017ek\u00fdch podm\u00ednk\u00e1ch v\u00e1lky a chudoby se hran\u00ed na hudebn\u00ed n\u00e1stroje a zp\u011bv st\u00e1vaj\u00ed formou modlitby a nad\u011bje i p\u0159ipom\u00ednkou, \u017ee v ka\u017edodenn\u00edm \u017eivot\u011b st\u00e1le existuje dobro a kr\u00e1sa,\u201c vysv\u011btluje sestry. Hudebn\u00ed iniciativy ve farnosti Kryvyi Rih p\u0159esahuj\u00ed r\u00e1mec m\u00edstn\u00ed komunity: jejich poselstv\u00ed se \u0161\u00ed\u0159\u00ed je\u0161t\u011b d\u00e1l d\u00edky sd\u00edlen\u00ed nahr\u00e1vek online. Sestra Yana zd\u016fraznila: \u201eKoncerty a spole\u010dn\u00fd zp\u011bv jsou nahr\u00e1v\u00e1ny a zve\u0159ej\u0148ov\u00e1ny na ukrajinsk\u00fdch soci\u00e1ln\u00edch s\u00edt\u00edch na\u0161\u00ed kongregace, aby se dostaly k t\u011bm, kte\u0159\u00ed se nemohou fyzicky z\u00fa\u010dastnit, zejm\u00e9na k senior\u016fm, nemocn\u00fdm a uprchl\u00edk\u016fm rozpt\u00fdlen\u00fdm po Ukrajin\u011b i v zahrani\u010d\u00ed.\u201c<\/p>\n\n\n\n<p>Sestry FMM v\u011b\u0159\u00ed, \u017ee hudba se m\u016f\u017ee st\u00e1t mostem, kter\u00fd spojuje lidi v modlitb\u011b a nad\u011bji, bez ohledu na to, kde se nach\u00e1zej\u00ed. \u201eV t\u011b\u017ek\u00fdch \u010dasech, zejm\u00e9na za v\u00e1le\u010dn\u00fdch podm\u00ednek, poskytuj\u00ed tyto online p\u0159enosy duchovn\u00ed podporu, posiluj\u00ed pocit soun\u00e1le\u017eitosti a umo\u017e\u0148uj\u00ed lidem z\u016fstat v kontaktu s c\u00edrkv\u00ed a evangeliem,\u201c uvedla sestra Yana. \u201eJe to jednoduch\u00fd, ale velmi \u00fa\u010dinn\u00fd n\u00e1stroj evangelizace a solidarity. Pro n\u00e1s sestry je velkou radost\u00ed spole\u010dn\u011b muzic\u00edrovat v komunit\u011b, proto\u017ee to m\u00e1me velmi r\u00e1dy.\u201c<\/p>\n\n\n\n<figure class=\"wp-block-image\"><img decoding=\"async\" src=\"https:\/\/www.vaticannews.va\/content\/dam\/vaticannews\/multimedia\/2025\/giugno\/23\/Le-suore-durante-una-prova-musicale-prima-della-celebrazione-parrocchiale.jpg\/_jcr_content\/renditions\/cq5dam.thumbnail.cropped.750.422.jpeg\" alt=\"Sestry b\u011bhem hudebn\u00ed zkou\u0161ky p\u0159ed farn\u00ed slavnost\u00ed\" title=\"Sestry b\u011bhem hudebn\u00ed zkou\u0161ky p\u0159ed farn\u00ed slavnost\u00ed\" \/><\/figure>\n\n\n\n<p>Sestry b\u011bhem hudebn\u00ed zkou\u0161ky p\u0159ed farn\u00ed slavnost\u00ed &nbsp; (\u00a9Sorella FMM)<\/p>\n\n\n\n<p>Nepochybn\u011b existuje v ka\u017edodenn\u00edm \u017eivot\u011b mnoho p\u0159\u00edle\u017eitost\u00ed, jak p\u0159in\u00e9st ostatn\u00edm lidem pokoj. Sestry FMM zd\u016fraz\u0148uj\u00ed, \u017ee lze za\u010d\u00edt nejjednodu\u0161\u0161\u00edm gestem, jako je \u00fasm\u011bv, kter\u00fd m\u016f\u017ee n\u011bkomu rozjasnit den a vzbudit novou nad\u011bji uprost\u0159ed v\u00e1le\u010dn\u00fdch \u00fatrap. \u201eKa\u017edodenn\u00ed d\u016fv\u011bra v Je\u017e\u00ed\u0161e, kter\u00fd je prav\u00fdm Pokojem, je velmi cenn\u00e1 a d\u016fle\u017eit\u00e1,\u201c uzav\u0159ely sestry. \u201eJen On, vzk\u0159\u00ed\u0161en\u00fd P\u00e1n, n\u00e1s m\u016f\u017ee nau\u010dit \u017e\u00edt, slou\u017eit na tomto m\u00edst\u011b a st\u00e1t se Jeho sv\u011bdky! Je to B\u016fh, kter\u00fd neopou\u0161t\u00ed sv\u016fj lid, ale je s n\u00edm v ka\u017ed\u00e9m okam\u017eiku.\u201c<\/p>\n\n\n\n<p><strong><a href=\"https:\/\/www.vaticannews.va\/cs\/cirkev\/news\/2025-07\/frantiskanske-sestry-na-ukrajine-prinaseji-pokoj-a-radost-uprost.html\" title=\"\">vatikacannews.va<\/a>\/gnews.cz-jav<\/strong><\/p>\n\n\n\n<p><\/p>\n","protected":false},"excerpt":{"rendered":"<p>VATIK\u00c1N &#8211; Ve m\u011bst\u011b Kryvyi Rih, le\u017e\u00edc\u00edm v obl\u00e9han\u00e9 oblasti Dn\u011bpropetrovsk na Ukrajin\u011b, p\u0159in\u00e1\u0161ej\u00ed franti\u0161k\u00e1nsk\u00e9 sestry Mision\u00e1\u0159ky Panny Marie (FMM) pokoj a&hellip;<\/p>\n","protected":false},"author":2,"featured_media":30430,"comment_status":"closed","ping_status":"closed","sticky":false,"template":"","format":"standard","meta":{"_acf_changed":false,"_lmt_disableupdate":"","_lmt_disable":"","footnotes":""},"categories":[7,1,2973],"tags":[10,17,29,62,795,41],"class_list":["post-30429","post","type-post","status-publish","format-standard","has-post-thumbnail","hentry","category-politika","category-tema","category-zahranicni","tag-news","tag-top","tag-ukrajina","tag-valka","tag-vatikan","tag-world"],"acf":[],"aioseo_notices":[],"_links":{"self":[{"href":"https:\/\/gnews.cz\/cs_cz\/wp-json\/wp\/v2\/posts\/30429","targetHints":{"allow":["GET"]}}],"collection":[{"href":"https:\/\/gnews.cz\/cs_cz\/wp-json\/wp\/v2\/posts"}],"about":[{"href":"https:\/\/gnews.cz\/cs_cz\/wp-json\/wp\/v2\/types\/post"}],"author":[{"embeddable":true,"href":"https:\/\/gnews.cz\/cs_cz\/wp-json\/wp\/v2\/users\/2"}],"replies":[{"embeddable":true,"href":"https:\/\/gnews.cz\/cs_cz\/wp-json\/wp\/v2\/comments?post=30429"}],"version-history":[{"count":0,"href":"https:\/\/gnews.cz\/cs_cz\/wp-json\/wp\/v2\/posts\/30429\/revisions"}],"wp:featuredmedia":[{"embeddable":true,"href":"https:\/\/gnews.cz\/cs_cz\/wp-json\/wp\/v2\/media\/30430"}],"wp:attachment":[{"href":"https:\/\/gnews.cz\/cs_cz\/wp-json\/wp\/v2\/media?parent=30429"}],"wp:term":[{"taxonomy":"category","embeddable":true,"href":"https:\/\/gnews.cz\/cs_cz\/wp-json\/wp\/v2\/categories?post=30429"},{"taxonomy":"post_tag","embeddable":true,"href":"https:\/\/gnews.cz\/cs_cz\/wp-json\/wp\/v2\/tags?post=30429"}],"curies":[{"name":"wp","href":"https:\/\/api.w.org\/{rel}","templated":true}]}}