{"id":30441,"date":"2025-07-05T18:30:00","date_gmt":"2025-07-05T16:30:00","guid":{"rendered":"https:\/\/www.gnews.cz\/?p=30441"},"modified":"2025-07-05T15:27:43","modified_gmt":"2025-07-05T13:27:43","slug":"trump-take-poznamenal-ze-je-velmi-nespokojeny-se-svym-telefonickym-rozhovorem-s-putinem","status":"publish","type":"post","link":"https:\/\/gnews.cz\/cs_cz\/tema\/trump-take-poznamenal-ze-je-velmi-nespokojeny-se-svym-telefonickym-rozhovorem-s-putinem\/","title":{"rendered":"Trump tak\u00e9 poznamenal, \u017ee je \u201evelmi nespokojen\u00fd\u201c se sv\u00fdm telefonick\u00fdm rozhovorem s Putinem"},"content":{"rendered":"\n<p><strong>WASHINGTON, 5. \u010dervence. Americk\u00fd prezident Donald Trump se domn\u00edv\u00e1, \u017ee situace kolem Ukrajiny je velmi slo\u017eit\u00e1.<\/strong><\/p>\n\n\n\n<blockquote class=\"wp-block-quote is-layout-flow wp-block-quote-is-layout-flow\">\n<p><strong>\u201eMluvili jsme o r\u016fzn\u00fdch v\u011bcech. M\u011bli jsme velmi dobr\u00fd hovor, mysl\u00edm, \u017ee velmi strategick\u00fd,\u201c \u0159ekl americk\u00fd v\u016fdce novin\u00e1\u0159\u016fm v koment\u00e1\u0159i k telefonick\u00e9mu rozhovoru s Vladimirem Zelensk\u00fdm ze 4. \u010dervence. \u201eJe to docela slo\u017eit\u00e1 situace,\u201c \u0159ekl tiskov\u00e9 konferenci B\u00edl\u00e9ho domu.<\/strong><\/p>\n<\/blockquote>\n\n\n\n<p>Trump tak\u00e9 poznamenal, \u017ee je \u201evelmi nespokojen\u00fd\u201c se sv\u00fdm telefonick\u00fdm rozhovorem s rusk\u00fdm v\u016fdcem Vladimirem Putinem ze 3. \u010dervence. \u201eChce j\u00edt a\u017e do konce,\u201c \u0159ekl americk\u00fd v\u016fdce a vyj\u00e1d\u0159il pochybnosti o ochot\u011b Moskvy vy\u0159e\u0161it konflikt na Ukrajin\u011b. \u201e[To] nen\u00ed dobr\u00e9,\u201c zd\u016fraznil.<\/p>\n\n\n\n<blockquote class=\"wp-block-quote is-layout-flow wp-block-quote-is-layout-flow\">\n<p><strong>Dne 2. \u010dervence den\u00edk The New York Times s odvol\u00e1n\u00edm na sv\u00e9 zdroje uvedl, \u017ee Washington pozastav\u00ed dod\u00e1vky n\u011bkolika zbran\u00ed Kyjevu, v\u010detn\u011b protiletadlov\u00fdch raket Patriot, p\u0159esn\u011b nav\u00e1d\u011bn\u00e9 munice GMLRS, \u0159\u00edzen\u00fdch st\u0159el Hellfire a p\u0159enosn\u00fdch protiletadlov\u00fdch raketov\u00fdch syst\u00e9m\u016f Stinger. Trump z\u00e1rove\u0148 3. \u010dervence prohl\u00e1sil, \u017ee Washington Kyjevu nad\u00e1le poskytuje vojenskou pomoc, ale z\u00e1rove\u0148 p\u0159edpokl\u00e1d\u00e1, \u017ee s\u00e1m Washington zbran\u011b pot\u0159ebuje.<\/strong><\/p>\n<\/blockquote>\n\n\n\n<p>V telefonick\u00e9m rozhovoru s Trumpem 3. \u010dervence Putin uvedl, \u017ee Moskva nad\u00e1le \u010dek\u00e1 na term\u00edny nov\u00e9ho kola jedn\u00e1n\u00ed s kyjevsk\u00fdm re\u017eimem. Podle kremelsk\u00e9ho poradce Jurije U\u0161akova se v rozhovoru mezi l\u00eddry Ruska a USA ot\u00e1zka ukon\u010den\u00ed dod\u00e1vek zbran\u00ed Kyjevu ze strany Washingtonu ne\u0159e\u0161ila.<\/p>\n\n\n\n<p><strong>TASS\/gnews.cz-jav<\/strong><\/p>\n","protected":false},"excerpt":{"rendered":"<p>WASHINGTON, 5. \u010dervence. Americk\u00fd prezident Donald Trump se domn\u00edv\u00e1, \u017ee situace kolem Ukrajiny je velmi slo\u017eit\u00e1. \u201eMluvili jsme o r\u016fzn\u00fdch v\u011bcech. M\u011bli&hellip;<\/p>\n","protected":false},"author":2,"featured_media":30442,"comment_status":"closed","ping_status":"closed","sticky":false,"template":"","format":"standard","meta":{"_acf_changed":false,"_lmt_disableupdate":"","_lmt_disable":"","footnotes":""},"categories":[7,1,2973],"tags":[10,3614,26,17,3395,38,41],"class_list":["post-30441","post","type-post","status-publish","format-standard","has-post-thumbnail","hentry","category-politika","category-tema","category-zahranicni","tag-news","tag-putin","tag-rusko","tag-top","tag-trump","tag-usa","tag-world"],"acf":[],"aioseo_notices":[],"_links":{"self":[{"href":"https:\/\/gnews.cz\/cs_cz\/wp-json\/wp\/v2\/posts\/30441","targetHints":{"allow":["GET"]}}],"collection":[{"href":"https:\/\/gnews.cz\/cs_cz\/wp-json\/wp\/v2\/posts"}],"about":[{"href":"https:\/\/gnews.cz\/cs_cz\/wp-json\/wp\/v2\/types\/post"}],"author":[{"embeddable":true,"href":"https:\/\/gnews.cz\/cs_cz\/wp-json\/wp\/v2\/users\/2"}],"replies":[{"embeddable":true,"href":"https:\/\/gnews.cz\/cs_cz\/wp-json\/wp\/v2\/comments?post=30441"}],"version-history":[{"count":0,"href":"https:\/\/gnews.cz\/cs_cz\/wp-json\/wp\/v2\/posts\/30441\/revisions"}],"wp:featuredmedia":[{"embeddable":true,"href":"https:\/\/gnews.cz\/cs_cz\/wp-json\/wp\/v2\/media\/30442"}],"wp:attachment":[{"href":"https:\/\/gnews.cz\/cs_cz\/wp-json\/wp\/v2\/media?parent=30441"}],"wp:term":[{"taxonomy":"category","embeddable":true,"href":"https:\/\/gnews.cz\/cs_cz\/wp-json\/wp\/v2\/categories?post=30441"},{"taxonomy":"post_tag","embeddable":true,"href":"https:\/\/gnews.cz\/cs_cz\/wp-json\/wp\/v2\/tags?post=30441"}],"curies":[{"name":"wp","href":"https:\/\/api.w.org\/{rel}","templated":true}]}}