{"id":30794,"date":"2025-07-15T03:57:00","date_gmt":"2025-07-15T01:57:00","guid":{"rendered":"https:\/\/www.gnews.cz\/?p=30794"},"modified":"2025-07-14T18:01:56","modified_gmt":"2025-07-14T16:01:56","slug":"ministri-obchodu-eu-resi-reakci-na-nejnovejsi-hrozbu-cel-ze-strany-trumpa","status":"publish","type":"post","link":"https:\/\/gnews.cz\/cs_cz\/ekonomika\/ministri-obchodu-eu-resi-reakci-na-nejnovejsi-hrozbu-cel-ze-strany-trumpa\/","title":{"rendered":"Minist\u0159i obchodu EU \u0159e\u0161\u00ed reakci na nejnov\u011bj\u0161\u00ed hrozbu cel ze strany Trumpa"},"content":{"rendered":"\n<p><strong>Evrop\u0161t\u00ed minist\u0159i obchodu se sejdou, aby projednali odpov\u011b\u010f na americk\u00e9ho prezidenta Donalda Trumpa, kter\u00fd pohrozil uvalen\u00edm cel ve v\u00fd\u0161i 30<\/strong><strong>\u202f% na unijn<\/strong><strong>\u00ed v<\/strong><strong>\u00fdvoz, pokud do 1.<\/strong><strong>\u202fsrpna nedojde k dohod<\/strong><strong>\u011b.<\/strong><\/p>\n\n\n\n<p>Navzdory m\u011bs\u00ed\u010dn\u00edm jedn\u00e1n\u00edm Trumpovo prohl\u00e1\u0161en\u00ed rozh\u00e1zelo vyjedn\u00e1v\u00e1n\u00ed. EU sice prodlou\u017eila pozastaven\u00ed protiopat\u0159en\u00ed do za\u010d\u00e1tku srpna, ale sou\u010dasn\u011b p\u0159ipravuje bal\u00ed\u010dek odvetn\u00fdch opat\u0159en\u00ed \u2013 sleduje dvoj\u00ed p\u0159\u00edstup: na jedn\u00e9 stran\u011b dialog, na druh\u00e9 p\u0159ipravenost reagovat.<\/p>\n\n\n\n<p>P\u0159edsedkyn\u011b Evropsk\u00e9 komise <strong>Ursula von der Leyenov\u00e1<\/strong> zopakovala, \u017ee EU preferuje vyjednan\u00e9 \u0159e\u0161en\u00ed, zat\u00edmco l\u00edd\u0159i jako francouzsk\u00fd prezident<strong> Emmanuel Macron <\/strong>a n\u011bmeck\u00fd kancl\u00e9\u0159 <strong>Friedrich Merz<\/strong> zd\u016fraz\u0148uj\u00ed nutnost chr\u00e1nit evropsk\u00e9 z\u00e1jmy. N\u011bmeck\u00fd ministr financ\u00ed <strong>Lars Klingbeil<\/strong> varoval, \u017ee pokud jedn\u00e1n\u00ed sel\u017eou, EU bude jednat razantn\u011b, a italsk\u00e1 premi\u00e9rka <strong>Giorgia Meloniov\u00e1<\/strong> upozornila, \u017ee obchodn\u00ed v\u00e1lka mezi Z\u00e1padem oslab\u00ed v\u0161echny z\u00fa\u010dastn\u011bn\u00e9 strany.<\/p>\n\n\n\n<p>Hospod\u00e1\u0159sk\u00e9 kruhy, zejm\u00e9na ve Francii a N\u011bmecku, vyj\u00e1d\u0159ily v\u00e1\u017en\u00e9 obavy. Clo ve v\u00fd\u0161i 30\u202f% by znamenalo katastrofu pro kl\u00ed\u010dov\u00e9 v\u00fdvozn\u00ed sektory \u2013 n\u011bmeck\u00fd pr\u016fmysl a francouzsk\u00fd zem\u011bd\u011blsk\u00fd a ml\u00e9k\u00e1rensk\u00fd sektor. Francouz\u0161t\u00ed producenti ml\u00e9\u010dn\u00fdch v\u00fdrobk\u016f varovali, \u017ee budou nuceni restrukturalizovat sv\u00e9 v\u00fdvozn\u00ed strategie. Ministr Klingbeil zd\u016fraznil, \u017ee Trumpova cla by po\u0161kodila jak Evropu, tak USA: \u201e<em>V\u00fdsledkem by byli pora\u017een\u00ed na obou stran\u00e1ch.\u201c<\/em><\/p>\n\n\n\n<p><strong><a href=\"https:\/\/czech.cri.cn\/2025\/07\/14\/ARTI1752490538881736\" title=\"\">CMG<\/a><\/strong><\/p>\n","protected":false},"excerpt":{"rendered":"<p>Evrop\u0161t\u00ed minist\u0159i obchodu se sejdou, aby projednali odpov\u011b\u010f na americk\u00e9ho prezidenta Donalda Trumpa, kter\u00fd pohrozil uvalen\u00edm cel ve v\u00fd\u0161i 30\u202f% na unijn\u00ed&hellip;<\/p>\n","protected":false},"author":6,"featured_media":30795,"comment_status":"closed","ping_status":"closed","sticky":false,"template":"","format":"standard","meta":{"_acf_changed":false,"_lmt_disableupdate":"","_lmt_disable":"","footnotes":""},"categories":[4,2973],"tags":[1305,18,496,46,2421,38],"class_list":["post-30794","post","type-post","status-publish","format-standard","has-post-thumbnail","hentry","category-ekonomika","category-zahranicni","tag-cla","tag-cmg","tag-donald-trump","tag-eu","tag-obchod","tag-usa"],"acf":[],"aioseo_notices":[],"_links":{"self":[{"href":"https:\/\/gnews.cz\/cs_cz\/wp-json\/wp\/v2\/posts\/30794","targetHints":{"allow":["GET"]}}],"collection":[{"href":"https:\/\/gnews.cz\/cs_cz\/wp-json\/wp\/v2\/posts"}],"about":[{"href":"https:\/\/gnews.cz\/cs_cz\/wp-json\/wp\/v2\/types\/post"}],"author":[{"embeddable":true,"href":"https:\/\/gnews.cz\/cs_cz\/wp-json\/wp\/v2\/users\/6"}],"replies":[{"embeddable":true,"href":"https:\/\/gnews.cz\/cs_cz\/wp-json\/wp\/v2\/comments?post=30794"}],"version-history":[{"count":0,"href":"https:\/\/gnews.cz\/cs_cz\/wp-json\/wp\/v2\/posts\/30794\/revisions"}],"wp:featuredmedia":[{"embeddable":true,"href":"https:\/\/gnews.cz\/cs_cz\/wp-json\/wp\/v2\/media\/30795"}],"wp:attachment":[{"href":"https:\/\/gnews.cz\/cs_cz\/wp-json\/wp\/v2\/media?parent=30794"}],"wp:term":[{"taxonomy":"category","embeddable":true,"href":"https:\/\/gnews.cz\/cs_cz\/wp-json\/wp\/v2\/categories?post=30794"},{"taxonomy":"post_tag","embeddable":true,"href":"https:\/\/gnews.cz\/cs_cz\/wp-json\/wp\/v2\/tags?post=30794"}],"curies":[{"name":"wp","href":"https:\/\/api.w.org\/{rel}","templated":true}]}}