{"id":30983,"date":"2025-07-17T03:48:00","date_gmt":"2025-07-17T01:48:00","guid":{"rendered":"https:\/\/www.gnews.cz\/?p=30983"},"modified":"2025-07-16T15:52:28","modified_gmt":"2025-07-16T13:52:28","slug":"pro-cinu-a-eu-je-velmi-dulezite-posileni-dialogu-a-spoluprace","status":"publish","type":"post","link":"https:\/\/gnews.cz\/cs_cz\/kultura\/pro-cinu-a-eu-je-velmi-dulezite-posileni-dialogu-a-spoluprace\/","title":{"rendered":"Pro \u010c\u00ednu a EU je velmi d\u016fle\u017eit\u00e9 pos\u00edlen\u00ed dialogu a spolupr\u00e1ce"},"content":{"rendered":"\n<p><strong>Mluv\u010d\u00ed Ministerstva zahrani\u010d\u00ed \u010c\u00ednsk\u00e9 lidov\u00e9 republiky Lin Jian na pravideln\u00e9 tiskov\u00e9 konferenci uvedl, \u017ee za sou\u010dasn\u00fdch okolnost\u00ed se \u010c\u00edna a Evropsk\u00fd parlament domn\u00edvaj\u00ed, \u017ee je velmi d\u016fle\u017eit\u00e9, aby \u010c\u00edna a Evropa pos\u00edlily dialog a spolupr\u00e1ci.<\/strong><\/p>\n\n\n\n<p>Jak se ob\u011b strany dohodly, \u010c\u00edna a Evropsk\u00fd parlament se rozhodly sou\u010dasn\u011b a \u00fapln\u011b zru\u0161it omezen\u00ed vz\u00e1jemn\u00fdch v\u00fdm\u011bn.<\/p>\n\n\n\n<blockquote class=\"wp-block-quote is-layout-flow wp-block-quote-is-layout-flow\">\n<p><em>\u201eV\u011b\u0159\u00edme a o\u010dek\u00e1v\u00e1me, \u017ee s pln\u00fdm obnoven\u00edm v\u00fdm\u011bn mezi z\u00e1konod\u00e1rn\u00fdmi org\u00e1ny mezi \u010c\u00ednou a EU dojde k prohlouben\u00ed v\u00fdm\u011bn a porozum\u011bn\u00ed mezi ob\u011bma stranami, co\u017e vnese nov\u00fd impuls do trval\u00e9ho, zdrav\u00e9ho a stabiln\u00edho rozvoje vztah\u016f mezi \u010c\u00ednou a Evropou,\u201c<\/em> uvedl.<\/p>\n<\/blockquote>\n\n\n\n<p><strong><a href=\"https:\/\/czech.cri.cn\/2025\/07\/16\/ARTI1752668497512918\" title=\"\">CMG<\/a><\/strong><\/p>\n","protected":false},"excerpt":{"rendered":"<p>Mluv\u010d\u00ed Ministerstva zahrani\u010d\u00ed \u010c\u00ednsk\u00e9 lidov\u00e9 republiky Lin Jian na pravideln\u00e9 tiskov\u00e9 konferenci uvedl, \u017ee za sou\u010dasn\u00fdch okolnost\u00ed se \u010c\u00edna a Evropsk\u00fd parlament&hellip;<\/p>\n","protected":false},"author":6,"featured_media":30984,"comment_status":"closed","ping_status":"closed","sticky":false,"template":"","format":"standard","meta":{"_acf_changed":false,"_lmt_disableupdate":"","_lmt_disable":"","footnotes":""},"categories":[6,7,2973],"tags":[22,18,1523,46,714],"class_list":["post-30983","post","type-post","status-publish","format-standard","has-post-thumbnail","hentry","category-kultura","category-politika","category-zahranicni","tag-cina","tag-cmg","tag-diplomacie","tag-eu","tag-spoluprace"],"acf":[],"aioseo_notices":[],"_links":{"self":[{"href":"https:\/\/gnews.cz\/cs_cz\/wp-json\/wp\/v2\/posts\/30983","targetHints":{"allow":["GET"]}}],"collection":[{"href":"https:\/\/gnews.cz\/cs_cz\/wp-json\/wp\/v2\/posts"}],"about":[{"href":"https:\/\/gnews.cz\/cs_cz\/wp-json\/wp\/v2\/types\/post"}],"author":[{"embeddable":true,"href":"https:\/\/gnews.cz\/cs_cz\/wp-json\/wp\/v2\/users\/6"}],"replies":[{"embeddable":true,"href":"https:\/\/gnews.cz\/cs_cz\/wp-json\/wp\/v2\/comments?post=30983"}],"version-history":[{"count":0,"href":"https:\/\/gnews.cz\/cs_cz\/wp-json\/wp\/v2\/posts\/30983\/revisions"}],"wp:featuredmedia":[{"embeddable":true,"href":"https:\/\/gnews.cz\/cs_cz\/wp-json\/wp\/v2\/media\/30984"}],"wp:attachment":[{"href":"https:\/\/gnews.cz\/cs_cz\/wp-json\/wp\/v2\/media?parent=30983"}],"wp:term":[{"taxonomy":"category","embeddable":true,"href":"https:\/\/gnews.cz\/cs_cz\/wp-json\/wp\/v2\/categories?post=30983"},{"taxonomy":"post_tag","embeddable":true,"href":"https:\/\/gnews.cz\/cs_cz\/wp-json\/wp\/v2\/tags?post=30983"}],"curies":[{"name":"wp","href":"https:\/\/api.w.org\/{rel}","templated":true}]}}