{"id":31539,"date":"2025-07-26T21:00:00","date_gmt":"2025-07-26T19:00:00","guid":{"rendered":"https:\/\/www.gnews.cz\/?p=31539"},"modified":"2025-07-26T15:58:35","modified_gmt":"2025-07-26T13:58:35","slug":"svetove-uznavany-cesky-tenisovy-hrac-i-trener-jan-kodes-prevzal-cenu-karla-kozeluha-na-turnaji-v-praze","status":"publish","type":"post","link":"https:\/\/gnews.cz\/cs_cz\/tema\/svetove-uznavany-cesky-tenisovy-hrac-i-trener-jan-kodes-prevzal-cenu-karla-kozeluha-na-turnaji-v-praze\/","title":{"rendered":"Sv\u011btov\u011b uzn\u00e1van\u00fd \u010desk\u00fd tenisov\u00fd hr\u00e1\u010d i tren\u00e9r Jan Kode\u0161 p\u0159evzal Cenu Karla Ko\u017eeluha na turnaji v Praze"},"content":{"rendered":"\n<p><strong>PRAHA \u2013 V\u00fdznamn\u00e1 pocta pro legendu \u010desk\u00e9ho tenisu. Trojn\u00e1sobn\u00fd grandslamov\u00fd v\u00edt\u011bz Jan Kode\u0161 dnes b\u011bhem tenisov\u00e9ho turnaje Livesport Prague Open ve Stromovce p\u0159evzal presti\u017en\u00ed Cenu Karla Ko\u017eeluha. Toto ocen\u011bn\u00ed je ka\u017edoro\u010dn\u011b ud\u011blov\u00e1no v\u00fdjime\u010dn\u00fdm osobnostem, kter\u00e9 se z\u00e1sadn\u011b zaslou\u017eily o rozvoj \u010desk\u00e9ho tenisu.<\/strong><\/p>\n\n\n\n<blockquote class=\"wp-block-quote is-layout-flow wp-block-quote-is-layout-flow\">\n<p><strong>Cenu p\u0159edal Petr P\u00e1la, m\u00edstop\u0159edseda \u010cesk\u00e9ho tenisov\u00e9ho svazu, spolu s b\u00fdvalou \u0161pi\u010dkovou hr\u00e1\u010dkou a \u010dlenkou slavn\u00e9ho tenisov\u00e9ho rodu Mirkou Bendlovou-Ko\u017eeluhovou. Ud\u00e1lost prob\u011bhla v p\u0159\u00edjemn\u00e9 atmosf\u00e9\u0159e p\u0159ed zraky div\u00e1k\u016f i mlad\u00fdch nad\u011bj\u00ed \u010desk\u00e9ho tenisu, kter\u00e9 maj\u00ed mo\u017enost setkat se s \u017eivouc\u00edmi ikonami sportu.<\/strong><\/p>\n<\/blockquote>\n\n\n\n<p>Jan Kode\u0161, v\u00edt\u011bz Roland Garros (1970, 1971) a Wimbledonu (1973), pod\u011bkoval za uzn\u00e1n\u00ed a zd\u016fraznil v\u00fdznam tradice a podpory mlad\u00fdch hr\u00e1\u010d\u016f. \u201eJe d\u016fle\u017eit\u00e9 nezapom\u00ednat na minulost, ale hlavn\u011b p\u0159ed\u00e1vat zku\u0161enosti d\u00e1l,\u201c uvedl Kode\u0161. Cena Karla Ko\u017eeluha nese jm\u00e9no legend\u00e1rn\u00edho \u010deskoslovensk\u00e9ho sportovce, kter\u00fd se proslavil nejen v tenise, ale i v dal\u0161\u00edch sportech, a p\u0159ipom\u00edn\u00e1 s\u00edlu odkazu \u010desk\u00e9ho sportu na mezin\u00e1rodn\u00ed sc\u00e9n\u011b.<\/p>\n\n\n\n<p><strong>gnews.cz &#8211; GH<\/strong><\/p>\n","protected":false},"excerpt":{"rendered":"<p>PRAHA \u2013 V\u00fdznamn\u00e1 pocta pro legendu \u010desk\u00e9ho tenisu. Trojn\u00e1sobn\u00fd grandslamov\u00fd v\u00edt\u011bz Jan Kode\u0161 dnes b\u011bhem tenisov\u00e9ho turnaje Livesport Prague Open ve Stromovce&hellip;<\/p>\n","protected":false},"author":2,"featured_media":31540,"comment_status":"closed","ping_status":"closed","sticky":false,"template":"","format":"standard","meta":{"_acf_changed":false,"_lmt_disableupdate":"","_lmt_disable":"","footnotes":""},"categories":[2968,6,1,580],"tags":[4105,45,4103,4104,10,20,288,4108,17,4107,41],"class_list":["post-31539","post","type-post","status-publish","format-standard","has-post-thumbnail","hentry","category-domaci","category-kultura","category-tema","category-vyber-sefredaktora","tag-cena-karla-kozeluha","tag-cr","tag-jan-kodes","tag-livesport-prague-open","tag-news","tag-sport","tag-tenis","tag-tenista","tag-top","tag-trener","tag-world"],"acf":[],"aioseo_notices":[],"_links":{"self":[{"href":"https:\/\/gnews.cz\/cs_cz\/wp-json\/wp\/v2\/posts\/31539","targetHints":{"allow":["GET"]}}],"collection":[{"href":"https:\/\/gnews.cz\/cs_cz\/wp-json\/wp\/v2\/posts"}],"about":[{"href":"https:\/\/gnews.cz\/cs_cz\/wp-json\/wp\/v2\/types\/post"}],"author":[{"embeddable":true,"href":"https:\/\/gnews.cz\/cs_cz\/wp-json\/wp\/v2\/users\/2"}],"replies":[{"embeddable":true,"href":"https:\/\/gnews.cz\/cs_cz\/wp-json\/wp\/v2\/comments?post=31539"}],"version-history":[{"count":0,"href":"https:\/\/gnews.cz\/cs_cz\/wp-json\/wp\/v2\/posts\/31539\/revisions"}],"wp:featuredmedia":[{"embeddable":true,"href":"https:\/\/gnews.cz\/cs_cz\/wp-json\/wp\/v2\/media\/31540"}],"wp:attachment":[{"href":"https:\/\/gnews.cz\/cs_cz\/wp-json\/wp\/v2\/media?parent=31539"}],"wp:term":[{"taxonomy":"category","embeddable":true,"href":"https:\/\/gnews.cz\/cs_cz\/wp-json\/wp\/v2\/categories?post=31539"},{"taxonomy":"post_tag","embeddable":true,"href":"https:\/\/gnews.cz\/cs_cz\/wp-json\/wp\/v2\/tags?post=31539"}],"curies":[{"name":"wp","href":"https:\/\/api.w.org\/{rel}","templated":true}]}}