{"id":31732,"date":"2025-07-31T15:00:00","date_gmt":"2025-07-31T13:00:00","guid":{"rendered":"https:\/\/www.gnews.cz\/?p=31732"},"modified":"2025-07-31T13:57:15","modified_gmt":"2025-07-31T11:57:15","slug":"vetsina-statu-neplni-klimaticky-zavazek-osn-zjistil-think-tank","status":"publish","type":"post","link":"https:\/\/gnews.cz\/cs_cz\/ekonomika\/vetsina-statu-neplni-klimaticky-zavazek-osn-zjistil-think-tank\/","title":{"rendered":"V\u011bt\u0161ina st\u00e1t\u016f nepln\u00ed klimatick\u00fd z\u00e1vazek OSN, zjistil think-tank"},"content":{"rendered":"\n<p><strong>P\u0159esto\u017ee v\u00edce ne\u017e 130 zem\u00ed na klimatick\u00e9m summitu OSN COP28 v Dubaji v roce 2023 p\u0159isl\u00edbilo ztrojn\u00e1sobit kapacitu obnoviteln\u00fdch zdroj\u016f do roku 2030, v\u011bt\u0161ina z nich od t\u00e9 doby neud\u011blala t\u00e9m\u011b\u0159 \u017e\u00e1dn\u00e9 pokroky. Podle nov\u00e9 zpr\u00e1vy klimatick\u00e9ho think-tanku Ember, kterou zve\u0159ejnil britsk\u00fd den\u00edk <em>The Guardian<\/em> , obnovilo sv\u00e9 c\u00edle pouze 22 zem\u00ed \u2013 v\u011bt\u0161inou \u010dlenov\u00e9 EU.<\/strong><\/p>\n\n\n\n<p>Zpr\u00e1va upozor\u0148uje, \u017ee glob\u00e1ln\u00ed sou\u010det n\u00e1rodn\u00edch pl\u00e1n\u016f vzrostl od COP28 jen o 2\u202f%. To by sice mohlo v\u00e9st ke zdvojn\u00e1soben\u00ed kapacity z \u00farovn\u011b roku 2022 na 7,4 terawattu (TW), ale k napln\u011bn\u00ed c\u00edle OSN, tedy 11\u202fTW, by to nesta\u010dilo.<\/p>\n\n\n\n<blockquote class=\"wp-block-quote is-layout-flow wp-block-quote-is-layout-flow\">\n<p><em>\u201eZtrojn\u00e1soben\u00ed glob\u00e1ln\u00ed kapacity obnoviteln\u00fdch zdroj\u016f do roku 2030 je nejz\u00e1sadn\u011bj\u0161\u00edm krokem tohoto desetilet\u00ed pro udr\u017een\u00ed cesty k 1,5 \u00b0C,\u201c<\/em> uv\u00e1d\u00ed zpr\u00e1va think-tanku Ember. <em>\u201eN\u00e1rodn\u00ed c\u00edle v\u0161ak z\u016fst\u00e1vaj\u00ed t\u00e9m\u011b\u0159 beze zm\u011bny a nedosahuj\u00ed pot\u0159ebn\u00e9 \u00farovn\u011b.\u201c<\/em><\/p>\n<\/blockquote>\n\n\n\n<p>Velk\u00fdmi absent\u00e9ry jsou p\u0159edev\u0161\u00edm nejv\u011bt\u0161\u00ed producenti emis\u00ed \u2013 <strong>USA, \u010c\u00edna a Rusko<\/strong> \u2013 kte\u0159\u00ed spole\u010dn\u011b generuj\u00ed t\u00e9m\u011b\u0159 polovinu celosv\u011btov\u00fdch emis\u00ed. USA ani Rusko podle Ember nemaj\u00ed stanoven\u00e9 c\u00edle pro obnoviteln\u00e9 zdroje do roku 2030 a nen\u00ed pravd\u011bpodobn\u00e9, \u017ee by je jejich politi\u010dt\u00ed p\u0159edstavitel\u00e9 brzy definovali.<\/p>\n\n\n\n<p>U \u010c\u00edny se o\u010dek\u00e1v\u00e1, \u017ee kl\u00ed\u010d bude v jej\u00edm <strong>15. p\u011btilet\u00e9m pl\u00e1nu<\/strong> pro energetiku na obdob\u00ed 2026\u20132030, kter\u00fd by m\u011bl b\u00fdt dokon\u010den letos. Do t\u00e9 doby z\u016fst\u00e1v\u00e1 jej\u00ed postoj nejist\u00fd.<\/p>\n\n\n\n<p>Mezi dal\u0161\u00edmi zem\u011bmi mimo EU, kter\u00e9 sv\u00e9 c\u00edle aktualizovaly, jsou nap\u0159. <strong>Vietnam, Austr\u00e1lie, Braz\u00edlie a Korea<\/strong>. Nejambici\u00f3zn\u011bj\u0161\u00ed je Vietnam, kter\u00fd sl\u00edbil zv\u00fd\u0161it kapacitu o 86\u202fGW do roku 2030. Austr\u00e1lie pl\u00e1nuje n\u00e1r\u016fst o 18\u202fGW a Braz\u00edlie o 15\u202fGW. Ji\u017en\u00ed Korea o\u010dek\u00e1v\u00e1 r\u016fst o 9\u202fGW.<\/p>\n\n\n\n<p>Velk\u00e1 Brit\u00e1nie sv\u016fj pl\u00e1n roz\u0161\u00ed\u0159ila o dal\u0161\u00edch 7\u202fGW, aby naplnila z\u00e1vazek nov\u00e9 labouristick\u00e9 vl\u00e1dy vytvo\u0159it t\u00e9m\u011b\u0159 bezuhl\u00edkovou elektroenergetiku.<\/p>\n\n\n\n<p><strong>Indie<\/strong> sv\u00e9 c\u00edle nezm\u011bnila, ale jej\u00ed st\u00e1vaj\u00edc\u00ed pl\u00e1n \u2013 vybudovat 500\u202fGW obnoviteln\u00fdch zdroj\u016f do roku 2030, podle Ember odpov\u00edd\u00e1 celosv\u011btov\u00e9mu c\u00edli.<\/p>\n\n\n\n<p>Naopak n\u011bkter\u00e9 st\u00e1ty sv\u00e9 ambice <strong>oslabily<\/strong> \u2013 nap\u0159\u00edklad <strong>Mexiko a Indon\u00e9sie<\/strong>.<\/p>\n\n\n\n<p>Zpr\u00e1va think-tanku Ember tak potvrzuje, \u017ee bez okam\u017eit\u00e9ho zrychlen\u00ed p\u0159echodu na \u010dist\u00e9 zdroje z\u016fstane sv\u011bt z\u00e1visl\u00fd na fosiln\u00edch palivech, co\u017e by znamenalo <strong>selh\u00e1n\u00ed c\u00edle udr\u017eet glob\u00e1ln\u00ed oteplen\u00ed pod hranic\u00ed 1,5 \u00b0C<\/strong>, jak bylo dohodnuto v Pa\u0159\u00ed\u017esk\u00e9 dohod\u011b.<\/p>\n\n\n\n<p><strong><a href=\"https:\/\/www.theguardian.com\/europe\" title=\"\">The Guardian<\/a>\/gnesw.cz &#8211; GH<\/strong><\/p>\n","protected":false},"excerpt":{"rendered":"<p>P\u0159esto\u017ee v\u00edce ne\u017e 130 zem\u00ed na klimatick\u00e9m summitu OSN COP28 v Dubaji v roce 2023 p\u0159isl\u00edbilo ztrojn\u00e1sobit kapacitu obnoviteln\u00fdch zdroj\u016f do roku&hellip;<\/p>\n","protected":false},"author":6,"featured_media":31335,"comment_status":"closed","ping_status":"closed","sticky":false,"template":"","format":"standard","meta":{"_acf_changed":false,"_lmt_disableupdate":"","_lmt_disable":"","footnotes":""},"categories":[2968,4,7,2973],"tags":[4178,257,2077,148,1113,17],"class_list":["post-31732","post","type-post","status-publish","format-standard","has-post-thumbnail","hentry","category-domaci","category-ekonomika","category-politika","category-zahranicni","tag-cop28","tag-ekologie","tag-klima","tag-osn","tag-pocasi","tag-top"],"acf":[],"aioseo_notices":[],"_links":{"self":[{"href":"https:\/\/gnews.cz\/cs_cz\/wp-json\/wp\/v2\/posts\/31732","targetHints":{"allow":["GET"]}}],"collection":[{"href":"https:\/\/gnews.cz\/cs_cz\/wp-json\/wp\/v2\/posts"}],"about":[{"href":"https:\/\/gnews.cz\/cs_cz\/wp-json\/wp\/v2\/types\/post"}],"author":[{"embeddable":true,"href":"https:\/\/gnews.cz\/cs_cz\/wp-json\/wp\/v2\/users\/6"}],"replies":[{"embeddable":true,"href":"https:\/\/gnews.cz\/cs_cz\/wp-json\/wp\/v2\/comments?post=31732"}],"version-history":[{"count":0,"href":"https:\/\/gnews.cz\/cs_cz\/wp-json\/wp\/v2\/posts\/31732\/revisions"}],"wp:featuredmedia":[{"embeddable":true,"href":"https:\/\/gnews.cz\/cs_cz\/wp-json\/wp\/v2\/media\/31335"}],"wp:attachment":[{"href":"https:\/\/gnews.cz\/cs_cz\/wp-json\/wp\/v2\/media?parent=31732"}],"wp:term":[{"taxonomy":"category","embeddable":true,"href":"https:\/\/gnews.cz\/cs_cz\/wp-json\/wp\/v2\/categories?post=31732"},{"taxonomy":"post_tag","embeddable":true,"href":"https:\/\/gnews.cz\/cs_cz\/wp-json\/wp\/v2\/tags?post=31732"}],"curies":[{"name":"wp","href":"https:\/\/api.w.org\/{rel}","templated":true}]}}