{"id":32050,"date":"2025-08-11T11:55:00","date_gmt":"2025-08-11T09:55:00","guid":{"rendered":"https:\/\/www.gnews.cz\/?p=32050"},"modified":"2025-08-10T22:09:30","modified_gmt":"2025-08-10T20:09:30","slug":"shrnuti-uplynuleho-32-tydne-na-general-news-4-srpna-10-srpna-2025","status":"publish","type":"post","link":"https:\/\/gnews.cz\/cs_cz\/tema\/shrnuti-uplynuleho-32-tydne-na-general-news-4-srpna-10-srpna-2025\/","title":{"rendered":"Shrnut\u00ed uplynul\u00e9ho 32. t\u00fddne na General News (4. srpna &#8211; 10. srpna 2025)"},"content":{"rendered":"\n<ul class=\"wp-block-list\">\n<li><strong>04. srpna 2025 \u010c\u00edna odm\u00edtla obvin\u011bn\u00ed americk\u00e9ho z\u00e1stupce: Pro\u010d USA nedovol\u00ed ostatn\u00edm zem\u00edm d\u011blat to, co sama d\u011bl\u00e1?<\/strong><\/li>\n<\/ul>\n\n\n\n<blockquote class=\"wp-block-quote is-layout-flow wp-block-quote-is-layout-flow\">\n<p>\u010c\u00ednsk\u00fd st\u00e1l\u00fd z\u00e1stupce p\u0159i OSN Geng Shuang vystoupil 31. \u010dervence v Rad\u011b bezpe\u010dnosti p\u0159i projedn\u00e1v\u00e1n\u00ed ot\u00e1zky dod\u00e1vek zbran\u00ed Ukrajin\u011b a vyvr\u00e1til obvin\u011bn\u00ed americk\u00e9ho z\u00e1stupce v\u016f\u010di \u010c\u00edn\u011b. Geng Shuang \u0159ekl, \u017ee americk\u00fd z\u00e1stupce ve sv\u00e9m projevu op\u011bt \u0161\u00ed\u0159il nepravdiv\u00e9 informace, hanil a o\u010der\u0148oval \u010d\u00ednskou stranu, co\u017e je zcela nep\u0159ijateln\u00e9. \u010c\u00edna nikdy neposkytla \u017e\u00e1dn\u00e9 smrt\u00edc\u00ed zbran\u011b \u017e\u00e1dn\u00e9 ze stran konfliktu.<strong>&nbsp;V\u00edce <a href=\"https:\/\/www.gnews.cz\/cs_cz\/politika\/cina-odmitla-obvineni-americkeho-zastupce-proc-usa-nedovoli-ostatnim-zemim-delat-to-co-sama-dela\/\" title=\"\">zde<\/a><\/strong><\/p>\n<\/blockquote>\n\n\n\n<ul class=\"wp-block-list\">\n<li><strong>05. srpna 2025 Izrael \u010del\u00ed mezin\u00e1rodn\u00ed izolaci, \u0161ance na dohodu s Ham\u00e1sem jsou miziv\u00e9<\/strong><\/li>\n<\/ul>\n\n\n\n<blockquote class=\"wp-block-quote is-layout-flow wp-block-quote-is-layout-flow\">\n<p>Hlasit\u011bj\u0161\u00ed v\u00fdzvy ze Z\u00e1padu k uzn\u00e1n\u00ed St\u00e1tu Palestina poukazuj\u00ed na rostouc\u00ed izolaci Izraele na mezin\u00e1rodn\u00ed sc\u00e9n\u011b, uvedl den\u00edk&nbsp;<em>The Globe and Mail<\/em>. <em>\u201eRozhodnut\u00ed pokra\u010dovat ve v\u00e1lce u\u010dinilo \u017eidovsk\u00fd st\u00e1t izolovan\u011bj\u0161\u00edm ne\u017e kdykoli p\u0159edt\u00edm v jeho historii,\u201c<\/em>&nbsp;uvedl list.&nbsp;<em>\u201ePouze Spojen\u00e9 st\u00e1ty nad\u00e1le poskytuj\u00ed Izraeli t\u00e9m\u011b\u0159 bezv\u00fdhradnou podporu, zat\u00edmco ten pokra\u010duje v eskalaci konfliktu,\u201c<\/em>&nbsp; <strong>V\u00edce <a href=\"https:\/\/www.gnews.cz\/cs_cz\/neprehlednete\/izrael-celi-mezinarodni-izolaci-sance-na-dohodu-s-hamasem-jsou-mizive\/\" title=\"\">zde<\/a><\/strong><\/p>\n<\/blockquote>\n\n\n\n<ul class=\"wp-block-list\">\n<li><strong>05. srpna 2025 UNESCO zahajuje expedici na Kilimand\u017e\u00e1ro, aby upozornilo na t\u00e1n\u00ed ledovc\u016f<\/strong><\/li>\n<\/ul>\n\n\n\n<blockquote class=\"wp-block-quote is-layout-flow wp-block-quote-is-layout-flow\">\n<p>NAIROB \u2013 Organizace OSN pro vzd\u011bl\u00e1v\u00e1n\u00ed, v\u011bdu a kulturu (UNESCO) v \u00fater\u00fd ozn\u00e1mila, \u017ee prob\u00edh\u00e1 expedice 50 \u010dlenn\u00e9ho t\u00fdmu na vrchol hory Kilimand\u017e\u00e1ro, jej\u00edm\u017e c\u00edlem je upozornit na rychl\u00e9 t\u00e1n\u00ed ledovc\u016f zp\u016fsoben\u00e9 zm\u011bnou klimatu.&nbsp; Hora Kilimand\u017e\u00e1ro, kter\u00e1 je od roku 1987 zaps\u00e1na na seznamu sv\u011btov\u00e9ho d\u011bdictv\u00ed UNESCO a slou\u017e\u00ed jako kl\u00ed\u010dov\u00fd zdroj vody pro miliony lid\u00ed v Keni a Tanzanii, ztr\u00e1c\u00ed sv\u00e9 ledovce alarmuj\u00edc\u00edm tempem.&nbsp;<strong>V\u00edce <a href=\"https:\/\/www.gnews.cz\/cs_cz\/neprehlednete\/unesco-zahajuje-expedici-na-kilimandzaro-aby-upozornilo-na-tani-ledovcu\/\" title=\"\">zde<\/a><\/strong><\/p>\n<\/blockquote>\n\n\n\n<ul class=\"wp-block-list\">\n<li><strong>06. srpna 2025 Denn\u00ed shrnut\u00ed ekonomiky v \u010cR: Hitachi, DHL Supply Chain, PPF, Rohl\u00edk Group a Raiffeisenbank (6. srpna 2025)<\/strong><\/li>\n<\/ul>\n\n\n\n<blockquote class=\"wp-block-quote is-layout-flow wp-block-quote-is-layout-flow\">\n<p>\u010cesk\u00e1 ekonomika zaznamenala b\u011bhem posledn\u00edch 24 hodin v\u00fdrazn\u00e9 pohyby nap\u0159\u00ed\u010d kl\u00ed\u010dov\u00fdmi sektory, zejm\u00e9na v oblasti bankovnictv\u00ed, energetiky a technologi\u00ed. Index PX uzav\u0159el s m\u00edrn\u00fdm r\u016fstem o 0,6 %, p\u0159i\u010dem\u017e tahouny byly p\u0159edev\u0161\u00edm akcie \u010cEZ a Komer\u010dn\u00ed banky. Inflace v \u010dervenci zpomalila na 3,1 %, co\u017e p\u0159ekonalo o\u010dek\u00e1v\u00e1n\u00ed \u010cesk\u00e9 n\u00e1rodn\u00ed banky a otev\u00edr\u00e1 prostor pro dal\u0161\u00ed uvoln\u011bn\u00ed m\u011bnov\u00e9 politiky. <strong>V\u00edce <a href=\"https:\/\/www.gnews.cz\/cs_cz\/ekonomika\/denni-shrnuti-ekonomiky-v-cr-hitachi-dhl-supply-chain-ppf-rohlik-group-a-raiffeisenbank-6-srpna-2025\/\" title=\"\">zde<\/a><\/strong><\/p>\n<\/blockquote>\n\n\n\n<ul class=\"wp-block-list\">\n<li><strong>07. srpna 2025 Rada bezpe\u010dnosti OSN uspo\u0159\u00e1dala otev\u0159enou sch\u016fzi o ot\u00e1zce Palestiny a Izraele, \u010c\u00edna vyzvala k trval\u00e9mu p\u0159\u00edm\u011b\u0159\u00ed a podpo\u0159e \u201e\u0159e\u0161en\u00ed dvou st\u00e1t\u016f\u201c<\/strong><\/li>\n<\/ul>\n\n\n\n<blockquote class=\"wp-block-quote is-layout-flow wp-block-quote-is-layout-flow\">\n<p>Rada bezpe\u010dnosti OSN uspo\u0159\u00e1dala otev\u0159enou sch\u016fzi o ot\u00e1zce Palestiny a Izraele a vyj\u00e1d\u0159ila obavy ohledn\u011b bezpe\u010dnosti v\u00edce ne\u017e 50 lid\u00ed zadr\u017een\u00fdch Hamasem v Gaze. N\u00e1m\u011bstek \u010d\u00ednsk\u00e9ho st\u00e1l\u00e9ho z\u00e1stupce \u010c\u00edny p\u0159i OSN Geng Shuang si p\u0159eje, aby v\u0161ichni p\u0159e\u017eiv\u0161\u00ed zadr\u017een\u00ed byli brzy propu\u0161t\u011bni, d\u00e1le vyzval Izrael a Palestinu k okam\u017eit\u00e9mu a trval\u00e9mu p\u0159\u00edm\u011b\u0159\u00ed a podpo\u0159e \u201e\u0159e\u0161en\u00ed dvou st\u00e1t\u016f\u201c. <strong>V\u00edce<a href=\"https:\/\/www.gnews.cz\/cs_cz\/politika\/rada-bezpecnosti-osn-usporadala-otevrenou-schuzi-o-otazce-palestiny-a-izraele-cina-vyzvala-k-trvalemu-primeri-a-podpore-reseni-dvou-statu\/\" title=\"\"> zde<\/a><\/strong><\/p>\n<\/blockquote>\n\n\n\n<ul class=\"wp-block-list\">\n<li><strong>08. srpna 2025 Spojen\u00e9 st\u00e1ty ozn\u00e1mily odm\u011bnu 50 milion\u016f dolar\u016f za dopaden\u00ed venezuelsk\u00e9ho prezidenta Nicol\u00e1se Madura<\/strong><\/li>\n<\/ul>\n\n\n\n<blockquote class=\"wp-block-quote is-layout-flow wp-block-quote-is-layout-flow\">\n<p>WASHINGTON \u2013 Spojen\u00e9 st\u00e1ty dnes ozn\u00e1mily v\u00fdrazn\u00e9 nav\u00fd\u0161en\u00ed finan\u010dn\u00ed odm\u011bny za informace vedouc\u00ed k dopaden\u00ed venezuelsk\u00e9ho prezidenta Nicol\u00e1se Madura. Podle prohl\u00e1\u0161en\u00ed americk\u00e9 ministryn\u011b spravedlnosti Pamely Bondiov\u00e9 Washington nab\u00edz\u00ed 50 milion\u016f dolar\u016f (t\u00e9m\u011b\u0159 1,1 miliardy korun). \u010c\u00e1stka je dvojn\u00e1sobn\u00e1 oproti odm\u011bn\u011b ve v\u00fd\u0161i 25 milion\u016f dolar\u016f, kterou USA vypsaly letos v lednu. <strong>V\u00edce <a href=\"https:\/\/www.gnews.cz\/cs_cz\/tema\/spojene-staty-oznamili-odmenu-50-milionu-za-k-dopadeni-venezuelskeho-prezidenta-nicolase-madura\/\" title=\"\">zde<\/a><\/strong><\/p>\n<\/blockquote>\n\n\n\n<ul class=\"wp-block-list\">\n<li><strong>09. srpna 2025 Setk\u00e1n\u00ed na Alja\u0161ce: Moskva o\u010dek\u00e1v\u00e1, \u017ee toto setk\u00e1n\u00ed bude d\u016fle\u017eit\u00fdm krokem v bilater\u00e1ln\u00edch vztaz\u00edch<\/strong><\/li>\n<\/ul>\n\n\n\n<blockquote class=\"wp-block-quote is-layout-flow wp-block-quote-is-layout-flow\">\n<p>WASHINGTON \u2013 Americk\u00fd prezident Donald Trump dnes ozn\u00e1mil, \u017ee se 15. srpna setk\u00e1 se sv\u00fdm rusk\u00fdm prot\u011bj\u0161kem Vladimirem Putinem na Alja\u0161ce. Ozn\u00e1men\u00ed u\u010dinil bez uveden\u00ed bli\u017e\u0161\u00edch detail\u016f, p\u0159i\u010dem\u017e d\u016fvod a program summitu z\u016fst\u00e1vaj\u00ed neup\u0159esn\u011bny. Podle zdroje pozd\u011bji term\u00edn i m\u00edsto sch\u016fzky potvrdil poradce Kremlu Jurij U\u0161akov. <strong>V\u00edce <a href=\"https:\/\/www.gnews.cz\/cs_cz\/tema\/setkani-na-aljasce-moskva-ocekava-ze-toto-setkani-bude-dulezitym-krokem-v-bilateralnich-vztazich\/\" title=\"\">zde<\/a><\/strong><\/p>\n<\/blockquote>\n\n\n\n<ul class=\"wp-block-list\">\n<li><strong>10. srpna 2025 \u201eStuttgartsk\u00e9 muzeum otev\u0159e v\u00fdstavu, kam sm\u00ed n\u00e1v\u0161t\u011bvn\u00edci jen naz\u00ed\u201c<\/strong><\/li>\n<\/ul>\n\n\n\n<blockquote class=\"wp-block-quote is-layout-flow wp-block-quote-is-layout-flow\">\n<p>STUTTGART \u2013 Muzeum historie v n\u011bmeck\u00e9m Stuttgartu p\u0159ipravilo neobvyklou ud\u00e1lost, kter\u00e1 u\u017e te\u010f vzbuzuje pozornost doma i v zahrani\u010d\u00ed. V r\u00e1mci speci\u00e1ln\u00ed v\u00fdstavy s n\u00e1zvem Frei Schwimmen (Voln\u00e9 plav\u00e1n\u00ed), v\u011bnovan\u00e9 historii ve\u0159ejn\u00fdch koupali\u0161\u0165, budou m\u00edt vstup povolen pouze n\u00e1v\u0161t\u011bvn\u00edci, kte\u0159\u00ed p\u0159ijdou zcela naz\u00ed. O t\u00e9to neobvykl\u00e9 podm\u00ednce informovala v ned\u011bli n\u011bmeck\u00e1 m\u00e9dia. <strong>V\u00edce <a href=\"https:\/\/www.gnews.cz\/cs_cz\/tema\/stuttgartske-muzeum-otevre-vystavu-kam-smi-navstevnici-jen-nazi\/\" title=\"\">zde<\/a><\/strong><\/p>\n<\/blockquote>\n\n\n\n<ul class=\"wp-block-list\">\n<li><strong>10. srpna 2025 Sch\u016fzka prezident\u016f Trumpa a Putina vyvolala reakci EU. Kallasov\u00e1 svolala ministry zahrani\u010d\u00ed<\/strong><\/li>\n<\/ul>\n\n\n\n<blockquote class=\"wp-block-quote is-layout-flow wp-block-quote-is-layout-flow\">\n<p>BRUSEL \u2013 \u0160\u00e9fka unijn\u00ed diplomacie Kaja Kallasov\u00e1 dnes ozn\u00e1mila, \u017ee na pond\u011bl\u00ed svolala mimo\u0159\u00e1dn\u00e9 jedn\u00e1n\u00ed ministr\u016f zahrani\u010d\u00ed \u010dlensk\u00fdch st\u00e1t\u016f Evropsk\u00e9 unie. D\u016fvodem je pl\u00e1novan\u00e1 sch\u016fzka prezidenta Spojen\u00fdch st\u00e1t\u016f Donalda Trumpa a rusk\u00e9ho prezidenta Vladimira Putina, kte\u0159\u00ed by m\u011bli jednat o ukon\u010den\u00ed v\u00e1lky na Ukrajin\u011b. Informovala o tom agentura Reuters. <strong>V\u00edce <a href=\"https:\/\/www.gnews.cz\/cs_cz\/tema\/kaja-kallasova-dnes-svolala-mimoradne-jednani-ministru-zahranici-eu-duvodem-je-schuzka-prezidentu-donalda-trumpa-a-vladimira-putina\/\" title=\"\">zde<\/a><\/strong><\/p>\n<\/blockquote>\n\n\n\n<p><strong>General News<\/strong><\/p>\n","protected":false},"excerpt":{"rendered":"<p>\u010c\u00ednsk\u00fd st\u00e1l\u00fd z\u00e1stupce p\u0159i OSN Geng Shuang vystoupil 31. \u010dervence v Rad\u011b bezpe\u010dnosti p\u0159i projedn\u00e1v\u00e1n\u00ed ot\u00e1zky dod\u00e1vek zbran\u00ed Ukrajin\u011b a vyvr\u00e1til obvin\u011bn\u00ed&hellip;<\/p>\n","protected":false},"author":2,"featured_media":31807,"comment_status":"closed","ping_status":"closed","sticky":false,"template":"","format":"standard","meta":{"_acf_changed":false,"_lmt_disableupdate":"","_lmt_disable":"","footnotes":""},"categories":[2968,7,1,1376,580,2973],"tags":[45,22,496,4275,164,4274,49,4230,10,563,4277,148,50,3183,26,4276,17,818,38,693,41],"class_list":["post-32050","post","type-post","status-publish","format-standard","has-post-thumbnail","hentry","category-domaci","category-politika","category-tema","category-tyden-na-general-news","category-vyber-sefredaktora","category-zahranicni","tag-cr","tag-cina","tag-donald-trump","tag-geng-shuang","tag-hamas-2","tag-hitashi","tag-izrael","tag-kilimandzaro","tag-news","tag-nikolas-maduro","tag-nude","tag-osn","tag-palestina","tag-ppf","tag-rusko","tag-stuttgart","tag-top","tag-unesco","tag-usa","tag-vladimir-putin","tag-world"],"acf":[],"aioseo_notices":[],"_links":{"self":[{"href":"https:\/\/gnews.cz\/cs_cz\/wp-json\/wp\/v2\/posts\/32050","targetHints":{"allow":["GET"]}}],"collection":[{"href":"https:\/\/gnews.cz\/cs_cz\/wp-json\/wp\/v2\/posts"}],"about":[{"href":"https:\/\/gnews.cz\/cs_cz\/wp-json\/wp\/v2\/types\/post"}],"author":[{"embeddable":true,"href":"https:\/\/gnews.cz\/cs_cz\/wp-json\/wp\/v2\/users\/2"}],"replies":[{"embeddable":true,"href":"https:\/\/gnews.cz\/cs_cz\/wp-json\/wp\/v2\/comments?post=32050"}],"version-history":[{"count":0,"href":"https:\/\/gnews.cz\/cs_cz\/wp-json\/wp\/v2\/posts\/32050\/revisions"}],"wp:featuredmedia":[{"embeddable":true,"href":"https:\/\/gnews.cz\/cs_cz\/wp-json\/wp\/v2\/media\/31807"}],"wp:attachment":[{"href":"https:\/\/gnews.cz\/cs_cz\/wp-json\/wp\/v2\/media?parent=32050"}],"wp:term":[{"taxonomy":"category","embeddable":true,"href":"https:\/\/gnews.cz\/cs_cz\/wp-json\/wp\/v2\/categories?post=32050"},{"taxonomy":"post_tag","embeddable":true,"href":"https:\/\/gnews.cz\/cs_cz\/wp-json\/wp\/v2\/tags?post=32050"}],"curies":[{"name":"wp","href":"https:\/\/api.w.org\/{rel}","templated":true}]}}