{"id":34003,"date":"2025-09-30T10:15:00","date_gmt":"2025-09-30T08:15:00","guid":{"rendered":"https:\/\/www.gnews.cz\/?p=34003"},"modified":"2025-09-30T10:21:46","modified_gmt":"2025-09-30T08:21:46","slug":"miroslav-sevcik-levna-energie-a-svoboda-slova-jsou-klicem-k-budoucnosti-ceska","status":"publish","type":"post","link":"https:\/\/gnews.cz\/cs_cz\/tema\/miroslav-sevcik-levna-energie-a-svoboda-slova-jsou-klicem-k-budoucnosti-ceska\/","title":{"rendered":"Miroslav \u0160ev\u010d\u00edk: Levn\u00e1 energie a svoboda slova jsou kl\u00ed\u010dem k budoucnosti \u010ceska"},"content":{"rendered":"\n<p><strong>Ostrou kritikou vl\u00e1dy, Evropsk\u00e9 unie i sou\u010dasn\u00e9ho stavu ekonomiky vstupuje do p\u0159edvolebn\u00edho boje Miroslav \u0160ev\u010d\u00edk, b\u00fdval\u00fd d\u011bkan N\u00e1rodohospod\u00e1\u0159sk\u00e9 fakulty V\u0160E a zn\u00e1m\u00fd ekonom, kter\u00fd kandiduje do Poslaneck\u00e9 sn\u011bmovny jako l\u00eddr SPD v Jihomoravsk\u00e9m kraji s podporou Trikolory, PRO a Svobodn\u00fdch. Podle n\u011bj \u010deskou ekonomiku dus\u00ed drah\u00e9 energie, p\u0159ebujel\u00e1 byrokracie a ideologick\u00e9 experimenty z Bruselu. \u0158\u00edk\u00e1 jasn\u011b: \u201eU\u017e ani korunu z ve\u0159ejn\u00fdch rozpo\u010dt\u016f nazmar&nbsp;a Euru trval\u00e9 nazdar.\u201c Z\u00e1rove\u0148 varuje p\u0159ed n\u00e1vratem est\u00e9b\u00e1ck\u00fdch praktik a zd\u016fraz\u0148uje, \u017ee bez svobody slova se \u010desk\u00e1 spole\u010dnost nem\u016f\u017ee rozv\u00edjet.&nbsp;<\/strong><\/p>\n\n\n\n<p><strong>Jak byste dnes charakterizoval stav \u010desk\u00e9 ekonomiky? Co ji podle v\u00e1s nejv\u00edce ohro\u017euje a kde naopak vid\u00edte p\u0159\u00edle\u017eitosti do budoucna?&nbsp;<\/strong><\/p>\n\n\n\n<p>Fialova&nbsp;vl\u00e1da selhala zejm\u00e9na v energetice. M\u00e1me jedny z nejvy\u0161\u0161\u00edch cen&nbsp;energi\u00ed v Evrop\u011b a Fit for 55 je bl\u00e1zniv\u00fd projekt, kter\u00fd n\u00e1s stoj\u00ed stovky miliard ro\u010dn\u011b.&nbsp;Nejcitovan\u011bj\u0161\u00ed ekonom N\u011bmecka Hans Werner Sinn ho nazval nejcentralisti\u010dt\u011bj\u0161\u00edm ekonomick\u00fdm projektem v Evrop\u011b po 2. sv\u011btov\u00e9 v\u00e1lce. <\/p>\n\n\n\n<p>Nizozemsk\u00fd ekonom a&nbsp; sen\u00e1tor Henk Otten kritizoval spoluautora zelen\u00e9 doktr\u00edny Franse Timmermanse, \u017ee tajn\u011b podpl\u00e1cel ekologick\u00e9 spolky pen\u011bzi z EU, aby prosadil svou idiotskou zelenou dohodu, kter\u00e1 nyn\u00ed sr\u00e1\u017e\u00ed evropsk\u00e9 ekonomiky na kolena. Samoz\u0159ejm\u011b tento idiotismus&nbsp; dramaticky znev\u00fdhod\u0148uje na\u0161e podniky i dom\u00e1cnosti. Nejv\u011bt\u0161\u00ed hrozbou jsou vnit\u0159n\u00ed chyby \u2013 zadlu\u017eov\u00e1n\u00ed, byrokracie a p\u0159eb\u00edr\u00e1n\u00ed ideologick\u00fdch experiment\u016f z Bruselu. P\u0159\u00edle\u017eitost\u00ed je n\u00e1vrat k levn\u00e9 elekt\u0159in\u011b z dom\u00e1c\u00edch zdroj\u016f, rozvoj jadern\u00e9 energetiky a m\u00e9n\u011b regulace v podnik\u00e1n\u00ed.&nbsp;<\/p>\n\n\n\n<p><strong>Jak se d\u00edv\u00e1te na na\u0161e \u010dlenstv\u00ed v Evropsk\u00e9 unii a p\u0159\u00edpadnou alternativu? Bylo by vystoupen\u00ed pro \u010cesko ekonomicky v\u00fdhodn\u011bj\u0161\u00ed?&nbsp;<\/strong><\/p>\n\n\n\n<p>Pokud by EU byla jen o voln\u00e9m obchodu a pohybu zbo\u017e\u00ed, slu\u017eeb a lid\u00ed,&nbsp; tak by to d\u00e1valo smysl. Ale dne\u0161n\u00ed EU je byrokratick\u00fd&nbsp;p\u0159eregulovan\u00fd&nbsp;moloch,&nbsp;slou\u017e\u00edc\u00ed z\u00e1jm\u016fm bruselsk\u00e9ho establishmentu a americk\u00fdm finan\u010dn\u00edm oligarch\u016fm.&nbsp;Alternativou pro&nbsp;n\u00e1s m\u016f\u017ee b\u00fdt EFTA nebo voln\u00fd obchod se sv\u011btem, v\u010detn\u011b Asie a BRICS. Euroz\u00f3na nen\u00ed optim\u00e1ln\u00ed m\u011bnov\u00e1 z\u00f3na. Zaveden\u00ed eura je politick\u00fd projekt, kter\u00fd pom\u00e1h\u00e1 N\u011bmecku, ale po\u0161kozuje men\u0161\u00ed zem\u011b. Vid\u00edme,&nbsp;\u017ee po zaveden\u00ed Eura nap\u0159\u00edklad&nbsp;Slovensko sp\u00ed\u0161e zaost\u00e1v\u00e1,&nbsp;tedy diverguje, zat\u00edmco Pol\u00e1ci nebo \u0160v\u00e9dov\u00e9, kte\u0159\u00ed si ponechali svou m\u011bnu, jsou na tom l\u00e9pe. J\u00e1 \u0159\u00edk\u00e1m jasn\u011b: U\u017e ani korunu z ve\u0159ejn\u00fdch rozpo\u010dt\u016f nazmar&nbsp;a euru trval\u00e9 nazdar.&nbsp;<\/p>\n\n\n\n<figure class=\"wp-block-image size-full\"><img decoding=\"async\" src=\"https:\/\/www.gnews.cz\/wp-content\/uploads\/2025\/09\/sevcik2.jpg\" alt=\"\" class=\"wp-image-34005\"\/><\/figure>\n\n\n\n<p><strong>Jak hodnot\u00edte vztahy se Slovenskem a co si mysl\u00edte o chystan\u00fdch dohod\u00e1ch mezi EU a USA?<\/strong><\/p>\n\n\n\n<p>Historicky jsme si bl\u00edzc\u00ed, ale politicky se cesty&nbsp;za Fialovy vl\u00e1dy bohu\u017eel&nbsp;rozch\u00e1zej\u00ed. Slovensko je pragmati\u010dt\u011bj\u0161\u00ed, \u010cesko z\u016fst\u00e1v\u00e1 v sou\u010dasnosti v\u00edce uv\u011bzn\u011bno v&nbsp;eurohujersk\u00fdch&nbsp;ideologick\u00fdch gestech. To ale neznamen\u00e1, \u017ee bychom nemohli spolupracovat v energetice \u010di infrastruktu\u0159e. Pokud jde o dohody typu TTIP, ka\u017ed\u00e1 m\u00e1 smysl, jen pokud je v\u00fdhodn\u00e1 i pro na\u0161e firmy. Rizikem je, \u017ee se dov\u00e1\u017e\u00ed regulace a nerovn\u00e9 podm\u00ednky&nbsp;z EU. Pokud nebudeme chr\u00e1nit vlastn\u00ed zem\u011bd\u011blce a pr\u016fmysl, m\u016f\u017eeme na tom tratit.<\/p>\n\n\n\n<p><strong>Jak hodnot\u00edte hospod\u00e1\u0159skou situaci Ukrajiny?&nbsp;<\/strong><\/p>\n\n\n\n<p>Evropsk\u00fd \u00fa\u010detn\u00ed dv\u016fr u\u017e v roce 2021 konstatoval, \u017ee i p\u0159es obrovskou podporu z\u016fst\u00e1v\u00e1 Ukrajina prolezl\u00e1 korupc\u00ed. Ka\u017edoro\u010dn\u011b tam miz\u00ed des\u00edtky miliard eur.&nbsp;V tiskov\u00e9 zpr\u00e1v\u011b k vyd\u00e1n\u00ed auditu se mimo jin\u00e9 p\u00ed\u0161e: <em>&#8222;Podpora a realizovan\u00e1 opat\u0159en\u00ed v\u0161ak podle auditor\u016f nep\u0159inesly o\u010dek\u00e1van\u00e9 v\u00fdsledky. EU podporuje Ukrajinu v jej\u00edm programu reforem ji\u017e v\u00edce ne\u017e 20 let. Ned\u00edlnou sou\u010d\u00e1st\u00ed t\u00e9to podpory je boj s korupc\u00ed, kter\u00e1 je hlavn\u00ed p\u0159ek\u00e1\u017ekou rozvoje t\u00e9to zem\u011b a je v rozporu s hodnotami EU. Velk\u00e1 korupce a zmoc\u0148ov\u00e1n\u00ed se st\u00e1tu jsou na Ukrajin\u011b v\u0161udyp\u0159\u00edtomn\u00e9. Krom\u011b toho, \u017ee naru\u0161uj\u00ed hospod\u00e1\u0159skou sout\u011b\u017e a r\u016fst, po\u0161kozuj\u00ed tak\u00e9 demokratick\u00fd proces. V d\u016fsledku korupce se ka\u017edoro\u010dn\u011b ztr\u00e1cej\u00ed prost\u0159edky v \u0159\u00e1dech des\u00edtek miliard EUR.&#8220;<\/em><\/p>\n\n\n\n<p>EU si je dlouho v\u011bdoma vazeb mezi oligarchy, vysoce postaven\u00fdmi \u00fa\u0159edn\u00edky, politiky, soudnictv\u00edm a st\u00e1tn\u00edmi podniky. Ukrajina v\u0161ak nevypracovala&nbsp; skute\u010dnou strategii, jak se na velkou korupci zam\u011b\u0159it, upozor\u0148uj\u00ed audito\u0159i.&nbsp;<\/p>\n\n\n\n<p>Bez z\u00e1padn\u00edch pen\u011bz by ekonomika d\u00e1vno zkolabovala. Jsem pacifista, nechci v\u00e1lku, ale mus\u00edme vid\u011bt realitu: tato zem\u011b je z\u00e1visl\u00e1 na dotac\u00edch a dal\u0161\u00edch platb\u00e1ch z EU, USA a n\u011bkter\u00fdch dal\u0161\u00edch zem\u00ed a konflikt jen prodlu\u017euje utrpen\u00ed lid\u00ed.&nbsp;<\/p>\n\n\n\n<p><strong>Jak vn\u00edm\u00e1te aktu\u00e1ln\u00ed \u010deskou zahrani\u010dn\u00ed politiku v\u016f\u010di \u010c\u00edn\u011b?&nbsp;<\/strong><\/p>\n\n\n\n<p>Prezidentovo setk\u00e1n\u00ed s Dalajlamou nebo styky s Tchaj-wanem \u010c\u00edna samoz\u0159ejm\u011b ch\u00e1pe jako vm\u011b\u0161ov\u00e1n\u00ed do vnit\u0159n\u00edch z\u00e1le\u017eitost\u00ed. Kritika lidsk\u00fdch pr\u00e1v je \u010dasto jednostrann\u00e1 a slou\u017e\u00ed jako politick\u00fd n\u00e1stroj. Takov\u00e1 politika m\u016f\u017ee m\u00edt re\u00e1ln\u00e9 ekonomick\u00e9 dopady \u2013 omezen\u00ed investic, zt\u00ed\u017een\u00e1 spolupr\u00e1ce. M\u011bli bychom b\u00fdt pragmati\u010dt\u00ed, jako je t\u0159eba Ma\u010farsko.&nbsp;\u010c\u00ednsk\u00e1 ekonomika se st\u00e1v\u00e1 nejsiln\u011bj\u0161\u00ed ekonomikou sv\u011bta v absolutn\u00edm pojet\u00ed, ale roste i HDP v parit\u011b kupn\u00ed s\u00edly na osobu, technologick\u00e1 vysp\u011blost v n\u011bkter\u00fdch oblastech ji\u017e p\u0159edstihla dosud v\u016fd\u010d\u00ed st\u00e1ty sv\u011bta a p\u0159eva\u017euje pragmatismus p\u0159ed ideologick\u00fdmi v\u00fdk\u0159iky nap\u0159. Green Dealu.&nbsp;&nbsp;<\/p>\n\n\n\n<p><strong>Pokud by po volb\u00e1ch sestavoval vl\u00e1du Andrej Babi\u0161 \u2013 co by m\u011blo b\u00fdt v programov\u00e9m prohl\u00e1\u0161en\u00ed? A pro\u010d jste se rozhodl kandidovat pr\u00e1v\u011b vy?&nbsp;<\/strong><\/p>\n\n\n\n<p>Prioritou mus\u00ed b\u00fdt levn\u00e1 energie, zru\u0161en\u00ed zbyte\u010dn\u00fdch dotac\u00ed a&nbsp;p\u0159erozd\u011blov\u00e1n\u00ed, audit st\u00e1tn\u00ed spr\u00e1vy, zjednodu\u0161en\u00ed&nbsp;da\u0148ov\u00fdch p\u0159edpis\u016f, nezvy\u0161ov\u00e1n\u00ed dan\u00ed&nbsp;a n\u00e1vrat k ekonomick\u00e9 diplomacii. V\u00fdhodou kandidatury s podporou SPD, Trikolory, PRO a Svobodn\u00fdch je spojen\u00ed sil, kter\u00e9 odm\u00edtaj\u00ed&nbsp;byrokratick\u00fd a ideologick\u00fd dikt\u00e1t&nbsp;Bruselu a cht\u011bj\u00ed levn\u00e9 energie a svobodn\u011bj\u0161\u00ed ekonomiku. \u00daskal\u00edm je medi\u00e1ln\u00ed d\u00e9monizace a snaha n\u00e1s ostrakizovat. Ale j\u00e1 kandiduji jako nez\u00e1visl\u00fd \u2013 nejsem \u010dlen \u017e\u00e1dn\u00e9 strany a \u0159\u00edd\u00edm se jen sv\u00fdm sv\u011bdom\u00edm.&nbsp;<\/p>\n\n\n\n<p><strong>Jak\u00fd je v\u00e1\u0161 osobn\u00ed c\u00edl v politice a jak vid\u00edte stav svobody slova v \u010cesku?&nbsp;<\/strong><\/p>\n\n\n\n<p>Chci p\u0159in\u00e9st do politiky sv\u00e9 zku\u0161enosti v ekonomii&nbsp;a hospod\u00e1\u0159sk\u00e9 politiky, bojovat za svobodu slova a proti centralizaci v&nbsp;EUROSAJUZU. Vid\u00edm, \u017ee se vracej\u00ed est\u00e9b\u00e1ck\u00e9 praktiky, a to mus\u00edme zastavit. Ano, lid\u00e9 se boj\u00ed vyjad\u0159ovat sv\u00e9 n\u00e1zory. Vid\u011bli jsme to&nbsp;u\u017e za covidu.&nbsp;Kdo m\u011bl jin\u00fd n\u00e1zor, byl uml\u010dov\u00e1n. Dnes se to vrac\u00ed v je\u0161t\u011b hor\u0161\u00ed podob\u011b. Svoboda slova je z\u00e1kladem demokracie a bez n\u00ed se spole\u010dnost nem\u016f\u017ee rozv\u00edjet.&nbsp;Osobn\u011b se sna\u017e\u00edm \u0159\u00eddit my\u0161lenkou R.W. Emersona: Rad\u011bji budu trp\u011bt pro to, \u017ee \u0159\u00edk\u00e1m pravdu, ne\u017e aby m\u011bla pravda trp\u011bt pro m\u00e9 ml\u010den\u00ed.<\/p>\n\n\n\n<p><strong>Vyjad\u0159ujete se ost\u0159e i k ekologick\u00e9 politice EU. Co konkr\u00e9tn\u011b byste zm\u011bnil?<\/strong><\/p>\n\n\n\n<p>Jednozna\u010dn\u011b zru\u0161it Green Deal. Ten pl\u00e1n o\u017eebra\u010duje lidi. V EU bychom vyjedn\u00e1vali se st\u00e1ty, kter\u00e9 c\u00edt\u00ed stejn\u00fd dopad. M\u00edsto &#8222;idiotsk\u00e9ho Green Dealu&#8220; je t\u0159eba lidem nab\u00eddnout dostupnou energii.&nbsp;Na Kated\u0159e hospod\u00e1\u0159sk\u00e9 a soci\u00e1ln\u00ed politiky na N\u00e1rodohospod\u00e1\u0159sk\u00e9 fakult\u011b jsme zpracovali materi\u00e1l, v kter\u00e9m je navr\u017een dal\u0161\u00ed postup. Zde je odkaz:&nbsp;<a href=\"https:\/\/khp.vse.cz\/aktuality\/ne-green-dealu-zlevnime-energie-koncept-reseni-pro-cr\/\" target=\"_blank\" rel=\"noreferrer noopener\">https:\/\/khp.vse.cz\/aktuality\/ne-green-dealu-zlevnime-energie-koncept-reseni-pro-cr\/<\/a><\/p>\n\n\n\n<p><strong>Jak hodnot\u00edte zm\u011bnu valorizace d\u016fchod\u016f, kterou prosadila Fialova vl\u00e1da, a jak\u00fd je podle v\u00e1s dlouhodob\u011b udr\u017eiteln\u00fd model d\u016fchodov\u00e9ho syst\u00e9mu?<\/strong><\/p>\n\n\n\n<p>To byla zlo\u010dinn\u00e1 zm\u011bna. D\u016fchodci p\u0159i\u0161li o pen\u00edze.&nbsp;Ka\u017ed\u00fd d\u016fchodce do 30.9.2025 p\u0159i\u0161el nejm\u00e9n\u011b o 33 000,- K\u010d. \u00dastavn\u00ed soud sice rozhodl, \u017ee to nen\u00ed proti\u00fastavn\u00ed, ale v\u0161ichni v\u00edme, jak je dnes slo\u017een\u00fd. Pr\u00e1vn\u00ed st\u00e1t je naru\u0161en, rozhodnut\u00ed soud\u016f je \u010dasto v\u011bc\u00ed n\u00e1hody. Pokud jde o dlouhodobou udr\u017eitelnost d\u016fchodov\u00e9ho syst\u00e9mu, odpov\u011b\u010f je jednoduch\u00e1: m\u00edt d\u011bti.&nbsp;Ka\u017ed\u00e1 rodina by m\u011bla m\u00edt nejm\u00e9n\u011b dv\u011b, ale lep\u0161\u00ed by bylo t\u0159i d\u011bti. To je moje odpov\u011b\u010f mlad\u00fdm, kte\u0159\u00ed se ptaj\u00ed, jak m\u00edt jistotu, \u017ee budou m\u00edt jednou d\u016fstojn\u00fd d\u016fchod. Bez p\u0159irozen\u00e9 obnovy populace to prost\u011b nep\u016fjde.&nbsp;<\/p>\n\n\n<div class=\"wp-block-image\">\n<figure class=\"aligncenter size-full\"><img decoding=\"async\" src=\"https:\/\/www.gnews.cz\/wp-content\/uploads\/2025\/09\/sevcik1.jpg\" alt=\"\" class=\"wp-image-34004\"\/><figcaption class=\"wp-element-caption\">Se Zuzanou Majerovou, p\u0159edsedkyn\u00ed politick\u00e9 strany Trikolora<\/figcaption><\/figure>\n<\/div>\n\n\n<p><strong>Jste ekonom. Co \u0159\u00edk\u00e1te na sou\u010dasn\u00fd da\u0148ov\u00fd syst\u00e9m a jeho v\u00fdjimky \u2013 nap\u0159\u00edklad nulovou da\u0148 na v\u00edno?&nbsp;<\/strong><\/p>\n\n\n\n<p>V\u00fdjimek je obrovsk\u00e9 mno\u017estv\u00ed, des\u00edtky, mo\u017en\u00e1 stovky. Ty zbyte\u010dn\u00e9 bych ru\u0161il. Ale nulov\u00e1 da\u0148 na tich\u00e9 v\u00edno m\u00e1 smysl \u2013 je to logick\u00e1 podpora vina\u0159stv\u00ed a regionu, jako je ji\u017en\u00ed Morava.&nbsp;<\/p>\n\n\n\n<p><strong>Kdybyste m\u011bl shrnout t\u0159i hodnoty, na kter\u00fdch by m\u011bla \u010cR stav\u011bt?&nbsp;<\/strong><\/p>\n\n\n\n<p>Za prv\u00e9: svoboda nade v\u0161e (Libertas ultra omnia) a odpov\u011bdnost. Za druh\u00e9: pragmatismus v ekonomice i zahrani\u010dn\u00ed politice.\u00a0 A za t\u0159et\u00ed: suverenita \u2013 abychom si o sob\u011b rozhodovali doma a ne, aby za n\u00e1s rozhodovalo nik\u00fdm nevolen\u00e9 politbyro EUROSAJUZU v Bruselu.\u00a0\u00a0<\/p>\n\n\n\n<p><strong>gnews.cz \/ kal<\/strong><\/p>\n","protected":false},"excerpt":{"rendered":"<p>Ostrou kritikou vl\u00e1dy, Evropsk\u00e9 unie i sou\u010dasn\u00e9ho stavu ekonomiky vstupuje do p\u0159edvolebn\u00edho boje Miroslav \u0160ev\u010d\u00edk, b\u00fdval\u00fd d\u011bkan N\u00e1rodohospod\u00e1\u0159sk\u00e9 fakulty V\u0160E a zn\u00e1m\u00fd&hellip;<\/p>\n","protected":false},"author":1,"featured_media":34006,"comment_status":"closed","ping_status":"closed","sticky":false,"template":"","format":"standard","meta":{"_acf_changed":false,"_lmt_disableupdate":"","_lmt_disable":"","footnotes":""},"categories":[2968,4,3,1],"tags":[6048,6029,1816,573,17,6049,384,370],"class_list":["post-34003","post","type-post","status-publish","format-standard","has-post-thumbnail","hentry","category-domaci","category-ekonomika","category-neprehlednete","category-tema","tag-levna-energie","tag-miroslav-sevcik","tag-poslanecka-snemovna","tag-spd","tag-top","tag-trikolora","tag-volby","tag-vse"],"acf":[],"aioseo_notices":[],"_links":{"self":[{"href":"https:\/\/gnews.cz\/cs_cz\/wp-json\/wp\/v2\/posts\/34003","targetHints":{"allow":["GET"]}}],"collection":[{"href":"https:\/\/gnews.cz\/cs_cz\/wp-json\/wp\/v2\/posts"}],"about":[{"href":"https:\/\/gnews.cz\/cs_cz\/wp-json\/wp\/v2\/types\/post"}],"author":[{"embeddable":true,"href":"https:\/\/gnews.cz\/cs_cz\/wp-json\/wp\/v2\/users\/1"}],"replies":[{"embeddable":true,"href":"https:\/\/gnews.cz\/cs_cz\/wp-json\/wp\/v2\/comments?post=34003"}],"version-history":[{"count":0,"href":"https:\/\/gnews.cz\/cs_cz\/wp-json\/wp\/v2\/posts\/34003\/revisions"}],"wp:featuredmedia":[{"embeddable":true,"href":"https:\/\/gnews.cz\/cs_cz\/wp-json\/wp\/v2\/media\/34006"}],"wp:attachment":[{"href":"https:\/\/gnews.cz\/cs_cz\/wp-json\/wp\/v2\/media?parent=34003"}],"wp:term":[{"taxonomy":"category","embeddable":true,"href":"https:\/\/gnews.cz\/cs_cz\/wp-json\/wp\/v2\/categories?post=34003"},{"taxonomy":"post_tag","embeddable":true,"href":"https:\/\/gnews.cz\/cs_cz\/wp-json\/wp\/v2\/tags?post=34003"}],"curies":[{"name":"wp","href":"https:\/\/api.w.org\/{rel}","templated":true}]}}