{"id":34076,"date":"2025-10-01T21:15:00","date_gmt":"2025-10-01T19:15:00","guid":{"rendered":"https:\/\/www.gnews.cz\/?p=34076"},"modified":"2025-10-01T19:33:33","modified_gmt":"2025-10-01T17:33:33","slug":"francie-zadrzela-tanker-boracay-z-udajne-ruske-stinove-flotily-kreml-hovori-o-provokaci","status":"publish","type":"post","link":"https:\/\/gnews.cz\/cs_cz\/ekonomika\/francie-zadrzela-tanker-boracay-z-udajne-ruske-stinove-flotily-kreml-hovori-o-provokaci\/","title":{"rendered":"Francie zadr\u017eela tanker Boracay z \u00fadajn\u00e9 rusk\u00e9 &#8222;st\u00ednov\u00e9 flotily&#8220;. Kreml hovo\u0159\u00ed o provokaci"},"content":{"rendered":"\n<p><strong>Francouzsk\u00e9 ozbrojen\u00e9 s\u00edly ve spolupr\u00e1ci s n\u00e1mo\u0159nictvem provedly z\u00e1sah na tanker Boracay, kter\u00fd kotv\u00ed u pob\u0159e\u017e\u00ed Francie pobl\u00ed\u017e Saint-Nazaire. Lo\u010f pluj\u00edc\u00ed pod beninsk\u00fdm praporem je podez\u0159el\u00e1 ze zapojen\u00ed do rusk\u00e9 st\u00ednov\u00e9 flotily \u2013 s\u00edt\u011b tanker\u016f, kter\u00e9 \u00fadajn\u011b slou\u017e\u00ed k obch\u00e1zen\u00ed mezin\u00e1rodn\u00edch sankc\u00ed. Na palubu byli vysl\u00e1ni francouz\u0161t\u00ed voj\u00e1ci, aby zajistili kontrolu a zah\u00e1jili vy\u0161et\u0159ov\u00e1n\u00ed.<\/strong><\/p>\n\n\n\n<p>Boracay je dlouhodob\u011b uv\u00e1d\u011bn na sank\u010dn\u00edch seznamech Evropsk\u00e9 unie i Velk\u00e9 Brit\u00e1nie. Podle vy\u0161et\u0159ovatel\u016f se lo\u010f vyzna\u010duje \u010dast\u00fdmi zm\u011bnami identity, nepr\u016fhlednou vlastnickou strukturou a pou\u017e\u00edv\u00e1n\u00edm metod typick\u00fdch pro st\u00ednovou flotilu, jako jsou neleg\u00e1ln\u00ed p\u0159ekl\u00e1dky ropy na mo\u0159i \u010di manipulace s dokumentac\u00ed. Pos\u00e1dka nav\u00edc odm\u00edtla dolo\u017eit st\u00e1tn\u00ed p\u0159\u00edslu\u0161nost plavidla a neuposlechla v\u00fdzev francouzsk\u00fdch \u00fa\u0159ad\u016f.<\/p>\n\n\n\n<blockquote class=\"wp-block-quote is-layout-flow wp-block-quote-is-layout-flow\">\n<p>Z\u00e1sah je vy\u0161et\u0159ov\u00e1n v souvislosti s ned\u00e1vn\u00fdmi incidenty s drony nad D\u00e1nskem. Boracay se podle ve\u0159ejn\u011b dostupn\u00fdch informac\u00ed pohyboval v oblasti Baltu ve dnech, kdy neidentifikovan\u00e9 drony naru\u0161ily provoz na leti\u0161t\u00edch v Kodani a Aalborgu. The Guardian uvedl, \u017ee n\u011bkter\u00e1 z plavidel mohla slou\u017eit jako platforma pro vypou\u0161t\u011bn\u00ed t\u011bchto dron\u016f.<\/p>\n<\/blockquote>\n\n\n\n<p>Francouzsk\u00fd prezident <strong>Emmanuel Macron<\/strong> z\u00e1sah obhajoval a zd\u016fraznil, \u017ee st\u00ednov\u00e1 flotila je re\u00e1ln\u00fdm a nebezpe\u010dn\u00fdm fenom\u00e9nem. Podle odhad\u016f se jedn\u00e1 o \u0161est a\u017e deset set plavidel, kter\u00e1 tajn\u011b p\u0159epravuj\u00ed ruskou ropu a podkop\u00e1vaj\u00ed \u00fa\u010dinnost sankc\u00ed. Reuters citoval Macronova slova, \u017ee Francie mus\u00ed tyto praktiky zastavit a chr\u00e1nit evropskou bezpe\u010dnost i energetickou stabilitu.<\/p>\n\n\n\n<p>Na rusk\u00e9 stran\u011b reagoval mluv\u010d\u00ed Kremlu <strong>Dmitrij Peskov<\/strong>, kter\u00fd prohl\u00e1sil, \u017ee Moskva nem\u00e1 konkr\u00e9tn\u00ed informace o tankeru Boracay. Z\u00e1rove\u0148 obvinil n\u011bkter\u00e9 st\u00e1ty ze <em>\u201ezjevn\u011b provokativn\u00edch akc\u00ed\u201c<\/em>. Podle Peskova se Rusko setk\u00e1v\u00e1 s nep\u0159\u00e1telsk\u00fdm chov\u00e1n\u00edm, kter\u00e9 m\u00e1 destabilizovat situaci v Evrop\u011b. Agentura TASS k tomu dodala, \u017ee Z\u00e1pad se sna\u017e\u00ed roz\u0161\u00ed\u0159it tlak na ruskou st\u00ednovou flotilu i na spojeneck\u00e9 zem\u011b Moskvy, co\u017e rusk\u00e1 m\u00e9dia interpretuj\u00ed jako sou\u010d\u00e1st \u0161ir\u0161\u00ed obchodn\u00ed a informa\u010dn\u00ed v\u00e1lky.<\/p>\n\n\n\n<p><strong>gnews.cz &#8211; GH<\/strong><\/p>\n","protected":false},"excerpt":{"rendered":"<p>Francouzsk\u00e9 ozbrojen\u00e9 s\u00edly ve spolupr\u00e1ci s n\u00e1mo\u0159nictvem provedly z\u00e1sah na tanker Boracay, kter\u00fd kotv\u00ed u pob\u0159e\u017e\u00ed Francie pobl\u00ed\u017e Saint-Nazaire. Lo\u010f pluj\u00edc\u00ed pod&hellip;<\/p>\n","protected":false},"author":6,"featured_media":30235,"comment_status":"closed","ping_status":"closed","sticky":false,"template":"","format":"standard","meta":{"_acf_changed":false,"_lmt_disableupdate":"","_lmt_disable":"","footnotes":""},"categories":[4,2973],"tags":[6127,1464,46,43,3632,26,350,17],"class_list":["post-34076","post","type-post","status-publish","format-standard","has-post-thumbnail","hentry","category-ekonomika","category-zahranicni","tag-boracay","tag-energie","tag-eu","tag-francie","tag-mezinarodni-pravo","tag-rusko","tag-sankce","tag-top"],"acf":[],"aioseo_notices":[],"_links":{"self":[{"href":"https:\/\/gnews.cz\/cs_cz\/wp-json\/wp\/v2\/posts\/34076","targetHints":{"allow":["GET"]}}],"collection":[{"href":"https:\/\/gnews.cz\/cs_cz\/wp-json\/wp\/v2\/posts"}],"about":[{"href":"https:\/\/gnews.cz\/cs_cz\/wp-json\/wp\/v2\/types\/post"}],"author":[{"embeddable":true,"href":"https:\/\/gnews.cz\/cs_cz\/wp-json\/wp\/v2\/users\/6"}],"replies":[{"embeddable":true,"href":"https:\/\/gnews.cz\/cs_cz\/wp-json\/wp\/v2\/comments?post=34076"}],"version-history":[{"count":0,"href":"https:\/\/gnews.cz\/cs_cz\/wp-json\/wp\/v2\/posts\/34076\/revisions"}],"wp:featuredmedia":[{"embeddable":true,"href":"https:\/\/gnews.cz\/cs_cz\/wp-json\/wp\/v2\/media\/30235"}],"wp:attachment":[{"href":"https:\/\/gnews.cz\/cs_cz\/wp-json\/wp\/v2\/media?parent=34076"}],"wp:term":[{"taxonomy":"category","embeddable":true,"href":"https:\/\/gnews.cz\/cs_cz\/wp-json\/wp\/v2\/categories?post=34076"},{"taxonomy":"post_tag","embeddable":true,"href":"https:\/\/gnews.cz\/cs_cz\/wp-json\/wp\/v2\/tags?post=34076"}],"curies":[{"name":"wp","href":"https:\/\/api.w.org\/{rel}","templated":true}]}}