{"id":34521,"date":"2025-10-14T11:55:00","date_gmt":"2025-10-14T09:55:00","guid":{"rendered":"https:\/\/www.gnews.cz\/?p=34521"},"modified":"2025-10-14T09:34:36","modified_gmt":"2025-10-14T07:34:36","slug":"prezident-cr-petr-pavel-klicem-k-obrane-demokracie-jsou-silne-instituce-a-odolna-spolecnost","status":"publish","type":"post","link":"https:\/\/gnews.cz\/cs_cz\/tema\/prezident-cr-petr-pavel-klicem-k-obrane-demokracie-jsou-silne-instituce-a-odolna-spolecnost\/","title":{"rendered":"Prezident \u010cR Petr Pavel: Kl\u00ed\u010dem k obran\u011b demokracie jsou siln\u00e9 instituce a odoln\u00e1 spole\u010dnost"},"content":{"rendered":"\n<p><strong>PRAHA \u2013 Bez ohledu na slo\u017een\u00ed budouc\u00ed \u010desk\u00e9 vl\u00e1dy je nutn\u00e9 zachovat a posilovat z\u00e1klady demokratick\u00fdch ob\u010dansk\u00fdch struktur. Prezident Petr Pavel to uvedl v \u00favodn\u00edm projevu na mezin\u00e1rodn\u00ed konferenci Forum 2000, kter\u00e1 se dnes kon\u00e1 v Praze. Podle hlavy st\u00e1tu je pr\u00e1v\u011b odolnost demokratick\u00fdch instituc\u00ed a aktivn\u00ed ob\u010dansk\u00e9 spole\u010dnosti z\u00e1sadn\u00ed pro boj s dezinformacemi a vn\u011bj\u0161\u00edmi vlivy<\/strong>.<\/p>\n\n\n\n<blockquote class=\"wp-block-quote is-layout-flow wp-block-quote-is-layout-flow\">\n<p><strong>\u201eDemokracie nen\u00ed samoz\u0159ejmost. Vy\u017eaduje ka\u017edodenn\u00ed p\u00e9\u010di a odpov\u011bdnost ka\u017ed\u00e9ho z n\u00e1s,\u201c \u0159ekl prezident. P\u0159ipomn\u011bl, \u017ee konflikt na Ukrajin\u011b nen\u00ed pouze vojensk\u00fdm konfliktem, ale i informa\u010dn\u00ed v\u00e1lkou, jej\u00edm\u017e c\u00edlem je rozkl\u00ed\u017eit d\u016fv\u011bru ob\u010dan\u016f v demokratick\u00e9 instituce. \u201ePokud ztrat\u00edme schopnost rozli\u0161ovat fakta od manipulac\u00ed, ztrat\u00edme svobodu,\u201c dodal.<\/strong><\/p>\n<\/blockquote>\n\n\n\n<p>Pavel zd\u016fraznil, \u017ee k odolnosti spole\u010dnosti p\u0159isp\u00edvaj\u00ed p\u0159edev\u0161\u00edm siln\u00e1 m\u00e9dia ve\u0159ejn\u00e9 slu\u017eby a zdrav\u00e9 medi\u00e1ln\u00ed prost\u0159ed\u00ed, kter\u00e9 dok\u00e1\u017ee nab\u00eddnout pluralitn\u00ed a ov\u011b\u0159en\u00e9 informace bez \u0161\u00ed\u0159en\u00ed nen\u00e1visti \u010di nejistoty. \u201ePot\u0159ebujeme m\u00e9dia, kter\u00e1 se ne\u0159\u00edd\u00ed emocemi, ale fakty. Jen tak m\u016f\u017ee ve\u0159ejnost \u010dinit informovan\u00e1 rozhodnut\u00ed,\u201c uvedl.<\/p>\n\n\n\n<blockquote class=\"wp-block-quote is-layout-flow wp-block-quote-is-layout-flow\">\n<p><strong>Konference Forum 2000, zalo\u017een\u00e1 b\u00fdval\u00fdm prezidentem V\u00e1clavem Havlem, si klade za c\u00edl podporovat dialog o demokracii, lidsk\u00fdch pr\u00e1vech a svobod\u011b. Letos se j\u00ed \u00fa\u010dastn\u00ed \u0159ada zahrani\u010dn\u00edch host\u016f, v\u010detn\u011b p\u0159edstavitel\u016f akademick\u00e9 sf\u00e9ry, diplomat\u016f a ob\u010dansk\u00fdch aktivist\u016f. Hlavn\u00edm t\u00e9matem leto\u0161n\u00edho ro\u010dn\u00edku je odolnost demokraci\u00ed v dob\u011b glob\u00e1ln\u00edch kriz\u00ed a rostouc\u00edho vlivu autorit\u00e1\u0159sk\u00fdch re\u017eim\u016f.<\/strong><\/p>\n<\/blockquote>\n\n\n\n<p>Prezident Pavel v z\u00e1v\u011bru sv\u00e9ho projevu vyzval k jednot\u011b a ob\u010dansk\u00e9 odpov\u011bdnosti. \u201eDemokracii nem\u016f\u017eeme br\u00e1t jako samoz\u0159ejmost. Mus\u00edme ji aktivn\u011b br\u00e1nit \u2013 nejen slovy, ale i \u010diny,\u201c uzav\u0159el.<\/p>\n\n\n\n<p><strong>gnews.cz &#8211; GH<\/strong><\/p>\n","protected":false},"excerpt":{"rendered":"<p>PRAHA \u2013 Bez ohledu na slo\u017een\u00ed budouc\u00ed \u010desk\u00e9 vl\u00e1dy je nutn\u00e9 zachovat a posilovat z\u00e1klady demokratick\u00fdch ob\u010dansk\u00fdch struktur. Prezident Petr Pavel to&hellip;<\/p>\n","protected":false},"author":2,"featured_media":34523,"comment_status":"closed","ping_status":"closed","sticky":false,"template":"","format":"standard","meta":{"_acf_changed":false,"_lmt_disableupdate":"","_lmt_disable":"","footnotes":""},"categories":[2968,7,658,1,2973],"tags":[45,3480,6467,10,151,758,6486,26,4758,17,29,3252,41],"class_list":["post-34521","post","type-post","status-publish","format-standard","has-post-thumbnail","hentry","category-domaci","category-politika","category-prectete-si","category-tema","category-zahranicni","tag-cr","tag-demokracie","tag-forum-2000","tag-news","tag-petr-pavel","tag-prezident-cr","tag-prha","tag-rusko","tag-svoboda-slova","tag-top","tag-ukrajina","tag-vaclav-havel","tag-world"],"acf":[],"aioseo_notices":[],"_links":{"self":[{"href":"https:\/\/gnews.cz\/cs_cz\/wp-json\/wp\/v2\/posts\/34521","targetHints":{"allow":["GET"]}}],"collection":[{"href":"https:\/\/gnews.cz\/cs_cz\/wp-json\/wp\/v2\/posts"}],"about":[{"href":"https:\/\/gnews.cz\/cs_cz\/wp-json\/wp\/v2\/types\/post"}],"author":[{"embeddable":true,"href":"https:\/\/gnews.cz\/cs_cz\/wp-json\/wp\/v2\/users\/2"}],"replies":[{"embeddable":true,"href":"https:\/\/gnews.cz\/cs_cz\/wp-json\/wp\/v2\/comments?post=34521"}],"version-history":[{"count":0,"href":"https:\/\/gnews.cz\/cs_cz\/wp-json\/wp\/v2\/posts\/34521\/revisions"}],"wp:featuredmedia":[{"embeddable":true,"href":"https:\/\/gnews.cz\/cs_cz\/wp-json\/wp\/v2\/media\/34523"}],"wp:attachment":[{"href":"https:\/\/gnews.cz\/cs_cz\/wp-json\/wp\/v2\/media?parent=34521"}],"wp:term":[{"taxonomy":"category","embeddable":true,"href":"https:\/\/gnews.cz\/cs_cz\/wp-json\/wp\/v2\/categories?post=34521"},{"taxonomy":"post_tag","embeddable":true,"href":"https:\/\/gnews.cz\/cs_cz\/wp-json\/wp\/v2\/tags?post=34521"}],"curies":[{"name":"wp","href":"https:\/\/api.w.org\/{rel}","templated":true}]}}