{"id":38157,"date":"2025-12-06T18:00:00","date_gmt":"2025-12-06T17:00:00","guid":{"rendered":"https:\/\/www.gnews.cz\/?p=38157"},"modified":"2026-02-08T15:14:07","modified_gmt":"2026-02-08T14:14:07","slug":"slovanska-epopej-alfonse-muchy-obraz-paty-premysl-otakar-ii-kral-zelezny-a-zlaty-svaz-slovanskych-dynastu","status":"publish","type":"post","link":"https:\/\/gnews.cz\/cs_cz\/neprehlednete\/slovanska-epopej-alfonse-muchy-obraz-paty-premysl-otakar-ii-kral-zelezny-a-zlaty-svaz-slovanskych-dynastu\/","title":{"rendered":"Slovansk\u00e1 epopej Alfonse Muchy \u2013 obraz p\u00e1t\u00fd: P\u0159emysl Otakar II., kr\u00e1l \u017eelezn\u00fd a zlat\u00fd \u2013 Svaz slovansk\u00fdch dynast\u016f"},"content":{"rendered":"\n<p><strong>Obraz p\u00e1t\u00fd. Kdy\u017e jsem poprv\u00e9 stanul p\u0159ed pl\u00e1tnem \u201eSvaz slovansk\u00fdch dynast\u016f\u201c z monument\u00e1ln\u00ed Slovansk\u00e9 epopeje Alfonse Muchy, m\u011bl jsem pocit, \u017ee kone\u010dn\u011b vid\u00edm n\u011bco, co mi je bl\u00edzk\u00e9, mo\u017en\u00e1 proto, \u017ee v n\u00e1zvu je P\u0159emysl Otakar II., o n\u011bm\u017e u\u017e jsem n\u011bco v\u011bd\u011bl. St\u00e1l jsem tam a p\u0159ed sebou m\u011bl op\u011bt nekone\u010dn\u00fd p\u0159\u00edb\u011bh slovanstva, od\u011bn\u00fd do zn\u00e1m\u00fdch barev, sv\u011btla a symboliky, jakou dok\u00e1\u017ee vykouzlit jedin\u011b Alfons Mucha.<\/strong><\/p>\n\n\n\n<p>Nikdy nezapomenu ten prvn\u00ed dojem \u2013 jako kdyby se cel\u00fd stan kr\u00e1l\u016f dot\u00fdkal m\u00e9 budoucnosti, i p\u0159esto, \u017ee t\u00e9ma i obraz byly samy o sob\u011b minulost\u00ed. P\u0159ede mnou se otev\u0159el slavnostn\u00ed v\u00fdjev, v n\u011bm\u017e se setk\u00e1vaj\u00ed vl\u00e1dcov\u00e9, spojenci, p\u0159\u00edbuzn\u00ed i host\u00e9. A uprost\u0159ed nich stoj\u00ed majest\u00e1tn\u00ed P\u0159emysl Otakar II., kr\u00e1l, jeho\u017e jm\u00e9no v sob\u011b nese z\u00e1blesk moci, odvahy i vizion\u00e1\u0159stv\u00ed. Tak\u00e9 jsem ho vid\u011bl mnohem jaksi hez\u010d\u00edm ne\u017e v na\u0161\u00ed d\u011bjinn\u00e9 literatu\u0159e.<\/p>\n\n\n\n<blockquote class=\"wp-block-quote is-layout-flow wp-block-quote-is-layout-flow\">\n<p>V\u017edy jsem ho obdivoval, ale zde, v Muchov\u011b pod\u00e1n\u00ed, nabyl t\u00e9m\u011b\u0159 nadpozemsk\u00e9 velikosti a kr\u00e1sy. Jeho gesto v\u00edtaj\u00edc\u00ed nov\u011b p\u0159\u00edchoz\u00ed hosty p\u016fsob\u00ed neoby\u010dejn\u011b p\u0159\u00e1telsky, a p\u0159esto v sob\u011b nese s\u00edlu panovn\u00edka, jen\u017e dok\u00e1\u017ee spojovat cel\u00e9 n\u00e1rody.<\/p>\n<\/blockquote>\n\n\n\n<p>Bl\u00ed\u017ee jsem spat\u0159il znak jeho osobn\u00ed kaple \u2013 orla s rozta\u017een\u00fdmi k\u0159\u00eddly. Uv\u011bdomil jsem si, \u017ee stoj\u00edm p\u0159ed d\u00edlem, kter\u00e9 nen\u00ed jen obrazem historick\u00e9 ud\u00e1losti, ale viz\u00ed jednoty. P\u0159emysl zde pozval na svatbu sv\u00e9 nete\u0159e Kunhuty Braniborsk\u00e9 a uhersk\u00e9ho prince B\u00e9ly slovansk\u00e9 vl\u00e1dce z okoln\u00edch zem\u00ed s odv\u00e1\u017enou my\u0161lenkou vytvo\u0159it velkou slovanskou koalici. Nebylo to jen diplomatick\u00e9 gesto \u2013 byla to touha po m\u00edru, po spole\u010dn\u00e9 budoucnosti, po nad\u011bji. A j\u00e1 jsem p\u0159i pohledu na pl\u00e1tno c\u00edtil, \u017ee Mucha tuto touhu dok\u00e1zal zachytit s neuv\u011b\u0159itelnou hloubkou.<\/p>\n\n\n\n<p>Ka\u017ed\u00e1 postava na obraze m\u00e1 vlastn\u00ed sv\u011bt, vlastn\u00ed v\u00fdraz, vlastn\u00ed vypr\u00e1v\u011bn\u00ed. P\u0159ipadalo mi, jako by se cel\u00fd stan naplnil tlukotem srdc\u00ed p\u0159\u00edtomn\u00fdch vl\u00e1dc\u016f. V\u0161ichni na jednom m\u00edst\u011b. Koncentrace energie se ned\u00e1 zm\u011b\u0159it, a tak jsem ti\u0161e st\u00e1l, koukal a nas\u00e1val tu atmosf\u00e9ru d\u016fv\u011bry, soun\u00e1le\u017eitosti a slavnostn\u00ed harmonie. Jako by se na okam\u017eik zastavil \u010das.<\/p>\n\n\n\n<blockquote class=\"wp-block-quote is-layout-flow wp-block-quote-is-layout-flow\">\n<p>P\u0159istihl jsem se, \u017ee se mi v mysli rod\u00ed my\u0161lenka: <em>\u201eTakhle by to ale p\u0159ece m\u011blo b\u00fdt. Takov\u00fd m\u011bl b\u00fdt sen o jednot\u011b a m\u00edru.\u201c <\/em>A pr\u00e1v\u011b Mucha to nejen v\u011bd\u011bl, ale dok\u00e1zal ji tak\u00e9 bravurn\u011b zhmotnit a tuto my\u0161lenku mi vlo\u017eil hluboko do nitra.<\/p>\n<\/blockquote>\n\n\n\n<p>Velikost d\u00edla nespo\u010d\u00edv\u00e1 jen v jeho rozm\u011brech, ale i v tom, \u017ee m\u011b \u2013 nebo v\u00e1s, \u010di kohokoliv jin\u00e9ho \u2013 dok\u00e1zalo do\u010dista prom\u011bnit. Pamatuji si je\u0161t\u011b, \u017ee kdy\u017e jsem odch\u00e1zel, nesl jsem v sob\u011b pocit p\u00fdchy na tu na\u0161i slovanskou historii, hrdosti na sv\u00e9 ko\u0159eny a radosti z toho, \u017ee v\u016fbec existuje takov\u00e9to um\u011bn\u00ed, kter\u00e9 dok\u00e1\u017ee podn\u00edtit tak siln\u00e9 emoce. Ano, tohle je skute\u010dn\u00e9 um\u011bn\u00ed \u2013 od ni\u017e\u0161\u00edho k vy\u0161\u0161\u00edmu a od \u00fazk\u00e9ho k \u0161ir\u0161\u00edmu. Nesl a nesu si po\u0159\u00e1d v sob\u011b obrovsk\u00fd obdiv k Alfonsi Muchovi, kter\u00fd dok\u00e1zal v jednom obraze propojit d\u011bjiny, ide\u00e1l m\u00edru i nad\u010dasovou kr\u00e1su.<\/p>\n\n\n\n<p>Tato malba nen\u00ed jen sou\u010d\u00e1st\u00ed Slovansk\u00e9 epopeje. Je to z\u00e1\u017eitek, kter\u00fd \u010dlov\u011bk nese v sob\u011b cel\u00fd \u017eivot. A j\u00e1 jsem za n\u011bj nesm\u00edrn\u011b vd\u011b\u010dn\u00fd. Odkaz na obraz \u010dtvrt\u00fd. <strong>V\u00edce <a href=\"https:\/\/www.gnews.cz\/cs_cz\/neprehlednete\/slovanska-epopej-alfonze-muchy-obraz-ctvrty-car-simeon-bulharsky-jitrenka-slovanskeho-ducha\/\" title=\"\">zde<\/a><\/strong><\/p>\n\n\n\n<p><strong>Jan Vojt\u011bch<\/strong>, \u0161\u00e9fredaktor General News<\/p>\n","protected":false},"excerpt":{"rendered":"<p>Obraz p\u00e1t\u00fd. Kdy\u017e jsem poprv\u00e9 stanul p\u0159ed pl\u00e1tnem \u201eSvaz slovansk\u00fdch dynast\u016f\u201c z monument\u00e1ln\u00ed Slovansk\u00e9 epopeje Alfonse Muchy, m\u011bl jsem pocit, \u017ee kone\u010dn\u011b&hellip;<\/p>\n","protected":false},"author":6,"featured_media":38158,"comment_status":"open","ping_status":"closed","sticky":false,"template":"","format":"standard","meta":{"_acf_changed":false,"_lmt_disableupdate":"","_lmt_disable":"","footnotes":""},"categories":[2968,6,3,580],"tags":[411,8241,8237,8238,8239,8234,410,8240,8236,8235,17],"class_list":["post-38157","post","type-post","status-publish","format-standard","has-post-thumbnail","hentry","category-domaci","category-kultura","category-neprehlednete","category-vyber-sefredaktora","tag-alfons-mucha","tag-bela-uhersky","tag-ceske-dejiny","tag-historicke-malirstvi","tag-kunhuta-braniborska","tag-premysl-otakar-ii","tag-slovanska-epopej","tag-slovanska-jednota","tag-slovanske-dejiny","tag-svaz-slovanskych-dynastu","tag-top"],"acf":[],"aioseo_notices":[],"_links":{"self":[{"href":"https:\/\/gnews.cz\/cs_cz\/wp-json\/wp\/v2\/posts\/38157","targetHints":{"allow":["GET"]}}],"collection":[{"href":"https:\/\/gnews.cz\/cs_cz\/wp-json\/wp\/v2\/posts"}],"about":[{"href":"https:\/\/gnews.cz\/cs_cz\/wp-json\/wp\/v2\/types\/post"}],"author":[{"embeddable":true,"href":"https:\/\/gnews.cz\/cs_cz\/wp-json\/wp\/v2\/users\/6"}],"replies":[{"embeddable":true,"href":"https:\/\/gnews.cz\/cs_cz\/wp-json\/wp\/v2\/comments?post=38157"}],"version-history":[{"count":4,"href":"https:\/\/gnews.cz\/cs_cz\/wp-json\/wp\/v2\/posts\/38157\/revisions"}],"predecessor-version":[{"id":40826,"href":"https:\/\/gnews.cz\/cs_cz\/wp-json\/wp\/v2\/posts\/38157\/revisions\/40826"}],"wp:featuredmedia":[{"embeddable":true,"href":"https:\/\/gnews.cz\/cs_cz\/wp-json\/wp\/v2\/media\/38158"}],"wp:attachment":[{"href":"https:\/\/gnews.cz\/cs_cz\/wp-json\/wp\/v2\/media?parent=38157"}],"wp:term":[{"taxonomy":"category","embeddable":true,"href":"https:\/\/gnews.cz\/cs_cz\/wp-json\/wp\/v2\/categories?post=38157"},{"taxonomy":"post_tag","embeddable":true,"href":"https:\/\/gnews.cz\/cs_cz\/wp-json\/wp\/v2\/tags?post=38157"}],"curies":[{"name":"wp","href":"https:\/\/api.w.org\/{rel}","templated":true}]}}