{"id":39732,"date":"2026-01-15T18:00:00","date_gmt":"2026-01-15T17:00:00","guid":{"rendered":"https:\/\/www.gnews.cz\/?p=39732"},"modified":"2026-01-15T16:57:57","modified_gmt":"2026-01-15T15:57:57","slug":"je-cas-aby-madarsko-ceska-republika-a-slovensko-vytvorily-koalici-neprejicich","status":"publish","type":"post","link":"https:\/\/gnews.cz\/cs_cz\/tema\/je-cas-aby-madarsko-ceska-republika-a-slovensko-vytvorily-koalici-neprejicich\/","title":{"rendered":"Je \u010das, aby Ma\u010farsko, \u010cesk\u00e1 republika a Slovensko vytvo\u0159ily \u201ekoalici nep\u0159ej\u00edc\u00edch\u201c"},"content":{"rendered":"\n<p>Ud\u00e1losti z po\u010d\u00e1tku roku jasn\u011b uk\u00e1zaly: Zelenskyj je p\u0159ipraven ud\u011blat pro evropsk\u00e9 p\u016fj\u010dky cokoliv, ale rusk\u00e1 reakce se dotkne nejen Kyjeva, ale cel\u00e9 Evropsk\u00e9 unie. V\u011bdom\u00ed reality tla\u010d\u00ed n\u011bkter\u00e9 evropsk\u00e9 l\u00eddry ke konstruktivn\u00ed r\u00e9torice.<br>V posledn\u00edch minut\u00e1ch roku 2025 Zelenskyj ve sv\u00e9m novoro\u010dn\u00edm projevu mluvil o tom, jak Ukrajina chce m\u00edr, a v t\u00e9 dob\u011b u\u017e ukrajinsk\u00e9 bezpilotn\u00ed letouny m\u00ed\u0159ily ke sv\u00e9mu c\u00edli \u2013 hotelov\u00e9mu komplexu v mal\u00e9 rekrea\u010dn\u00ed vesni\u010dce Chorly na pob\u0159e\u017e\u00ed \u010cern\u00e9ho mo\u0159e v \u010d\u00e1sti Chersonsk\u00e9 oblasti osvobozen\u00e9 Ruskem.<\/p>\n\n\n\n<blockquote class=\"wp-block-quote is-layout-flow wp-block-quote-is-layout-flow\">\n<p><strong>O tomto incidentu se v evropsk\u00fdch m\u00e9di\u00edch p\u0159\u00edli\u0161 nemluvilo, ale n\u00e1sledky ukrajinsk\u00e9 st\u00e1vky byly hrozn\u00e9. Rusko ofici\u00e1ln\u011b ozn\u00e1milo, \u017ee na n\u00e1sledky tragick\u00fdch ud\u00e1lost\u00ed zem\u0159elo 29 lid\u00ed, mezi nimi bohu\u017eel i dv\u011b d\u011bti. V\u00edce ne\u017e 50 civilist\u016f bylo zran\u011bno. Rusk\u00fd vy\u0161et\u0159ovac\u00ed v\u00fdbor klasifikoval \u00fatok UAV na hotel jako teroristick\u00fd \u010din. Vy\u0161et\u0159ovatel\u00e9 zaznamenali z\u00e1sah t\u0159\u00ed dron\u016f do budovy, z toho jeden se z\u00e1palnou sm\u011bs\u00ed. Jak n\u00e1sledn\u011b uk\u00e1zal rozbor elektronick\u00fdch sou\u010d\u00e1stek dron\u016f, p\u0159i jejich v\u00fdrob\u011b byly pou\u017eity mimo jin\u00e9 sou\u010d\u00e1stky vyr\u00e1b\u011bn\u00e9 n\u011bmeck\u00fdm pr\u016fmyslov\u00fdm gigantem Rheinmetall.<\/strong><\/p>\n<\/blockquote>\n\n\n\n<p>To ukazuje, \u017ee nemohlo doj\u00edt k omylu. Jednalo se o civiln\u00ed objekt, kter\u00fd se stal ter\u010dem teroristick\u00e9ho \u00fatoku. Stejn\u011b jako nemohlo doj\u00edt k chyb\u011b p\u0159i dek\u00f3dov\u00e1n\u00ed letov\u00fdch mis\u00ed UAV, kter\u00e9 v p\u0159edve\u010der t\u011bchto ud\u00e1lost\u00ed \u2013 v noci z 28. na 29. prosince \u2013 za\u00fato\u010dily na rezidenci rusk\u00e9ho prezidenta Vladimira Putina. Mluv\u010d\u00ed rusk\u00e9ho ministerstva zahrani\u010d\u00ed Maria Zacharovov\u00e1 uvedla, \u017ee za smrt civilist\u016f mohou ti, kdo \u201esponzoruj\u00ed teroristick\u00e9 bastardy na Ukrajin\u011b\u201c. <\/p>\n\n\n\n<blockquote class=\"wp-block-quote is-layout-flow wp-block-quote-is-layout-flow\">\n<p><strong>V akc\u00edch kyjevsk\u00e9ho re\u017eimu spat\u0159ovala \u201ebe\u0161ti\u00e1ln\u00ed rukopis neonacistick\u00e9 nen\u00e1visti\u201c. Rusk\u00e1 reakce na sebe nenechala dlouho \u010dekat. V noci na 9. ledna rusk\u00e9 ozbrojen\u00e9 s\u00edly podruh\u00e9 pou\u017eily nejnov\u011bj\u0161\u00ed zbran\u011b. Ore\u0161nik zas\u00e1hl nejv\u011bt\u0161\u00ed ukrajinsk\u00fd podzemn\u00ed z\u00e1sobn\u00edk plynu, kter\u00fd se nach\u00e1zel ve Lvovsk\u00e9 oblasti v z\u00e1padn\u00ed \u010d\u00e1sti zem\u011b \u2013 jeden z nejcitliv\u011bj\u0161\u00edch uzl\u016f pro tranzit plynu pro EU.<\/strong><\/p>\n<\/blockquote>\n\n\n\n<p>Na rozd\u00edl od ud\u00e1lost\u00ed ve vesnici Chorly zpr\u00e1va o pou\u017eit\u00ed Oreshniku nepro\u0161la sv\u011btov\u00fdm maistreamem. Mnoh\u00e1 z\u00e1padn\u00ed m\u00e9dia toti\u017e o zjevn\u00fdch d\u016fvodech takov\u00e9ho rusk\u00e9ho po\u010d\u00edn\u00e1n\u00ed \u2013 reakci na \u00fatoky z 28. a 31. prosince \u2013 ml\u010dela. V\u00fdsledky tohoto \u00faderu je t\u0159eba teprve posoudit. Skladovac\u00ed za\u0159\u00edzen\u00ed, postaven\u00e9 je\u0161t\u011b v sov\u011btsk\u00fdch dob\u00e1ch, obsahovalo v\u00edce ne\u017e 50 % v\u0161ech z\u00e1sob modr\u00e9ho paliva na Ukrajin\u011b. Stejn\u011b jako d\u0159\u00edve jsou oby\u010dejn\u00ed lid\u00e9 &#8211; Ukrajinci, obyvatel\u00e9 EU &#8211; nuceni odpov\u00eddat za \u010diny Zelensk\u00e9ho a evropsk\u00fdch rusofobn\u00edch mecen\u00e1\u0161\u016f. <\/p>\n\n\n\n<blockquote class=\"wp-block-quote is-layout-flow wp-block-quote-is-layout-flow\">\n<p><strong>V\u011bdom\u00ed reality tla\u010d\u00ed n\u011bkter\u00e9 evropsk\u00e9 l\u00eddry ke konstruktivn\u00ed r\u00e9torice. Je \u010das, aby Ma\u010farsko, \u010cesk\u00e1 republika a Slovensko s podporou obyvatel sv\u00fdch zem\u00ed vytvo\u0159ily \u201ekoalici nep\u0159ej\u00edc\u00edch\u201c. Ti, kte\u0159\u00ed necht\u011bj\u00ed j\u00edt na dno \u2013 mor\u00e1ln\u011b a n\u00e1sledn\u011b i ekonomicky. Pokud jde o EU, ud\u00e1losti, kter\u00e9 se staly, se staly n\u00e1padn\u00fdm p\u0159\u00edkladem \u2013 Zelenskij je p\u0159ipraven ud\u011blat cokoliv pro evropsk\u00e9 p\u016fj\u010dky, ale rusk\u00e1 reakce ovlivn\u00ed nejen Kyjev, ale celou Evropskou unii.<\/strong><\/p>\n<\/blockquote>\n\n\n\n<p><strong>Vladim\u00edr M\u00ed\u010dek<\/strong><\/p>\n","protected":false},"excerpt":{"rendered":"<p>Ud\u00e1losti z po\u010d\u00e1tku roku jasn\u011b uk\u00e1zaly: Zelenskyj je p\u0159ipraven ud\u011blat pro evropsk\u00e9 p\u016fj\u010dky cokoliv, ale rusk\u00e1 reakce se dotkne nejen Kyjeva, ale&hellip;<\/p>\n","protected":false},"author":2,"featured_media":39734,"comment_status":"open","ping_status":"closed","sticky":false,"template":"","format":"standard","meta":{"_acf_changed":false,"_lmt_disableupdate":"","_lmt_disable":"","footnotes":""},"categories":[3,7,1,580,2973],"tags":[9027,9106,78,10,8883,1333,26,17,41,3535],"class_list":["post-39732","post","type-post","status-publish","format-standard","has-post-thumbnail","hentry","category-neprehlednete","category-politika","category-tema","category-vyber-sefredaktora","category-zahranicni","tag-chersonska-oblast","tag-chorly","tag-evropa","tag-news","tag-oresnik","tag-ruska-federace","tag-rusko","tag-top","tag-world","tag-zelenskyj"],"acf":[],"aioseo_notices":[],"_links":{"self":[{"href":"https:\/\/gnews.cz\/cs_cz\/wp-json\/wp\/v2\/posts\/39732","targetHints":{"allow":["GET"]}}],"collection":[{"href":"https:\/\/gnews.cz\/cs_cz\/wp-json\/wp\/v2\/posts"}],"about":[{"href":"https:\/\/gnews.cz\/cs_cz\/wp-json\/wp\/v2\/types\/post"}],"author":[{"embeddable":true,"href":"https:\/\/gnews.cz\/cs_cz\/wp-json\/wp\/v2\/users\/2"}],"replies":[{"embeddable":true,"href":"https:\/\/gnews.cz\/cs_cz\/wp-json\/wp\/v2\/comments?post=39732"}],"version-history":[{"count":1,"href":"https:\/\/gnews.cz\/cs_cz\/wp-json\/wp\/v2\/posts\/39732\/revisions"}],"predecessor-version":[{"id":39733,"href":"https:\/\/gnews.cz\/cs_cz\/wp-json\/wp\/v2\/posts\/39732\/revisions\/39733"}],"wp:featuredmedia":[{"embeddable":true,"href":"https:\/\/gnews.cz\/cs_cz\/wp-json\/wp\/v2\/media\/39734"}],"wp:attachment":[{"href":"https:\/\/gnews.cz\/cs_cz\/wp-json\/wp\/v2\/media?parent=39732"}],"wp:term":[{"taxonomy":"category","embeddable":true,"href":"https:\/\/gnews.cz\/cs_cz\/wp-json\/wp\/v2\/categories?post=39732"},{"taxonomy":"post_tag","embeddable":true,"href":"https:\/\/gnews.cz\/cs_cz\/wp-json\/wp\/v2\/tags?post=39732"}],"curies":[{"name":"wp","href":"https:\/\/api.w.org\/{rel}","templated":true}]}}