{"id":40347,"date":"2026-01-29T18:00:00","date_gmt":"2026-01-29T17:00:00","guid":{"rendered":"https:\/\/www.gnews.cz\/?p=40347"},"modified":"2026-01-29T17:40:13","modified_gmt":"2026-01-29T16:40:13","slug":"poslankyne-langsadlova-top-09-usporadala-kulaty-stul-k-lepsi-implementaci-sankci-vuci-rusku-a-belorusku","status":"publish","type":"post","link":"https:\/\/gnews.cz\/cs_cz\/tema\/poslankyne-langsadlova-top-09-usporadala-kulaty-stul-k-lepsi-implementaci-sankci-vuci-rusku-a-belorusku\/","title":{"rendered":"Poslankyn\u011b Lang\u0161\u00e1dlov\u00e1 (TOP 09) uspo\u0159\u00e1dala kulat\u00fd st\u016fl k lep\u0161\u00ed implementaci Sankc\u00ed v\u016f\u010di Rusku a B\u011blorusku"},"content":{"rendered":"\n<p><strong>V Kon\u00edrn\u011b Poslaneck\u00e9 sn\u011bmovny P\u010cR dnes odpoledne prob\u011bhl kulat\u00fd st\u016fl pod n\u00e1zvem \u201c<em>Mo\u017enosti lep\u0161\u00ed implementace mezin\u00e1rodn\u00edch sankc\u00ed v\u016f\u010di Rusku a B\u011blorusku ze strany \u010cR a EU<\/em>\u201d. Akci po\u0159\u00e1dala poslankyn\u011b Poslaneck\u00e9 sn\u011bmovny P\u010cR pan\u00ed Helena Lang\u0161\u00e1dlov\u00e1 ve spolupr\u00e1ci s\u00a0iniciativou Odoln\u00e9 \u010cesko, za kterou stoj\u00ed spolek Lobbio, Asociace pro mezin\u00e1rodn\u00ed ot\u00e1zka, Datlab Institut a dal\u0161\u00ed organizace v\u011bnuj\u00edc\u00ed se posilov\u00e1n\u00ed odolnosti \u010desk\u00e9 spole\u010dnosti proti zahrani\u010dn\u00edm vliv\u016fm.<\/strong><\/p>\n\n\n\n<p>C\u00edlem kulat\u00e9ho stolu bylo p\u0159ibl\u00ed\u017eit problematiku implementace mezin\u00e1rodn\u00edch sankc\u00ed v&nbsp;kontextu nov\u00e9 \u010desk\u00e9 vl\u00e1dy a z\u00e1rove\u0148 pouk\u00e1zat na n\u011bkter\u00e1 slep\u00e1 m\u00edsta sou\u010dasn\u00e9 debaty, na kter\u00e1 by se nov\u00fd kabinet premi\u00e9ra Andreje Babi\u0161e m\u011bl zam\u011b\u0159it. Na akci vystoupili odborn\u00edci z&nbsp;\u0159ad neziskov\u00fdch organizac\u00ed i akademick\u00e9 obce se \u0161irok\u00fdm tematick\u00fdm z\u00e1b\u011brem a hlubok\u00fdmi expertn\u00edmi znalostmi pom\u011br\u016f v&nbsp;oblasti implementace sankc\u00ed i v\u00fdchodn\u00ed Evropy.<\/p>\n\n\n\n<p>Na \u00favod pan\u00ed poslankyn\u011b prohl\u00e1sila: \u201e<em>Jsem velmi r\u00e1da, \u017ee se dnes p\u0159edstavuje anal\u00fdza Mo\u017enosti lep\u0161\u00ed implementace mezin\u00e1rodn\u00edch sankc\u00ed v\u016f\u010di Rusku a B\u011blorusku ze strany \u010cesk\u00e9 republiky a Evropsk\u00e9 unie, proto\u017ee pr\u00e1v\u011b sankce jsou m\u00edrov\u00fdm, ale \u00fa\u010dinn\u00fdm n\u00e1strojem k&nbsp;vyj\u00e1d\u0159en\u00ed nesouhlasu s&nbsp;agres\u00ed. Je velikou chybou, \u017ee sankce v&nbsp;dostate\u010dn\u00e9m rozsahu nebyly uvaleny v\u010das, hned po anexi Krymu.\u201c<\/em><\/p>\n\n\n\n<p>Prvn\u00ed mezi p\u0159edn\u00e1\u0161ej\u00edc\u00edmi vystoupil&nbsp;<strong>Luk\u00e1\u0161 Kraus<\/strong>, vedouc\u00ed advoka\u010dn\u00edho t\u00fdmu ve spolku Lobbio, kter\u00fd se v\u011bnoval p\u0159edstaven\u00ed policy paperu \u201c<a href=\"https:\/\/maildeamon.top09.cz\/click.php?t=rBzzwuDEzR2ntcXUm-DgsAP-mAXA3uHvmx-h2vj9y9eJ3APOtOvrzf1KuNjtqAHF3uvAnQHkyP2pwgjT2Q-OzQ2Nm9-Iyt5T1QLC3eP_0xbIm8rCtxaJ3g5Fwh-I292xrejCrdqO1P-bs-eX\" target=\"_blank\" rel=\"noreferrer noopener\">Mo\u017enosti lep\u0161\u00ed implementace mezin\u00e1rodn\u00edch sankc\u00ed pro p\u0159\u00ed\u0161t\u00ed \u010deskou vl\u00e1du<\/a>\u201d, kter\u00fd v&nbsp;r\u00e1mci projektu Odoln\u00e9 \u010cesko vy\u0161el na konci \u0159\u00edjna minul\u00e9ho roku. Ve sv\u00e9m p\u0159\u00edsp\u011bvku uvedl:&nbsp;<em>\u201eJe po\u0159\u00e1d dost, co m\u016f\u017ee \u010desk\u00e1 vl\u00e1da ud\u011blat pro vymahatelnost sankc\u00ed proti Rusku a boj proti jejich obch\u00e1zen\u00ed. Je t\u0159eba co nejd\u0159\u00edve dot\u00e1hnout legislativn\u00ed \u00fakoly \u2013 zejm\u00e9na implementaci tzv. konfiska\u010dn\u00ed sm\u011brnice EU \u010di evropsk\u00e9ho bal\u00ed\u010dku proti pran\u00ed pen\u011bz \u2013 a tak\u00e9 pos\u00edlit kapacity st\u00e1tu pro implementaci sankc\u00ed.\u201d<\/em><\/p>\n\n\n\n<p>D\u00e1le pokra\u010doval&nbsp;<strong>Pavel Havl\u00ed\u010dek<\/strong>, analytik Asociace pro mezin\u00e1rodn\u00ed ot\u00e1zky se specializac\u00ed na v\u00fdchodn\u00ed Evropu, kter\u00fd se ve sv\u00e9m p\u0159\u00edsp\u011bvku zam\u011b\u0159il na posledn\u00ed implementace sankc\u00ed proti Luka\u0161enkov\u011b B\u011blorusku. Ve sv\u00e9m p\u0159\u00edsp\u011bvku mimo jin\u00e9 uvedl:&nbsp;<em>\u201cV posledn\u00ed dob\u011b odstranily Spojen\u00e9 st\u00e1ty n\u011bkter\u00e9 sankce proti kl\u00ed\u010dov\u00fdm podnik\u016fm Luka\u0161enkova re\u017eimu, v\u010detn\u011b leteck\u00e9 spole\u010dnosti Belavia nebo podniku na v\u00fdrobu um\u011bl\u00fdch hnojiv Belaruskali, kter\u00e9 generuj\u00ed B\u011blorusku zahrani\u010dn\u00ed valuty z&nbsp;prodeje a t\u00edm zp\u016fsobem i nov\u00e9 zdroje pro sv\u00e9 p\u0159e\u017eit\u00ed. Z&nbsp;evropsk\u00e9ho pohledu bychom na tuto logiku a v\u00fdm\u011bnu sankc\u00ed za politick\u00e9 v\u011bzn\u011b p\u0159istupovat nem\u011bli, otev\u00edr\u00e1 toti\u017e cestu obch\u00e1zen\u00ed sankc\u00ed pro Kreml skrze Luka\u0161enk\u016fv re\u017eim.\u201d<\/em><\/p>\n\n\n\n<p>Jako t\u0159et\u00ed na kulat\u00e9m stole vystoupil&nbsp;<strong>Ji\u0159\u00ed Skuhrovec<\/strong>, \u0159editel institutu Datlab, kter\u00fd se ve sv\u00e9m pr\u00e1ci zam\u011b\u0159uje na datov\u00e9 anal\u00fdzy a \u00fazce spolupracuje s&nbsp;\u010desk\u00fdmi st\u00e1tn\u00edmi institucemi a bezpe\u010dnostn\u00edmi slo\u017ekami na implementaci sankc\u00ed proti Rusk\u00e9 federace a tak\u00e9 Luka\u0161enkov\u011b B\u011blorusku. P\u0159edstavil p\u0159ipravovanou anal\u00fdzu zam\u011b\u0159enou na b\u00edl\u00e9 kon\u011b v&nbsp;oblasti sledov\u00e1n\u00ed mizej\u00edc\u00edch majetkov\u00fdch vazeb sankcionovan\u00fdch osob nap\u0159\u00ed\u010d EU.<\/p>\n\n\n\n<p>Nakonec p\u0159edstavil&nbsp;<strong>Filip J. Scherf<\/strong>&nbsp;z&nbsp;University of St. Andrews ve Skotsku nov\u00fd spole\u010dn\u00fd v\u00fdzkumn\u00fd podklad s&nbsp;n\u00e1zvem \u201c<em>Meeting Strategic Goals: An Assessment of Russia&#8217;s War<\/em>\u201d, kter\u00fd kriticky nahl\u00ed\u017e\u00ed na rusk\u00e9 schopnosti plnit sv\u00e9 v\u00e1le\u010dn\u00e9 c\u00edle, a to ve t\u0159ech rovin\u00e1ch \u2013 dom\u00e1c\u00edm kontextu, evropsk\u00e9 dimenzi a mezin\u00e1rodn\u00edm prostoru. Ve sv\u00e9m p\u0159\u00edsp\u011bvku uk\u00e1zal hlavn\u00ed slabiny Ruska \u2013 trhliny v&nbsp;soudr\u017enosti elity v&nbsp;kombinaci s&nbsp;ohro\u017een\u00edm budouc\u00ed rusk\u00e9 prosperity kv\u016fli financov\u00e1n\u00ed sou\u010dasn\u00e9ho v\u00e1le\u010dn\u00e9ho \u00fasil\u00ed. Uk\u00e1zal, jak Evropa m\u016f\u017ee slabin a obav rusk\u00e9ho re\u017eimu vyu\u017e\u00edt k&nbsp;dosa\u017een\u00ed vlastn\u00edch c\u00edl\u016f a pos\u00edlen\u00ed evropsk\u00e9 bezpe\u010dnosti.<\/p>\n\n\n\n<p>Obecn\u011b v\u0161ichni \u00fa\u010dastn\u00edci setk\u00e1n\u00ed zd\u016fraz\u0148ovali pot\u0159ebu udr\u017een\u00ed sou\u010dasn\u00e9ho r\u00e1mce mezin\u00e1rodn\u00edch sankc\u00ed proti Rusk\u00e9 federaci a jejich dal\u0161\u00ed pos\u00edlen\u00ed, a to jak v&nbsp;u\u017e\u0161\u00ed synergii s&nbsp;postupem v\u016f\u010di t\u0159et\u00edm st\u00e1t\u016fm, v\u010detn\u011b B\u011bloruska, ale tak\u00e9 postupn\u00e9 osamostatn\u011bn\u00ed v&nbsp;tomto postupu od pozice Spojen\u00fdch st\u00e1t\u016f, kter\u00e9 st\u00e1le v\u00edce n\u00e1sleduj\u00ed vlastn\u00ed z\u00e1jmy. V&nbsp;tomto ohledu je proto kl\u00ed\u010dov\u00e9, aby i nov\u00e1 \u010desk\u00e1 vl\u00e1da postupovala spole\u010dn\u011b s&nbsp;partnery v&nbsp;EU a posilovala existuj\u00edc\u00ed mechanismy na vym\u00e1h\u00e1n\u00ed sankc\u00ed. Posledn\u00ed dom\u00e1c\u00ed trend je p\u0159itom p\u0159esn\u011b opa\u010dn\u00fd, co\u017e vys\u00edl\u00e1 negativn\u00ed sign\u00e1l jak mezin\u00e1rodn\u00edm partner\u016fm, tak otev\u00edr\u00e1 dve\u0159e pro p\u0159\u00edpadn\u00e9 budouc\u00ed obch\u00e1zen\u00ed sankc\u00ed skrze \u010ceskou republiku, k&nbsp;\u010demu\u017e v\u00fdznamn\u011b doch\u00e1zelo nap\u0159\u00edklad skrze pran\u00ed \u0161pinav\u00fdch pen\u011bz v&nbsp;obdob\u00ed je\u0161t\u011b p\u0159ed 24. \u00fanorem 2022.<\/p>\n\n\n\n<p><strong>TOP09\/gnews.cz-jav<\/strong><\/p>\n","protected":false},"excerpt":{"rendered":"<p>V Kon\u00edrn\u011b Poslaneck\u00e9 sn\u011bmovny P\u010cR dnes odpoledne prob\u011bhl kulat\u00fd st\u016fl pod n\u00e1zvem \u201cMo\u017enosti lep\u0161\u00ed implementace mezin\u00e1rodn\u00edch sankc\u00ed v\u016f\u010di Rusku a B\u011blorusku ze&hellip;<\/p>\n","protected":false},"author":2,"featured_media":40350,"comment_status":"open","ping_status":"closed","sticky":false,"template":"","format":"standard","meta":{"_acf_changed":false,"_lmt_disableupdate":"","_lmt_disable":"","footnotes":""},"categories":[2968,7,658,1],"tags":[1745,10,26,350,17,41],"class_list":["post-40347","post","type-post","status-publish","format-standard","has-post-thumbnail","hentry","category-domaci","category-politika","category-prectete-si","category-tema","tag-helena-lansadlova","tag-news","tag-rusko","tag-sankce","tag-top","tag-world"],"acf":[],"aioseo_notices":[],"_links":{"self":[{"href":"https:\/\/gnews.cz\/cs_cz\/wp-json\/wp\/v2\/posts\/40347","targetHints":{"allow":["GET"]}}],"collection":[{"href":"https:\/\/gnews.cz\/cs_cz\/wp-json\/wp\/v2\/posts"}],"about":[{"href":"https:\/\/gnews.cz\/cs_cz\/wp-json\/wp\/v2\/types\/post"}],"author":[{"embeddable":true,"href":"https:\/\/gnews.cz\/cs_cz\/wp-json\/wp\/v2\/users\/2"}],"replies":[{"embeddable":true,"href":"https:\/\/gnews.cz\/cs_cz\/wp-json\/wp\/v2\/comments?post=40347"}],"version-history":[{"count":2,"href":"https:\/\/gnews.cz\/cs_cz\/wp-json\/wp\/v2\/posts\/40347\/revisions"}],"predecessor-version":[{"id":40349,"href":"https:\/\/gnews.cz\/cs_cz\/wp-json\/wp\/v2\/posts\/40347\/revisions\/40349"}],"wp:featuredmedia":[{"embeddable":true,"href":"https:\/\/gnews.cz\/cs_cz\/wp-json\/wp\/v2\/media\/40350"}],"wp:attachment":[{"href":"https:\/\/gnews.cz\/cs_cz\/wp-json\/wp\/v2\/media?parent=40347"}],"wp:term":[{"taxonomy":"category","embeddable":true,"href":"https:\/\/gnews.cz\/cs_cz\/wp-json\/wp\/v2\/categories?post=40347"},{"taxonomy":"post_tag","embeddable":true,"href":"https:\/\/gnews.cz\/cs_cz\/wp-json\/wp\/v2\/tags?post=40347"}],"curies":[{"name":"wp","href":"https:\/\/api.w.org\/{rel}","templated":true}]}}