{"id":40424,"date":"2026-01-21T19:48:51","date_gmt":"2026-01-21T18:48:51","guid":{"rendered":"https:\/\/www.gnews.cz\/?p=40424"},"modified":"2026-01-31T14:17:09","modified_gmt":"2026-01-31T13:17:09","slug":"putin-potvrdil-setkani-s-americkym-prezidentskym-vyslancem","status":"publish","type":"post","link":"https:\/\/gnews.cz\/cs_cz\/politika\/putin-potvrdil-setkani-s-americkym-prezidentskym-vyslancem\/","title":{"rendered":"Putin potvrdil setk\u00e1n\u00ed s americk\u00fdm prezidentsk\u00fdm vyslancem"},"content":{"rendered":"\n<p><strong>Rusk\u00fd prezident Vladimir Putin 21. ledna ozn\u00e1mil, \u017ee se 22. ledna setk\u00e1 s americk\u00fdm prezidentsk\u00fdm vyslancem Stevem Witkoffem, kter\u00fd pr\u00e1v\u011b nav\u0161t\u00edvil Rusko.<\/strong><\/p>\n\n\n\n<p>K ned\u00e1vn\u00fdm koment\u00e1\u0159\u016fm americk\u00e9ho prezidenta <strong>Donalda Trumpa<\/strong> ohledn\u011b <strong>Gr\u00f3nska<\/strong> Putin uvedl, \u017ee snaha USA odkoupit ostrov od D\u00e1nska <strong>nem\u00e1 s Ruskem nic spole\u010dn\u00e9ho<\/strong>. Vyj\u00e1d\u0159il p\u0159esv\u011bd\u010den\u00ed, \u017ee <strong>Spojen\u00e9 st\u00e1ty a D\u00e1nsko dos\u00e1hnou dohody<\/strong> samostatn\u011b.<\/p>\n\n\n\n<p>Putin tak\u00e9 potvrdil, \u017ee p\u0159ijal <strong>Trumpovo pozv\u00e1n\u00ed ke vstupu do tzv. \u201eM\u00edrov\u00e9ho v\u00fdboru\u201c<\/strong>. Uvedl, \u017ee <strong>rusk\u00e9 Ministerstvo zahrani\u010d\u00ed prozkoum\u00e1 dokumenty a konzultuje je se strategick\u00fdmi partnery<\/strong>, ne\u017e Rusko form\u00e1ln\u011b odpov\u00ed.<\/p>\n\n\n\n<p>P\u0159ed rozhodnut\u00edm o p\u0159\u00edpadn\u00e9m p\u0159ipojen\u00ed Ruska bylo podle Putina, vzhledem k <strong>speci\u00e1ln\u00edm vztah\u016fm s Palestinou<\/strong>, ochotno poskytnout <strong>M\u00edrov\u00e9mu v\u00fdboru 1 miliardu americk\u00fdch dolar\u016f<\/strong> z rusk\u00fdch aktiv zmrazen\u00fdch p\u0159edchoz\u00ed americkou administrativou.<\/p>\n\n\n\n<p><strong><a href=\"https:\/\/czech.cri.cn\/2026\/01\/21\/ARTI1769056555342110\" title=\"\">CMG<\/a><\/strong><\/p>\n","protected":false},"excerpt":{"rendered":"<p>Rusk\u00fd prezident Vladimir Putin 21. ledna ozn\u00e1mil, \u017ee se 22. ledna setk\u00e1 s americk\u00fdm prezidentsk\u00fdm vyslancem Stevem Witkoffem, kter\u00fd pr\u00e1v\u011b nav\u0161t\u00edvil Rusko.&hellip;<\/p>\n","protected":false},"author":6,"featured_media":40507,"comment_status":"open","ping_status":"closed","sticky":false,"template":"","format":"standard","meta":{"_acf_changed":false,"_lmt_disableupdate":"","_lmt_disable":"","footnotes":""},"categories":[7,2973],"tags":[18,2729,6786,38,693],"class_list":["post-40424","post","type-post","status-publish","format-standard","has-post-thumbnail","hentry","category-politika","category-zahranicni","tag-cmg","tag-gronsko","tag-steve-witkoff","tag-usa","tag-vladimir-putin"],"acf":[],"aioseo_notices":[],"_links":{"self":[{"href":"https:\/\/gnews.cz\/cs_cz\/wp-json\/wp\/v2\/posts\/40424","targetHints":{"allow":["GET"]}}],"collection":[{"href":"https:\/\/gnews.cz\/cs_cz\/wp-json\/wp\/v2\/posts"}],"about":[{"href":"https:\/\/gnews.cz\/cs_cz\/wp-json\/wp\/v2\/types\/post"}],"author":[{"embeddable":true,"href":"https:\/\/gnews.cz\/cs_cz\/wp-json\/wp\/v2\/users\/6"}],"replies":[{"embeddable":true,"href":"https:\/\/gnews.cz\/cs_cz\/wp-json\/wp\/v2\/comments?post=40424"}],"version-history":[{"count":1,"href":"https:\/\/gnews.cz\/cs_cz\/wp-json\/wp\/v2\/posts\/40424\/revisions"}],"predecessor-version":[{"id":40425,"href":"https:\/\/gnews.cz\/cs_cz\/wp-json\/wp\/v2\/posts\/40424\/revisions\/40425"}],"wp:featuredmedia":[{"embeddable":true,"href":"https:\/\/gnews.cz\/cs_cz\/wp-json\/wp\/v2\/media\/40507"}],"wp:attachment":[{"href":"https:\/\/gnews.cz\/cs_cz\/wp-json\/wp\/v2\/media?parent=40424"}],"wp:term":[{"taxonomy":"category","embeddable":true,"href":"https:\/\/gnews.cz\/cs_cz\/wp-json\/wp\/v2\/categories?post=40424"},{"taxonomy":"post_tag","embeddable":true,"href":"https:\/\/gnews.cz\/cs_cz\/wp-json\/wp\/v2\/tags?post=40424"}],"curies":[{"name":"wp","href":"https:\/\/api.w.org\/{rel}","templated":true}]}}