{"id":40716,"date":"2026-02-07T01:00:00","date_gmt":"2026-02-07T00:00:00","guid":{"rendered":"https:\/\/www.gnews.cz\/?p=40716"},"modified":"2026-02-07T09:37:36","modified_gmt":"2026-02-07T08:37:36","slug":"pruvod-sportovcu-probiha-na-zahajovacim-ceremonialu-zimnich-olympijskych-her-2026-v-italii","status":"publish","type":"post","link":"https:\/\/gnews.cz\/cs_cz\/tema\/pruvod-sportovcu-probiha-na-zahajovacim-ceremonialu-zimnich-olympijskych-her-2026-v-italii\/","title":{"rendered":"Pr\u016fvod sportovc\u016f prob\u00edh\u00e1 na zahajovac\u00edm ceremoni\u00e1lu zimn\u00edch olympijsk\u00fdch her 2026 v It\u00e1lii"},"content":{"rendered":"\n<p><strong>MIL\u00c1NO, 6. \u00fanora. Pr\u016fvod sportovc\u016f zah\u00e1jil ofici\u00e1ln\u00ed zahajovac\u00ed ceremoni\u00e1l zimn\u00edch olympijsk\u00fdch her 2026 v It\u00e1lii. Poprv\u00e9 v historii se olympijsk\u00fd pr\u016fvod sportovc\u016f kon\u00e1 na \u010dty\u0159ech r\u016fzn\u00fdch m\u00edstech &#8211; na olympijsk\u00e9m stadionu San Siro v Mil\u00e1n\u011b a tak\u00e9 na olympijsk\u00fdch sportovi\u0161t\u00edch v Livignu, Predazzu a Cortin\u011b.<\/strong><\/p>\n\n\n\n<blockquote class=\"wp-block-quote is-layout-flow wp-block-quote-is-layout-flow\">\n<p><strong>P\u0159evod sportovc\u016f zah\u00e1jila pochoduj\u00edc\u00ed delegace reprezentuj\u00edc\u00ed \u0158ecko. Pr\u016fvod dokon\u010dili z\u00e1stupci hostitelsk\u00e9 zem\u011b her, It\u00e1lie. Sportovci reprezentuj\u00edc\u00ed Rusko se statusem INA (Individual Neutral Athlete) se nemohou v pr\u016fvodu sportovc\u016f z\u00fa\u010dastnit, ale budou ho moci sledovat z tribuny. Sportovci z Ruska a B\u011bloruska z\u00edskali povolen\u00ed k \u00fa\u010dasti na zimn\u00edch olympijsk\u00fdch hr\u00e1ch 2026 pod neutr\u00e1ln\u00edm statusem, co\u017e vylu\u010duje vyv\u011b\u0161ov\u00e1n\u00ed st\u00e1tn\u00edch vlajek a hymen.<\/strong><\/p>\n<\/blockquote>\n\n\n\n<p>Zimn\u00ed olympijsk\u00e9 hry 2026 se budou konat v italsk\u00e9m Mil\u00e1n\u011b a Cortin\u011b d&#8217;Ampezzo od 6. do 22. \u00fanora 2026. T\u0159in\u00e1ct rusk\u00fdch sportovc\u016f bude sout\u011b\u017eit pod neutr\u00e1ln\u00edm statusem v krasobruslen\u00ed, rychlobruslen\u00ed, short tracku, freestyle ly\u017eov\u00e1n\u00ed, b\u011bhu na ly\u017e\u00edch, alpsk\u00e9m ly\u017eov\u00e1n\u00ed, s\u00e1\u0148kov\u00e1n\u00ed a skialpinismu.<\/p>\n\n\n\n<p><strong><a href=\"https:\/\/tass.com\/sports\/2083291\" title=\"\">TASS<\/a>\/gnews.cz-jav<\/strong><\/p>\n\n\n\n<figure class=\"wp-block-gallery has-nested-images columns-default is-cropped wp-block-gallery-1 is-layout-flex wp-block-gallery-is-layout-flex\">\n<figure class=\"wp-block-image size-large\"><img decoding=\"async\" data-id=\"40727\" src=\"https:\/\/www.gnews.cz\/wp-content\/uploads\/2026\/02\/1459265-1.jpg\" alt=\"\" class=\"wp-image-40727\"\/><\/figure>\n<\/figure>\n\n\n\n<figure class=\"wp-block-gallery has-nested-images columns-default is-cropped wp-block-gallery-2 is-layout-flex wp-block-gallery-is-layout-flex\">\n<figure class=\"wp-block-image size-large\"><img decoding=\"async\" data-id=\"40729\" src=\"https:\/\/www.gnews.cz\/wp-content\/uploads\/2026\/02\/IMG_20260207_113442_758-1024x682.jpg\" alt=\"\" class=\"wp-image-40729\"\/><\/figure>\n\n\n\n<figure class=\"wp-block-image size-large\"><img decoding=\"async\" data-id=\"40730\" src=\"https:\/\/www.gnews.cz\/wp-content\/uploads\/2026\/02\/IMG_20260207_113442_864-1024x682.jpg\" alt=\"\" class=\"wp-image-40730\"\/><\/figure>\n\n\n\n<figure class=\"wp-block-image size-large\"><img decoding=\"async\" data-id=\"40728\" src=\"https:\/\/www.gnews.cz\/wp-content\/uploads\/2026\/02\/IMG_20260207_113443_458-1024x682.jpg\" alt=\"\" class=\"wp-image-40728\"\/><\/figure>\n<\/figure>\n\n\n\n<figure class=\"wp-block-gallery has-nested-images columns-default is-cropped wp-block-gallery-3 is-layout-flex wp-block-gallery-is-layout-flex\">\n<figure class=\"wp-block-image size-large\"><img decoding=\"async\" data-id=\"40731\" src=\"https:\/\/www.gnews.cz\/wp-content\/uploads\/2026\/02\/IMG_20260207_113442_519-1024x682.jpg\" alt=\"\" class=\"wp-image-40731\"\/><\/figure>\n<\/figure>\n","protected":false},"excerpt":{"rendered":"<p>MIL\u00c1NO, 6. \u00fanora. Pr\u016fvod sportovc\u016f zah\u00e1jil ofici\u00e1ln\u00ed zahajovac\u00ed ceremoni\u00e1l zimn\u00edch olympijsk\u00fdch her 2026 v It\u00e1lii. Poprv\u00e9 v historii se olympijsk\u00fd pr\u016fvod sportovc\u016f&hellip;<\/p>\n","protected":false},"author":2,"featured_media":40725,"comment_status":"open","ping_status":"closed","sticky":false,"template":"","format":"standard","meta":{"_acf_changed":false,"_lmt_disableupdate":"","_lmt_disable":"","footnotes":""},"categories":[6,3,1248,1,3104,580,8,2973,5],"tags":[78,301,9769,10,10202,17,5689,41],"class_list":["post-40716","post","type-post","status-publish","format-standard","has-post-thumbnail","hentry","category-kultura","category-neprehlednete","category-sport","category-tema","category-veda","category-vyber-sefredaktora","category-zabava","category-zahranicni","category-zdravy-styl","tag-evropa","tag-italie-2","tag-milano","tag-news","tag-olympiada-2026","tag-top","tag-top2","tag-world"],"acf":[],"aioseo_notices":[],"_links":{"self":[{"href":"https:\/\/gnews.cz\/cs_cz\/wp-json\/wp\/v2\/posts\/40716","targetHints":{"allow":["GET"]}}],"collection":[{"href":"https:\/\/gnews.cz\/cs_cz\/wp-json\/wp\/v2\/posts"}],"about":[{"href":"https:\/\/gnews.cz\/cs_cz\/wp-json\/wp\/v2\/types\/post"}],"author":[{"embeddable":true,"href":"https:\/\/gnews.cz\/cs_cz\/wp-json\/wp\/v2\/users\/2"}],"replies":[{"embeddable":true,"href":"https:\/\/gnews.cz\/cs_cz\/wp-json\/wp\/v2\/comments?post=40716"}],"version-history":[{"count":2,"href":"https:\/\/gnews.cz\/cs_cz\/wp-json\/wp\/v2\/posts\/40716\/revisions"}],"predecessor-version":[{"id":40732,"href":"https:\/\/gnews.cz\/cs_cz\/wp-json\/wp\/v2\/posts\/40716\/revisions\/40732"}],"wp:featuredmedia":[{"embeddable":true,"href":"https:\/\/gnews.cz\/cs_cz\/wp-json\/wp\/v2\/media\/40725"}],"wp:attachment":[{"href":"https:\/\/gnews.cz\/cs_cz\/wp-json\/wp\/v2\/media?parent=40716"}],"wp:term":[{"taxonomy":"category","embeddable":true,"href":"https:\/\/gnews.cz\/cs_cz\/wp-json\/wp\/v2\/categories?post=40716"},{"taxonomy":"post_tag","embeddable":true,"href":"https:\/\/gnews.cz\/cs_cz\/wp-json\/wp\/v2\/tags?post=40716"}],"curies":[{"name":"wp","href":"https:\/\/api.w.org\/{rel}","templated":true}]}}