{"id":40733,"date":"2026-02-07T12:30:00","date_gmt":"2026-02-07T11:30:00","guid":{"rendered":"https:\/\/www.gnews.cz\/?p=40733"},"modified":"2026-04-30T04:18:09","modified_gmt":"2026-04-30T02:18:09","slug":"odesla-ticha-hvezda-ceskeho-filmu-jana-brejchova-zustava-navzdy-v-pameti-divaku","status":"publish","type":"post","link":"https:\/\/gnews.cz\/cs_cz\/tema\/odesla-ticha-hvezda-ceskeho-filmu-jana-brejchova-zustava-navzdy-v-pameti-divaku\/","title":{"rendered":"Ode\u0161la hv\u011bzda \u010desk\u00e9hoslovensk\u00e9ho filmu. Jana Brejchov\u00e1 nav\u017edy mil\u00e1\u010dkem v pam\u011bti div\u00e1k\u016f"},"content":{"rendered":"\n<p><strong>\u010cesk\u00fd film a divadlo ztratily jednu ze sv\u00fdch nejmilovan\u011bj\u0161\u00edch, nejk\u0159eh\u010d\u00edch a z\u00e1rove\u0148 nejz\u00e1\u0159iv\u011bj\u0161\u00edch hv\u011bzd osumdes\u00e1t\u00fdch let. Ano, Jana Brejchov\u00e1, here\u010dka, jej\u00ed\u017e tv\u00e1\u0159 se nav\u017edy otiskla do pam\u011bti n\u011bkolika generac\u00ed div\u00e1k\u016f, zem\u0159ela po dlouh\u00e9 nemoci ve v\u011bku 86 let. Zpr\u00e1vu o jej\u00edm \u00famrt\u00ed potvrdila jej\u00ed dcera, here\u010dka Tereza Brodsk\u00e1, kter\u00e1 z\u00e1rove\u0148 po\u017e\u00e1dala ve\u0159ejnost i m\u00e9dia o respektov\u00e1n\u00ed soukrom\u00ed rodiny v t\u00e9to t\u011b\u017ek\u00e9 chv\u00edli. Ode\u0161la \u017eena, kter\u00e1 dok\u00e1zala beze slov vypr\u00e1v\u011bt cel\u00e9 lidsk\u00e9 osudy.<\/strong><\/p>\n\n\n\n<blockquote class=\"wp-block-quote is-layout-flow wp-block-quote-is-layout-flow\">\n<p><strong>Here\u010dka sama o sob\u011b byla velmi plach\u00e1, k\u0159ehk\u00e1 a l\u00edbezn\u00e1. Jana Brejchov\u00e1 nikdy nep\u016fsobila ok\u00e1zale, nikdy nemusela zvy\u0161ovat hlas, aby byla sly\u0161et. Jej\u00ed s\u00edla spo\u010d\u00edvala v jemnosti, v pohledu, v nepatrn\u00e9m gestu, v tichu mezi v\u011btami. Pr\u00e1v\u011b tam se rodilo herectv\u00ed, kter\u00e9 bylo pravdiv\u00e9 a hluboce lidsk\u00e9. Na filmov\u00e9m pl\u00e1tn\u011b se stala symbolem \u017eensk\u00e9 kr\u00e1sy i vnit\u0159n\u00edho nap\u011bt\u00ed. P\u0159ezd\u00edvka \u201e\u010desk\u00e1 Bardotka\u201c j\u00ed byla p\u0159isouzena, ani\u017e by ji sama kdy vyhled\u00e1vala. Nebyla here\u010dkou jedin\u00e9 polohy \u2013 dok\u00e1zala b\u00fdt d\u00edv\u010d\u00ed, zraniteln\u00e1, v\u00e1\u0161niv\u00e1 i tragick\u00e1. Jej\u00ed role nesly emoce, kter\u00e9 se div\u00e1k\u016f dot\u00fdkaly ne prvopl\u00e1nov\u011b, ale s pozvolnou, o to siln\u011bj\u0161\u00ed intenzitou. Ka\u017ed\u00e1 z nich byla otiskem jej\u00ed osobnosti: tich\u00e9, soust\u0159ed\u011bn\u00e9, hlubok\u00e9. <\/strong><\/p>\n<\/blockquote>\n\n\n\n<p>D\u00edvka s velk\u00fdma o\u010dima, v nich\u017e se m\u00edsila nevinnost s tichou hloubkou, z n\u00ed\u017e postupn\u011b vyrostla here\u010dka mimo\u0159\u00e1dn\u00e9ho form\u00e1tu a stala se v 80 letech symbolem \u010desk\u00e9 a slovensk\u00e9 \u017eeny, jakou cht\u011bli b\u00fdt vlastn\u011b v\u0161echny. Ztv\u00e1r\u0148ovala \u017eeny intelektu\u00e1ln\u011b v\u00fdrazn\u00e9, z\u00e1rove\u0148 bojovn\u00e9 \u017eeny kter\u00e1 zvl\u00e1d\u00e1 v\u0161e, pr\u00e1ci, rodinu, sv\u00e9 z\u00e1jmy a k tomu s vkusem tv\u016fr\u010d\u00edho \u010dloveka. Jej\u00ed hereck\u00e1 dr\u00e1ha se odehr\u00e1vala v \u010dasech radosti i t\u011b\u017ek\u00fdch zkou\u0161ek. Pro\u0161la obdob\u00edm sl\u00e1vy, ale i osobn\u00edch bolest\u00ed, kter\u00e9 se do jej\u00edho projevu prom\u00edtaly s neoby\u010dejnou opravdovost\u00ed. Nikdy se nestav\u011bla do role hv\u011bzdy, p\u0159esto j\u00ed byla. Mezin\u00e1rodn\u00ed uzn\u00e1n\u00ed, kter\u00e9 si sv\u00fdm talentem vydobyla, p\u0159ij\u00edmala s pokorou a rezervovanost\u00ed, je\u017e j\u00ed byly vlastn\u00ed. Vedle um\u011bleck\u00e9ho odkazu po sob\u011b zanechala i lidskou stopu \u2013 v podob\u011b sv\u00e9 dcery Terezy Brodsk\u00e9, kter\u00e1 nese d\u00e1l nejen hereck\u00e9 geny, ale i cit pro pravdu a hloubku role.<\/p>\n\n\n\n<blockquote class=\"wp-block-quote is-layout-flow wp-block-quote-is-layout-flow\">\n<p><strong>Jejich vztah byl tich\u00fd, pevn\u00fd a pln\u00fd vz\u00e1jemn\u00e9ho respektu. Pr\u00e1v\u011b rodina byla pro Janu Brejchovou z\u00e1zem\u00edm, kam se vracela mimo sv\u011bt reflektor\u016f. Jej\u00ed role byli vnit\u0159n\u011b pro\u017eit\u00e9, proto\u017ee sama je takto vnit\u0159n\u011b pro\u017e\u00edvala. Herectv\u00ed pro ni bylo v\u0161\u00edm i p\u0159esto, \u017ee sama o sl\u00e1vu tolik neusilovala.  Odchod Jany Brejchov\u00e9 nen\u00ed jen ztr\u00e1tou v\u00fdznamn\u00e9 here\u010dky. Je to rozlou\u010den\u00ed s jdnou epochou kvalitn\u00ed kult\u016fry, v n\u00ed\u017e se herectv\u00ed op\u00edralo o silnou vnit\u0159n\u00ed pravdivost, nikoli o efekt. Jej\u00ed tv\u00e1\u0159 z\u016fstane nav\u017edy sou\u010d\u00e1st\u00ed \u010desk\u00e9 kulturn\u00ed pam\u011bti, jej\u00ed role budou d\u00e1l promlouvat k t\u011bm, kte\u0159\u00ed v um\u011bn\u00ed hledaj\u00ed cit, ticho a opravdovost. Ode\u0161la ti\u0161e, tak jak i \u017eila \u2013 ale z\u016fst\u00e1v\u00e1 nav\u017edy.<\/strong><\/p>\n<\/blockquote>\n\n\n\n<p><strong>Jan Vojt\u011bch,<\/strong> \u0161\u00e9fredaktor &#8211; General News<\/p>\n\n\n\n<figure class=\"wp-block-gallery has-nested-images columns-default is-cropped wp-block-gallery-1 is-layout-flex wp-block-gallery-is-layout-flex\">\n<figure class=\"wp-block-image size-large\"><img decoding=\"async\" data-id=\"40739\" src=\"https:\/\/www.gnews.cz\/wp-content\/uploads\/2026\/02\/Screenshot_20260207_120924-1-1024x566.jpg\" alt=\"\" class=\"wp-image-40739\"\/><\/figure>\n<\/figure>\n\n\n\n<p><br><\/p>\n\n\n\n<figure class=\"wp-block-gallery has-nested-images columns-default is-cropped wp-block-gallery-2 is-layout-flex wp-block-gallery-is-layout-flex\">\n<figure class=\"wp-block-image size-large\"><img decoding=\"async\" data-id=\"40742\" src=\"https:\/\/www.gnews.cz\/wp-content\/uploads\/2026\/02\/crop-1250202-profimedia-0670501357_960x540.jpg\" alt=\"\" class=\"wp-image-40742\"\/><\/figure>\n\n\n\n<figure class=\"wp-block-image size-large\"><img decoding=\"async\" data-id=\"40741\" src=\"https:\/\/www.gnews.cz\/wp-content\/uploads\/2026\/02\/Jana-Brejchova-728x1024.jpg\" alt=\"\" class=\"wp-image-40741\"\/><\/figure>\n\n\n\n<figure class=\"wp-block-image size-large\"><img fetchpriority=\"high\" decoding=\"async\" width=\"847\" height=\"1024\" data-id=\"40740\" src=\"https:\/\/www.gnews.cz\/wp-content\/uploads\/2026\/02\/7559522-847x1024.webp\" alt=\"\" class=\"wp-image-40740\" srcset=\"https:\/\/gnews.cz\/wp-content\/uploads\/2026\/02\/7559522-847x1024.webp 847w, https:\/\/gnews.cz\/wp-content\/uploads\/2026\/02\/7559522-248x300.webp 248w, https:\/\/gnews.cz\/wp-content\/uploads\/2026\/02\/7559522-768x928.webp 768w, https:\/\/gnews.cz\/wp-content\/uploads\/2026\/02\/7559522-10x12.webp 10w, https:\/\/gnews.cz\/wp-content\/uploads\/2026\/02\/7559522-1170x1414.webp 1170w, https:\/\/gnews.cz\/wp-content\/uploads\/2026\/02\/7559522-585x707.webp 585w, https:\/\/gnews.cz\/wp-content\/uploads\/2026\/02\/7559522.webp 1200w\" sizes=\"(max-width: 847px) 100vw, 847px\" \/><\/figure>\n<\/figure>\n\n\n\n<figure class=\"wp-block-gallery has-nested-images columns-default is-cropped wp-block-gallery-3 is-layout-flex wp-block-gallery-is-layout-flex\">\n<figure class=\"wp-block-image size-large\"><img decoding=\"async\" data-id=\"40743\" src=\"https:\/\/www.gnews.cz\/wp-content\/uploads\/2026\/02\/download_20260207_121103.jpg\" alt=\"\" class=\"wp-image-40743\"\/><\/figure>\n\n\n\n<figure class=\"wp-block-image size-large\"><img decoding=\"async\" data-id=\"40744\" src=\"https:\/\/www.gnews.cz\/wp-content\/uploads\/2026\/02\/images_20260207_121342.jpg\" alt=\"\" class=\"wp-image-40744\"\/><\/figure>\n\n\n\n<figure class=\"wp-block-image size-large\"><img decoding=\"async\" data-id=\"40745\" src=\"https:\/\/www.gnews.cz\/wp-content\/uploads\/2026\/02\/crop-2468279-0-brejchova-jana-0010_800x540.jpg\" alt=\"\" class=\"wp-image-40745\"\/><\/figure>\n<\/figure>\n\n\n\n<figure class=\"wp-block-gallery has-nested-images columns-default is-cropped wp-block-gallery-4 is-layout-flex wp-block-gallery-is-layout-flex\">\n<figure class=\"wp-block-image size-large\"><img decoding=\"async\" data-id=\"40747\" src=\"https:\/\/www.gnews.cz\/wp-content\/uploads\/2026\/02\/1200px-Bundesarchiv_Bild_183-P0417-0017_Berlin_Kinopremiere__Jakob_der_Lugner__Simon_Brodsky_Beyer_Lamberz-1024x567.jpg\" alt=\"\" class=\"wp-image-40747\"\/><\/figure>\n\n\n\n<figure class=\"wp-block-image size-large\"><img decoding=\"async\" width=\"1024\" height=\"576\" data-id=\"40748\" src=\"https:\/\/www.gnews.cz\/wp-content\/uploads\/2026\/02\/4012107-1024x576.webp\" alt=\"\" class=\"wp-image-40748\" srcset=\"https:\/\/gnews.cz\/wp-content\/uploads\/2026\/02\/4012107-1024x576.webp 1024w, https:\/\/gnews.cz\/wp-content\/uploads\/2026\/02\/4012107-300x169.webp 300w, https:\/\/gnews.cz\/wp-content\/uploads\/2026\/02\/4012107-768x432.webp 768w, https:\/\/gnews.cz\/wp-content\/uploads\/2026\/02\/4012107-1536x864.webp 1536w, https:\/\/gnews.cz\/wp-content\/uploads\/2026\/02\/4012107-18x10.webp 18w, https:\/\/gnews.cz\/wp-content\/uploads\/2026\/02\/4012107-1170x658.webp 1170w, https:\/\/gnews.cz\/wp-content\/uploads\/2026\/02\/4012107-585x329.webp 585w, https:\/\/gnews.cz\/wp-content\/uploads\/2026\/02\/4012107.webp 1600w\" sizes=\"(max-width: 1024px) 100vw, 1024px\" \/><\/figure>\n<\/figure>\n\n\n\n<figure class=\"wp-block-gallery has-nested-images columns-default is-cropped wp-block-gallery-5 is-layout-flex wp-block-gallery-is-layout-flex\">\n<figure class=\"wp-block-image size-large\"><img decoding=\"async\" width=\"663\" height=\"462\" data-id=\"40749\" src=\"https:\/\/www.gnews.cz\/wp-content\/uploads\/2026\/02\/filmova-studia-barrandov.jpeg-1.webp\" alt=\"\" class=\"wp-image-40749\" srcset=\"https:\/\/gnews.cz\/wp-content\/uploads\/2026\/02\/filmova-studia-barrandov.jpeg-1.webp 663w, https:\/\/gnews.cz\/wp-content\/uploads\/2026\/02\/filmova-studia-barrandov.jpeg-1-300x209.webp 300w, https:\/\/gnews.cz\/wp-content\/uploads\/2026\/02\/filmova-studia-barrandov.jpeg-1-18x12.webp 18w, https:\/\/gnews.cz\/wp-content\/uploads\/2026\/02\/filmova-studia-barrandov.jpeg-1-585x408.webp 585w\" sizes=\"(max-width: 663px) 100vw, 663px\" \/><\/figure>\n<\/figure>\n\n\n\n<figure class=\"wp-block-gallery has-nested-images columns-default is-cropped wp-block-gallery-6 is-layout-flex wp-block-gallery-is-layout-flex\">\n<figure class=\"wp-block-image size-large\"><img decoding=\"async\" data-id=\"40750\" src=\"https:\/\/www.gnews.cz\/wp-content\/uploads\/2026\/02\/Screenshot_20260207_120744-1024x590.jpg\" alt=\"\" class=\"wp-image-40750\"\/><\/figure>\n<\/figure>\n\n\n\n<figure class=\"wp-block-gallery has-nested-images columns-default is-cropped wp-block-gallery-7 is-layout-flex wp-block-gallery-is-layout-flex\">\n<figure class=\"wp-block-image size-large\"><img loading=\"lazy\" decoding=\"async\" width=\"600\" height=\"446\" data-id=\"40751\" src=\"https:\/\/www.gnews.cz\/wp-content\/uploads\/2026\/02\/1873584.webp\" alt=\"\" class=\"wp-image-40751\" srcset=\"https:\/\/gnews.cz\/wp-content\/uploads\/2026\/02\/1873584.webp 600w, https:\/\/gnews.cz\/wp-content\/uploads\/2026\/02\/1873584-300x223.webp 300w, https:\/\/gnews.cz\/wp-content\/uploads\/2026\/02\/1873584-16x12.webp 16w, https:\/\/gnews.cz\/wp-content\/uploads\/2026\/02\/1873584-585x435.webp 585w\" sizes=\"(max-width: 600px) 100vw, 600px\" \/><\/figure>\n\n\n\n<figure class=\"wp-block-image size-large\"><img loading=\"lazy\" decoding=\"async\" width=\"847\" height=\"1024\" data-id=\"40752\" src=\"https:\/\/www.gnews.cz\/wp-content\/uploads\/2026\/02\/7559522-1-847x1024.webp\" alt=\"\" class=\"wp-image-40752\" srcset=\"https:\/\/gnews.cz\/wp-content\/uploads\/2026\/02\/7559522-1-847x1024.webp 847w, https:\/\/gnews.cz\/wp-content\/uploads\/2026\/02\/7559522-1-248x300.webp 248w, https:\/\/gnews.cz\/wp-content\/uploads\/2026\/02\/7559522-1-768x928.webp 768w, https:\/\/gnews.cz\/wp-content\/uploads\/2026\/02\/7559522-1-10x12.webp 10w, https:\/\/gnews.cz\/wp-content\/uploads\/2026\/02\/7559522-1-1170x1414.webp 1170w, https:\/\/gnews.cz\/wp-content\/uploads\/2026\/02\/7559522-1-585x707.webp 585w, https:\/\/gnews.cz\/wp-content\/uploads\/2026\/02\/7559522-1.webp 1200w\" sizes=\"(max-width: 847px) 100vw, 847px\" \/><\/figure>\n\n\n\n<figure class=\"wp-block-image size-large\"><img loading=\"lazy\" decoding=\"async\" width=\"978\" height=\"648\" data-id=\"40753\" src=\"https:\/\/www.gnews.cz\/wp-content\/uploads\/2026\/02\/5128246.webp\" alt=\"\" class=\"wp-image-40753\" srcset=\"https:\/\/gnews.cz\/wp-content\/uploads\/2026\/02\/5128246.webp 978w, https:\/\/gnews.cz\/wp-content\/uploads\/2026\/02\/5128246-300x199.webp 300w, https:\/\/gnews.cz\/wp-content\/uploads\/2026\/02\/5128246-768x509.webp 768w, https:\/\/gnews.cz\/wp-content\/uploads\/2026\/02\/5128246-18x12.webp 18w, https:\/\/gnews.cz\/wp-content\/uploads\/2026\/02\/5128246-780x516.webp 780w, https:\/\/gnews.cz\/wp-content\/uploads\/2026\/02\/5128246-585x388.webp 585w, https:\/\/gnews.cz\/wp-content\/uploads\/2026\/02\/5128246-263x175.webp 263w\" sizes=\"(max-width: 978px) 100vw, 978px\" \/><\/figure>\n<\/figure>\n\n\n\n<figure class=\"wp-block-gallery has-nested-images columns-default is-cropped wp-block-gallery-8 is-layout-flex wp-block-gallery-is-layout-flex\">\n<figure class=\"wp-block-image size-large\"><img decoding=\"async\" data-id=\"40754\" src=\"https:\/\/www.gnews.cz\/wp-content\/uploads\/2026\/02\/1200px-Art_Film_Fest_2000_\u2013_Jana_Brejchova-1024x576.jpg\" alt=\"\" class=\"wp-image-40754\"\/><\/figure>\n<\/figure>\n\n\n\n<figure class=\"wp-block-gallery has-nested-images columns-default is-cropped wp-block-gallery-9 is-layout-flex wp-block-gallery-is-layout-flex\">\n<figure class=\"wp-block-image size-large\"><img decoding=\"async\" data-id=\"40755\" src=\"https:\/\/www.gnews.cz\/wp-content\/uploads\/2026\/02\/1200px-Podpis_Jany_Brejchove.svg-1024x626.png\" alt=\"\" class=\"wp-image-40755\"\/><\/figure>\n<\/figure>\n","protected":false},"excerpt":{"rendered":"<p>\u010cesk\u00fd film a divadlo ztratily jednu ze sv\u00fdch nejmilovan\u011bj\u0161\u00edch, nejk\u0159eh\u010d\u00edch a z\u00e1rove\u0148 nejz\u00e1\u0159iv\u011bj\u0161\u00edch hv\u011bzd osumdes\u00e1t\u00fdch let. Ano, Jana Brejchov\u00e1, here\u010dka, jej\u00ed\u017e tv\u00e1\u0159&hellip;<\/p>\n","protected":false},"author":2,"featured_media":40808,"comment_status":"open","ping_status":"closed","sticky":false,"template":"","format":"standard","meta":{"_acf_changed":false,"_lmt_disableupdate":"","_lmt_disable":"","footnotes":""},"categories":[6,1,580,8,2973],"tags":[10208,10206,45,10204,10213,10209,10205,10210,10212,10,10207,17,10211,41],"class_list":["post-40733","post","type-post","status-publish","format-standard","has-post-thumbnail","hentry","category-kultura","category-tema","category-vyber-sefredaktora","category-zabava","category-zahranicni","tag-ceska-herecka","tag-ceska-kinematografie","tag-cr","tag-cesky-film","tag-filmova-historie","tag-herecka-legenda","tag-jana-brejchova","tag-kulturni-ztrata","tag-nekrolog","tag-news","tag-tereza-brodska","tag-top","tag-umrti-herecky","tag-world"],"acf":[],"aioseo_notices":[],"_links":{"self":[{"href":"https:\/\/gnews.cz\/cs_cz\/wp-json\/wp\/v2\/posts\/40733","targetHints":{"allow":["GET"]}}],"collection":[{"href":"https:\/\/gnews.cz\/cs_cz\/wp-json\/wp\/v2\/posts"}],"about":[{"href":"https:\/\/gnews.cz\/cs_cz\/wp-json\/wp\/v2\/types\/post"}],"author":[{"embeddable":true,"href":"https:\/\/gnews.cz\/cs_cz\/wp-json\/wp\/v2\/users\/2"}],"replies":[{"embeddable":true,"href":"https:\/\/gnews.cz\/cs_cz\/wp-json\/wp\/v2\/comments?post=40733"}],"version-history":[{"count":4,"href":"https:\/\/gnews.cz\/cs_cz\/wp-json\/wp\/v2\/posts\/40733\/revisions"}],"predecessor-version":[{"id":40757,"href":"https:\/\/gnews.cz\/cs_cz\/wp-json\/wp\/v2\/posts\/40733\/revisions\/40757"}],"wp:featuredmedia":[{"embeddable":true,"href":"https:\/\/gnews.cz\/cs_cz\/wp-json\/wp\/v2\/media\/40808"}],"wp:attachment":[{"href":"https:\/\/gnews.cz\/cs_cz\/wp-json\/wp\/v2\/media?parent=40733"}],"wp:term":[{"taxonomy":"category","embeddable":true,"href":"https:\/\/gnews.cz\/cs_cz\/wp-json\/wp\/v2\/categories?post=40733"},{"taxonomy":"post_tag","embeddable":true,"href":"https:\/\/gnews.cz\/cs_cz\/wp-json\/wp\/v2\/tags?post=40733"}],"curies":[{"name":"wp","href":"https:\/\/api.w.org\/{rel}","templated":true}]}}