{"id":40779,"date":"2026-02-08T09:00:00","date_gmt":"2026-02-08T08:00:00","guid":{"rendered":"https:\/\/www.gnews.cz\/?p=40779"},"modified":"2026-02-08T08:56:23","modified_gmt":"2026-02-08T07:56:23","slug":"vydavatel-the-washington-post-will-lewis-po-propousteni-konci-do-cela-deniku-nastupuje-jeff-donofrio","status":"publish","type":"post","link":"https:\/\/gnews.cz\/cs_cz\/tema\/vydavatel-the-washington-post-will-lewis-po-propousteni-konci-do-cela-deniku-nastupuje-jeff-donofrio\/","title":{"rendered":"Vydavatel The Washington Post Will Lewis po propou\u0161t\u011bn\u00ed kon\u010d\u00ed, do \u010dela den\u00edku nastupuje Jeff D\u2019Onofrio"},"content":{"rendered":"\n<p><strong>WASHINGTON \u2013 Vydavatel a gener\u00e1ln\u00ed \u0159editel americk\u00e9ho den\u00edku The Washington Post Will Lewis ozn\u00e1mil sv\u00e9 odstoupen\u00ed z funkce jen n\u011bkolik dn\u00ed po rozs\u00e1hl\u00e9m propou\u0161t\u011bn\u00ed, kter\u00e9 zas\u00e1hlo redakci i dal\u0161\u00ed odd\u011blen\u00ed listu. O sv\u00e9m rozhodnut\u00ed informoval zam\u011bstnance prost\u0159ednictv\u00edm intern\u00edho e-mailu, na kter\u00fd se odvol\u00e1vaj\u00ed sv\u011btov\u00e9 agentury. Veden\u00ed jednoho z nejvlivn\u011bj\u0161\u00edch americk\u00fdch den\u00edk\u016f tak \u010dek\u00e1 dal\u0161\u00ed v\u00fdznamn\u00e1 zm\u011bna v obdob\u00ed, kdy se tradi\u010dn\u00ed m\u00e9dia pot\u00fdkaj\u00ed s hlubok\u00fdmi ekonomick\u00fdmi i struktur\u00e1ln\u00edmi probl\u00e9my.<\/strong><\/p>\n\n\n\n<blockquote class=\"wp-block-quote is-layout-flow wp-block-quote-is-layout-flow\">\n<p><strong>Lewisovo rozhodnut\u00ed p\u0159ich\u00e1z\u00ed v citliv\u00e9m okam\u017eiku. The Washington Post, kter\u00fd od roku 2013 vlastn\u00ed zakladatel spole\u010dnosti Amazon a miliard\u00e1\u0159 Jeff Bezos, v posledn\u00edch letech \u010del\u00ed poklesu p\u0159edplatitel\u016f i p\u0159\u00edjm\u016f z reklamy. Management proto v uplynul\u00fdch t\u00fddnech p\u0159istoupil k rozs\u00e1hl\u00fdm \u00fasporn\u00fdm opat\u0159en\u00edm, jejich\u017e sou\u010d\u00e1st\u00ed bylo propou\u0161t\u011bn\u00ed zam\u011bstnanc\u016f nap\u0159\u00ed\u010d redakc\u00ed i administrativou. Tento krok vyvolal mezi novin\u00e1\u0159i i \u0161ir\u0161\u00ed ve\u0159ejnost\u00ed zna\u010dnou kritiku a obavy o budouc\u00ed podobu investigativn\u00ed a analytick\u00e9 \u017eurnalistiky, j\u00ed\u017e je den\u00edk dlouhodob\u011b zn\u00e1m.<\/strong><\/p>\n<\/blockquote>\n\n\n\n<p>Will Lewis st\u00e1l v \u010dele vydavatelstv\u00ed v dob\u011b, kdy se The Washington Post sna\u017eil adaptovat na rychle se m\u011bn\u00edc\u00ed medi\u00e1ln\u00ed prost\u0159ed\u00ed. V intern\u00edm sd\u011blen\u00ed podle agentur uvedl, \u017ee jeho odchod m\u00e1 umo\u017enit hladk\u00e9 p\u0159ed\u00e1n\u00ed \u0159\u00edzen\u00ed a stabilizaci den\u00edku v n\u00e1sleduj\u00edc\u00edm obdob\u00ed. Podrobn\u011bj\u0161\u00ed d\u016fvody sv\u00e9ho odstoupen\u00ed v\u0161ak bl\u00ed\u017ee nespecifikoval.<\/p>\n\n\n\n<blockquote class=\"wp-block-quote is-layout-flow wp-block-quote-is-layout-flow\">\n<p><strong>Na uvoln\u011bnou pozici gener\u00e1ln\u00edho \u0159editele a vydavatele nastoup\u00ed dosavadn\u00ed finan\u010dn\u00ed \u0159editel Jeff D\u2019Onofrio. Ten je ve veden\u00ed den\u00edku vn\u00edm\u00e1n jako kl\u00ed\u010dov\u00e1 postava odpov\u011bdn\u00e1 za hospoda\u0159en\u00ed a finan\u010dn\u00ed restrukturalizaci spole\u010dnosti. Jeho jmenov\u00e1n\u00ed signalizuje, \u017ee veden\u00ed The Washington Post bude i nad\u00e1le kl\u00e1st d\u016fraz na ekonomickou stabilitu a hled\u00e1n\u00ed udr\u017eiteln\u00fdch obchodn\u00edch model\u016f v dob\u011b, kdy ti\u0161t\u011bn\u00e1 m\u00e9dia ztr\u00e1cej\u00ed tradi\u010dn\u00ed zdroje p\u0159\u00edjm\u016f.<\/strong><\/p>\n<\/blockquote>\n\n\n\n<p>Den\u00edk The Washington Post pat\u0159\u00ed k nejv\u00fdznamn\u011bj\u0161\u00edm americk\u00fdm m\u00e9di\u00edm a dlouhodob\u011b ovliv\u0148uje ve\u0159ejnou debatu nejen ve Spojen\u00fdch st\u00e1tech, ale i v mezin\u00e1rodn\u00edm kontextu. Zm\u011bny ve vrcholn\u00e9m veden\u00ed proto pozorn\u011b sleduj\u00ed jak zam\u011bstnanci redakce, tak medi\u00e1ln\u00ed odborn\u00edci. Ot\u00e1zkou z\u016fst\u00e1v\u00e1, zda nov\u00e9 veden\u00ed dok\u00e1\u017ee obnovit d\u016fv\u011bru zam\u011bstnanc\u016f a z\u00e1rove\u0148 zajistit finan\u010dn\u00ed stabilitu bez dal\u0161\u00edho oslabov\u00e1n\u00ed redak\u010dn\u00ed pr\u00e1ce. Odchod Willa Lewise tak symbolizuje \u0161ir\u0161\u00ed krizi, kterou dnes proch\u00e1z\u00ed velk\u00e1 \u010d\u00e1st tradi\u010dn\u00edch m\u00e9di\u00ed, a z\u00e1rove\u0148 otev\u00edr\u00e1 novou kapitolu v historii jednoho z nejvlivn\u011bj\u0161\u00edch den\u00edk\u016f sv\u011bta.<\/p>\n\n\n\n<p><strong>gnews.cz &#8211; GH<\/strong><\/p>\n\n\n\n<p><br><\/p>\n","protected":false},"excerpt":{"rendered":"<p>WASHINGTON \u2013 Vydavatel a gener\u00e1ln\u00ed \u0159editel americk\u00e9ho den\u00edku The Washington Post Will Lewis ozn\u00e1mil sv\u00e9 odstoupen\u00ed z funkce jen n\u011bkolik dn\u00ed po&hellip;<\/p>\n","protected":false},"author":2,"featured_media":40781,"comment_status":"open","ping_status":"closed","sticky":false,"template":"","format":"standard","meta":{"_acf_changed":false,"_lmt_disableupdate":"","_lmt_disable":"","footnotes":""},"categories":[7,1,580,2973],"tags":[732,10225,5420,4025,10220,10224,10219,10229,10,10222,10227,428,10221,17,38,10223,41,10228,10226],"class_list":["post-40779","post","type-post","status-publish","format-standard","has-post-thumbnail","hentry","category-politika","category-tema","category-vyber-sefredaktora","category-zahranicni","tag-americka-media","tag-ekonomika-medii-pokud-chces","tag-general-news","tag-gnews-cz","tag-jeff-bezos","tag-jeff-donofrio","tag-krize-tistenych-medii","tag-muzu-titul-jeste-vic-nabrousit-pro-klikovost-nebo-ho-prizpusobit-konkretnimu-mediu","tag-news","tag-odstoupeni-generalniho-reditele","tag-propousteni-v-mediich","tag-rezignace","tag-the-washington-post","tag-top","tag-usa","tag-will-lewis","tag-world","tag-zmeny-ve-vedeni","tag-zurnalistika-usa"],"acf":[],"aioseo_notices":[],"_links":{"self":[{"href":"https:\/\/gnews.cz\/cs_cz\/wp-json\/wp\/v2\/posts\/40779","targetHints":{"allow":["GET"]}}],"collection":[{"href":"https:\/\/gnews.cz\/cs_cz\/wp-json\/wp\/v2\/posts"}],"about":[{"href":"https:\/\/gnews.cz\/cs_cz\/wp-json\/wp\/v2\/types\/post"}],"author":[{"embeddable":true,"href":"https:\/\/gnews.cz\/cs_cz\/wp-json\/wp\/v2\/users\/2"}],"replies":[{"embeddable":true,"href":"https:\/\/gnews.cz\/cs_cz\/wp-json\/wp\/v2\/comments?post=40779"}],"version-history":[{"count":1,"href":"https:\/\/gnews.cz\/cs_cz\/wp-json\/wp\/v2\/posts\/40779\/revisions"}],"predecessor-version":[{"id":40780,"href":"https:\/\/gnews.cz\/cs_cz\/wp-json\/wp\/v2\/posts\/40779\/revisions\/40780"}],"wp:featuredmedia":[{"embeddable":true,"href":"https:\/\/gnews.cz\/cs_cz\/wp-json\/wp\/v2\/media\/40781"}],"wp:attachment":[{"href":"https:\/\/gnews.cz\/cs_cz\/wp-json\/wp\/v2\/media?parent=40779"}],"wp:term":[{"taxonomy":"category","embeddable":true,"href":"https:\/\/gnews.cz\/cs_cz\/wp-json\/wp\/v2\/categories?post=40779"},{"taxonomy":"post_tag","embeddable":true,"href":"https:\/\/gnews.cz\/cs_cz\/wp-json\/wp\/v2\/tags?post=40779"}],"curies":[{"name":"wp","href":"https:\/\/api.w.org\/{rel}","templated":true}]}}