{"id":40799,"date":"2026-02-08T19:30:00","date_gmt":"2026-02-08T18:30:00","guid":{"rendered":"https:\/\/www.gnews.cz\/?p=40799"},"modified":"2026-02-08T09:58:44","modified_gmt":"2026-02-08T08:58:44","slug":"utocnik-a-jeho-komplic-pri-pokusu-o-atentat-na-ruskeho-generala-zadrzeni-fsb","status":"publish","type":"post","link":"https:\/\/gnews.cz\/cs_cz\/tema\/utocnik-a-jeho-komplic-pri-pokusu-o-atentat-na-ruskeho-generala-zadrzeni-fsb\/","title":{"rendered":"\u00dato\u010dn\u00edk a jeho komplic p\u0159i pokusu o atent\u00e1t na rusk\u00e9ho gener\u00e1la zadr\u017eeni \u2014 FSB"},"content":{"rendered":"\n<p><strong>MOSKVA, 8. \u00fanora. Rusk\u00e1 Feder\u00e1ln\u00ed bezpe\u010dnostn\u00ed slu\u017eba ozn\u00e1mila zadr\u017een\u00ed st\u0159elce, kter\u00fd se pokusil zab\u00edt vysoce postaven\u00e9ho \u00fa\u0159edn\u00edka rusk\u00e9ho ministerstva obrany, a podez\u0159el\u00e9ho mu\u017esk\u00e9ho komplice.<\/strong><\/p>\n\n\n\n<blockquote class=\"wp-block-quote is-layout-flow wp-block-quote-is-layout-flow\">\n<p><strong>Podez\u0159el\u00e1 \u017eena tohoto komplice kter\u00fd st\u0159\u00edlel uprchla na Ukrajinu. Podle FSB vydala Dubaj Rusku \u00fato\u010dn\u00edka Lyubomira Korbu, narozen\u00e9ho v roce 1960, jeho\u017e c\u00edlem byl atent\u00e1t na gener\u00e1lporu\u010d\u00edka Vladimir Alexejev.<\/strong><\/p>\n<\/blockquote>\n\n\n\n<p><strong><a href=\"https:\/\/tass.com\/emergencies\/2083531\" title=\"\">TASS<\/a>\/gnews.cz-jav<\/strong><\/p>\n","protected":false},"excerpt":{"rendered":"<p>MOSKVA, 8. \u00fanora. Rusk\u00e1 Feder\u00e1ln\u00ed bezpe\u010dnostn\u00ed slu\u017eba ozn\u00e1mila zadr\u017een\u00ed st\u0159elce, kter\u00fd se pokusil zab\u00edt vysoce postaven\u00e9ho \u00fa\u0159edn\u00edka rusk\u00e9ho ministerstva obrany, a podez\u0159el\u00e9ho&hellip;<\/p>\n","protected":false},"author":2,"featured_media":40800,"comment_status":"open","ping_status":"closed","sticky":false,"template":"","format":"standard","meta":{"_acf_changed":false,"_lmt_disableupdate":"","_lmt_disable":"","footnotes":""},"categories":[7,658,1,2973],"tags":[10264,724,2876,4501,10265,10263,123,10,1333,10262,26,17,29,5940,10261,41,10266],"class_list":["post-40799","post","type-post","status-publish","format-standard","has-post-thumbnail","hentry","category-politika","category-prectete-si","category-tema","category-zahranicni","tag-10264","tag-atentat","tag-dubaj","tag-fsb","tag-komplic","tag-lyubomir-korba","tag-moskva","tag-news","tag-ruska-federace","tag-ruska-federalni-sluzba","tag-rusko","tag-top","tag-ukrajina","tag-utocnik","tag-vladimir-alexejev","tag-world","tag-zena"],"acf":[],"aioseo_notices":[],"_links":{"self":[{"href":"https:\/\/gnews.cz\/cs_cz\/wp-json\/wp\/v2\/posts\/40799","targetHints":{"allow":["GET"]}}],"collection":[{"href":"https:\/\/gnews.cz\/cs_cz\/wp-json\/wp\/v2\/posts"}],"about":[{"href":"https:\/\/gnews.cz\/cs_cz\/wp-json\/wp\/v2\/types\/post"}],"author":[{"embeddable":true,"href":"https:\/\/gnews.cz\/cs_cz\/wp-json\/wp\/v2\/users\/2"}],"replies":[{"embeddable":true,"href":"https:\/\/gnews.cz\/cs_cz\/wp-json\/wp\/v2\/comments?post=40799"}],"version-history":[{"count":2,"href":"https:\/\/gnews.cz\/cs_cz\/wp-json\/wp\/v2\/posts\/40799\/revisions"}],"predecessor-version":[{"id":40803,"href":"https:\/\/gnews.cz\/cs_cz\/wp-json\/wp\/v2\/posts\/40799\/revisions\/40803"}],"wp:featuredmedia":[{"embeddable":true,"href":"https:\/\/gnews.cz\/cs_cz\/wp-json\/wp\/v2\/media\/40800"}],"wp:attachment":[{"href":"https:\/\/gnews.cz\/cs_cz\/wp-json\/wp\/v2\/media?parent=40799"}],"wp:term":[{"taxonomy":"category","embeddable":true,"href":"https:\/\/gnews.cz\/cs_cz\/wp-json\/wp\/v2\/categories?post=40799"},{"taxonomy":"post_tag","embeddable":true,"href":"https:\/\/gnews.cz\/cs_cz\/wp-json\/wp\/v2\/tags?post=40799"}],"curies":[{"name":"wp","href":"https:\/\/api.w.org\/{rel}","templated":true}]}}