{"id":40827,"date":"2026-02-08T17:07:18","date_gmt":"2026-02-08T16:07:18","guid":{"rendered":"https:\/\/www.gnews.cz\/?p=40827"},"modified":"2026-02-08T17:07:20","modified_gmt":"2026-02-08T16:07:20","slug":"zuzana-maderova-vybojovala-prvni-ceske-zlato-na-zoh-milan-cortina-2026","status":"publish","type":"post","link":"https:\/\/gnews.cz\/cs_cz\/tema\/zuzana-maderova-vybojovala-prvni-ceske-zlato-na-zoh-milan-cortina-2026\/","title":{"rendered":"Zuzana Mad\u011brov\u00e1 vybojovala prvn\u00ed \u010desk\u00e9 zlato na ZOH Mil\u00e1n\u2013Cortina 2026"},"content":{"rendered":"\n<p><strong>LIVIGNO \u2013 \u010cesk\u00e1 v\u00fdprava slav\u00ed prvn\u00ed zlatou medaili na zimn\u00edch olympijsk\u00fdch hr\u00e1ch v Mil\u00e1n\u011b a Cortin\u011b d\u2019Ampezzo. Snowboardistka Zuzana Mad\u011brov\u00e1 triumfovala v paraleln\u00edm ob\u0159\u00edm slalomu a postarala se o historicky prvn\u00ed \u010desk\u00e9 olympijsk\u00e9 v\u00edt\u011bzstv\u00ed na t\u011bchto hr\u00e1ch. Fin\u00e1lovou j\u00edzdu na technicky n\u00e1ro\u010dn\u00e9 trati v Livignu zvl\u00e1dla s p\u0159ehledem, kdy\u017e porazila rakouskou reprezentantku Sabine Payerovou.<\/strong><\/p>\n\n\n\n<blockquote class=\"wp-block-quote is-layout-flow wp-block-quote-is-layout-flow\">\n<p><strong>Mad\u011brov\u00e1 vstoupila do z\u00e1vodu velmi sebev\u011bdom\u011b u\u017e v kvalifikaci, v n\u00ed\u017e pat\u0159ila k nejrychlej\u0161\u00edm jezdkyn\u00edm. V n\u00e1sledn\u00fdch vy\u0159azovac\u00edch j\u00edzd\u00e1ch postupn\u011b zdolala soupe\u0159ky z N\u011bmecka, \u0160v\u00fdcarska i It\u00e1lie a potvrdila roli jedn\u00e9 z favoritek sout\u011b\u017ee. Ve fin\u00e1le pak p\u0159edvedla p\u0159esnou a dynamickou j\u00edzdu, b\u011bhem n\u00ed\u017e si vypracovala rozhoduj\u00edc\u00ed n\u00e1skok u\u017e v horn\u00ed \u010d\u00e1sti trati.<br>\u201eByl to m\u016fj sen a po\u0159\u00e1d tomu nemohu uv\u011b\u0159it. Podm\u00ednky nebyly jednoduch\u00e9, ale c\u00edtila jsem se skv\u011ble a sna\u017eila se jet naplno,\u201c uvedla Mad\u011brov\u00e1 po z\u00e1vod\u011b. Zisk zlata ozna\u010dila za odm\u011bnu za dlouh\u00e9 roky tvrd\u00e9 p\u0159\u00edpravy a podporu realiza\u010dn\u00edho t\u00fdmu.<\/strong><\/p>\n<\/blockquote>\n\n\n\n<p>\u00dasp\u011bch \u010desk\u00e9 snowboardistky m\u00e1 v\u00fdrazn\u00fd symbolick\u00fd v\u00fdznam tak\u00e9 pro celou v\u00fdpravu. Po \u00favodn\u00edch dnech her, kter\u00e9 \u010cesku nep\u0159inesly medailovou radost, p\u0159i\u0161lo o\u010dek\u00e1van\u00e9 povzbuzen\u00ed. Paraleln\u00ed ob\u0159\u00ed slalom \u017een tak zapsal Zuzanu Mad\u011brovou mezi nejv\u00fdrazn\u011bj\u0161\u00ed postavy dosavadn\u00edho pr\u016fb\u011bhu zimn\u00ed olympi\u00e1dy a otev\u0159el \u010desk\u00e9mu t\u00fdmu cestu k dal\u0161\u00edm ambic\u00edm v n\u00e1sleduj\u00edc\u00edch sout\u011b\u017e\u00edch.<\/p>\n\n\n\n<p><strong>gnews.cz &#8211; GH<\/strong><\/p>\n","protected":false},"excerpt":{"rendered":"<p>LIVIGNO \u2013 \u010cesk\u00e1 v\u00fdprava slav\u00ed prvn\u00ed zlatou medaili na zimn\u00edch olympijsk\u00fdch hr\u00e1ch v Mil\u00e1n\u011b a Cortin\u011b d\u2019Ampezzo. Snowboardistka Zuzana Mad\u011brov\u00e1 triumfovala v&hellip;<\/p>\n","protected":false},"author":2,"featured_media":40828,"comment_status":"open","ping_status":"closed","sticky":false,"template":"","format":"standard","meta":{"_acf_changed":false,"_lmt_disableupdate":"","_lmt_disable":"","footnotes":""},"categories":[2968,6,658,1248,1,8,2973,5],"tags":[45,10282,10278,46,78,10277,10,692,10285,10280,10283,10279,10286,17,41,10284,3101],"class_list":["post-40827","post","type-post","status-publish","format-standard","has-post-thumbnail","hentry","category-domaci","category-kultura","category-prectete-si","category-sport","category-tema","category-zabava","category-zahranicni","category-zdravy-styl","tag-cr","tag-ceska-vyprava","tag-ceske-zlato-zoh","tag-eu","tag-evropa","tag-livigno","tag-news","tag-olympiada","tag-olympijske-hry-italie","tag-paralelni-obri-slalom","tag-sabine-payerova","tag-snowboard","tag-snowboardistka-cesko","tag-top","tag-world","tag-zimni-olympiada-milan-cortina-2026","tag-zuzana-maderova"],"acf":[],"aioseo_notices":[],"_links":{"self":[{"href":"https:\/\/gnews.cz\/cs_cz\/wp-json\/wp\/v2\/posts\/40827","targetHints":{"allow":["GET"]}}],"collection":[{"href":"https:\/\/gnews.cz\/cs_cz\/wp-json\/wp\/v2\/posts"}],"about":[{"href":"https:\/\/gnews.cz\/cs_cz\/wp-json\/wp\/v2\/types\/post"}],"author":[{"embeddable":true,"href":"https:\/\/gnews.cz\/cs_cz\/wp-json\/wp\/v2\/users\/2"}],"replies":[{"embeddable":true,"href":"https:\/\/gnews.cz\/cs_cz\/wp-json\/wp\/v2\/comments?post=40827"}],"version-history":[{"count":1,"href":"https:\/\/gnews.cz\/cs_cz\/wp-json\/wp\/v2\/posts\/40827\/revisions"}],"predecessor-version":[{"id":40829,"href":"https:\/\/gnews.cz\/cs_cz\/wp-json\/wp\/v2\/posts\/40827\/revisions\/40829"}],"wp:featuredmedia":[{"embeddable":true,"href":"https:\/\/gnews.cz\/cs_cz\/wp-json\/wp\/v2\/media\/40828"}],"wp:attachment":[{"href":"https:\/\/gnews.cz\/cs_cz\/wp-json\/wp\/v2\/media?parent=40827"}],"wp:term":[{"taxonomy":"category","embeddable":true,"href":"https:\/\/gnews.cz\/cs_cz\/wp-json\/wp\/v2\/categories?post=40827"},{"taxonomy":"post_tag","embeddable":true,"href":"https:\/\/gnews.cz\/cs_cz\/wp-json\/wp\/v2\/tags?post=40827"}],"curies":[{"name":"wp","href":"https:\/\/api.w.org\/{rel}","templated":true}]}}