{"id":40853,"date":"2026-02-10T04:00:00","date_gmt":"2026-02-10T03:00:00","guid":{"rendered":"https:\/\/www.gnews.cz\/?p=40853"},"modified":"2026-02-09T15:06:05","modified_gmt":"2026-02-09T14:06:05","slug":"cinske-ministerstvo-zahranici-vyzyva-japonsko-k-ochrane-politickeho-zakladu-vzajemnych-vztahu","status":"publish","type":"post","link":"https:\/\/gnews.cz\/cs_cz\/politika\/cinske-ministerstvo-zahranici-vyzyva-japonsko-k-ochrane-politickeho-zakladu-vzajemnych-vztahu\/","title":{"rendered":"\u010c\u00ednsk\u00e9 ministerstvo zahrani\u010d\u00ed vyz\u00fdv\u00e1 Japonsko k ochran\u011b politick\u00e9ho z\u00e1kladu vz\u00e1jemn\u00fdch vztah\u016f"},"content":{"rendered":"\n<p><strong>Mluv\u010d\u00ed \u010d\u00ednsk\u00e9ho ministerstva zahrani\u010d\u00ed Lin Jian na pravideln\u00e9 tiskov\u00e9 konferenci reagoval mimo jin\u00e9 na dotaz t\u00fdkaj\u00edc\u00ed se voleb do japonsk\u00e9ho parlamentu.<\/strong><\/p>\n\n\n\n<p>Lin Jian uvedl, \u017ee volby jsou vnit\u0159n\u00ed z\u00e1le\u017eitost\u00ed Japonska. Podle n\u011bj v\u0161ak jejich pr\u016fb\u011bh a v\u00fdsledky odr\u00e1\u017eej\u00ed hlub\u0161\u00ed struktur\u00e1ln\u00ed probl\u00e9my i my\u0161lenkov\u00e9 a politick\u00e9 trendy, kter\u00e9 si podle jeho slov zaslou\u017e\u00ed pozornost nejen japonsk\u00e9 spole\u010dnosti, ale tak\u00e9 mezin\u00e1rodn\u00edho spole\u010denstv\u00ed. Zd\u016fraznil, \u017ee historick\u00e9 zku\u0161enosti p\u0159edstavuj\u00ed d\u016fle\u017eit\u00e9 ponau\u010den\u00ed a nelze je p\u0159ehl\u00ed\u017eet.<\/p>\n\n\n\n<p>Mluv\u010d\u00ed z\u00e1rove\u0148 uvedl, \u017ee \u010d\u00ednsk\u00e1 politika v\u016f\u010di Japonsku si dlouhodob\u011b zachov\u00e1v\u00e1 stabilitu a kontinuitu a nebude se m\u011bnit v d\u016fsledku jednotliv\u00fdch volebn\u00edch v\u00fdsledk\u016f. Peking proto znovu vyzval japonskou stranu, aby st\u00e1hla podle n\u011bj nespr\u00e1vn\u00e1 vyj\u00e1d\u0159en\u00ed t\u00fdkaj\u00edc\u00ed se \u010d\u00ednsk\u00e9ho Taiwan a aby konkr\u00e9tn\u00edmi kroky prok\u00e1zala up\u0159\u00edmnou snahu o ochranu politick\u00fdch z\u00e1klad\u016f \u010d\u00ednsko-japonsk\u00fdch vztah\u016f.<\/p>\n\n\n\n<p><strong><a href=\"https:\/\/czech.cri.cn\/2026\/02\/09\/ARTI1770637381741515\" title=\"\">CMG<\/a><\/strong><\/p>\n","protected":false},"excerpt":{"rendered":"<p>Mluv\u010d\u00ed \u010d\u00ednsk\u00e9ho ministerstva zahrani\u010d\u00ed Lin Jian na pravideln\u00e9 tiskov\u00e9 konferenci reagoval mimo jin\u00e9 na dotaz t\u00fdkaj\u00edc\u00ed se voleb do japonsk\u00e9ho parlamentu. Lin&hellip;<\/p>\n","protected":false},"author":6,"featured_media":40854,"comment_status":"open","ping_status":"closed","sticky":false,"template":"","format":"standard","meta":{"_acf_changed":false,"_lmt_disableupdate":"","_lmt_disable":"","footnotes":""},"categories":[7,2973],"tags":[22,18,1523,24,4378,293],"class_list":["post-40853","post","type-post","status-publish","format-standard","has-post-thumbnail","hentry","category-politika","category-zahranicni","tag-cina","tag-cmg","tag-diplomacie","tag-japonsko","tag-lin-jian","tag-taiwan"],"acf":[],"aioseo_notices":[],"_links":{"self":[{"href":"https:\/\/gnews.cz\/cs_cz\/wp-json\/wp\/v2\/posts\/40853","targetHints":{"allow":["GET"]}}],"collection":[{"href":"https:\/\/gnews.cz\/cs_cz\/wp-json\/wp\/v2\/posts"}],"about":[{"href":"https:\/\/gnews.cz\/cs_cz\/wp-json\/wp\/v2\/types\/post"}],"author":[{"embeddable":true,"href":"https:\/\/gnews.cz\/cs_cz\/wp-json\/wp\/v2\/users\/6"}],"replies":[{"embeddable":true,"href":"https:\/\/gnews.cz\/cs_cz\/wp-json\/wp\/v2\/comments?post=40853"}],"version-history":[{"count":1,"href":"https:\/\/gnews.cz\/cs_cz\/wp-json\/wp\/v2\/posts\/40853\/revisions"}],"predecessor-version":[{"id":40855,"href":"https:\/\/gnews.cz\/cs_cz\/wp-json\/wp\/v2\/posts\/40853\/revisions\/40855"}],"wp:featuredmedia":[{"embeddable":true,"href":"https:\/\/gnews.cz\/cs_cz\/wp-json\/wp\/v2\/media\/40854"}],"wp:attachment":[{"href":"https:\/\/gnews.cz\/cs_cz\/wp-json\/wp\/v2\/media?parent=40853"}],"wp:term":[{"taxonomy":"category","embeddable":true,"href":"https:\/\/gnews.cz\/cs_cz\/wp-json\/wp\/v2\/categories?post=40853"},{"taxonomy":"post_tag","embeddable":true,"href":"https:\/\/gnews.cz\/cs_cz\/wp-json\/wp\/v2\/tags?post=40853"}],"curies":[{"name":"wp","href":"https:\/\/api.w.org\/{rel}","templated":true}]}}