{"id":40884,"date":"2026-02-08T11:43:43","date_gmt":"2026-02-08T10:43:43","guid":{"rendered":"https:\/\/www.gnews.cz\/?p=40884"},"modified":"2026-02-10T11:58:18","modified_gmt":"2026-02-10T10:58:18","slug":"rozhovor-s-generalnim-tajemnikem-ligy-arabskych-statu-ahmedem-aboulem-gheitem","status":"publish","type":"post","link":"https:\/\/gnews.cz\/cs_cz\/politika\/rozhovor-s-generalnim-tajemnikem-ligy-arabskych-statu-ahmedem-aboulem-gheitem\/","title":{"rendered":"Rozhovor s gener\u00e1ln\u00edm tajemn\u00edkem Ligy arabsk\u00fdch st\u00e1t\u016f Ahmedem Aboulem Gheitem"},"content":{"rendered":"\n<p><strong>P\u0159i p\u0159\u00edle\u017eitosti 70. v\u00fdro\u010d\u00ed nav\u00e1z\u00e1n\u00ed diplomatick\u00fdch vztah\u016f mezi \u010c\u00ednou a arabsk\u00fdmi zem\u011bmi gener\u00e1ln\u00ed tajemn\u00edk Ligy arabsk\u00fdch st\u00e1t\u016f Ahmed Aboul Gheit p\u0159ijal rozhovor v\u00a0televizn\u00edm po\u0159adu Rozhovor na vysok\u00e9 \u00farovni.<\/strong><\/p>\n\n\n\n<p><strong>Wang Guan (Wang Kuan), moder\u00e1tor CMG (China Media Group):<\/strong><\/p>\n\n\n\n<p>V\u00e1\u017een\u00fd gener\u00e1ln\u00ed tajemn\u00edku Gheitu, v\u00edtejte op\u011bt v Pekingu! Je mi ct\u00ed s V\u00e1mi op\u011bt v\u00e9st rozhovor.<\/p>\n\n\n\n<p><strong>Ahmed Aboul Gheit, gener\u00e1ln\u00ed tajemn\u00edk Ligy arabsk\u00fdch st\u00e1t\u016f:<\/strong><\/p>\n\n\n\n<p>D\u011bkuji za Va\u0161e srde\u010dn\u00e9 p\u0159ijet\u00ed. Jde o moji \u0161estou n\u00e1v\u0161t\u011bvu \u010c\u00edny, p\u0159edt\u00edm jsem nav\u0161t\u00edvil \u010c\u00ednu p\u011btkr\u00e1t.<\/p>\n\n\n\n<figure class=\"wp-block-image\"><img decoding=\"async\" src=\"https:\/\/38picres.cgtn.com\/photoAlbum\/page\/performance\/img\/2026\/2\/7\/1770456944558_492.jpeg\" alt=\"\"\/><\/figure>\n\n\n\n<p><strong>Wang Guan:<\/strong><\/p>\n\n\n\n<p>Co je na \u010c\u00edn\u011b podle V\u00e1s nejp\u016fsobiv\u011bj\u0161\u00ed?<\/p>\n\n\n\n<p><strong>Ahmed Aboul Gheit:<\/strong><\/p>\n\n\n\n<p>Poprv\u00e9 jsem byl v \u010c\u00edn\u011b v roce 1990 a od t\u00e9 doby uplynulo 35 let. Zm\u011bny v \u010c\u00edn\u011b jsou bezprecedentn\u00ed a neuv\u011b\u0159iteln\u00e9. To je d\u00edky \u010d\u00ednsk\u00fdm hlavn\u00edm p\u0159edstavitel\u016fm a cel\u00e9mu \u010d\u00ednsk\u00e9mu lidu. Ud\u011blala na m\u011b hlubok\u00fd dojem discipl\u00edna, zam\u011b\u0159en\u00ed se na pr\u00e1ci a neust\u00e1le se zvy\u0161uj\u00edc\u00ed kvalita \u017eivota \u010d\u00ednsk\u00e9ho lidu. \u010c\u00ednsk\u00fd lid je nyn\u00ed v pop\u0159ed\u00ed doby. Kdy\u017e se pod\u00edv\u00e1me na historii, \u010c\u00edna byla chud\u00e1 a slab\u00e1. Bohatstv\u00ed \u010d\u00ednsk\u00e9ho n\u00e1roda je dnes vid\u011bt v\u0161ude. Toto bohatstv\u00ed vych\u00e1z\u00ed z oddanosti, \u00fasil\u00ed, v\u011bdeck\u00e9ho pl\u00e1nov\u00e1n\u00ed a pevn\u00e9ho sledov\u00e1n\u00ed c\u00edl\u016f.<\/p>\n\n\n\n<p><strong><a href=\"https:\/\/czech.cri.cn\/2026\/02\/07\/ARTI1770456980156270\" title=\"\">CMG<\/a><\/strong><\/p>\n","protected":false},"excerpt":{"rendered":"<p>P\u0159i p\u0159\u00edle\u017eitosti 70. v\u00fdro\u010d\u00ed nav\u00e1z\u00e1n\u00ed diplomatick\u00fdch vztah\u016f mezi \u010c\u00ednou a arabsk\u00fdmi zem\u011bmi gener\u00e1ln\u00ed tajemn\u00edk Ligy arabsk\u00fdch st\u00e1t\u016f Ahmed Aboul Gheit p\u0159ijal rozhovor&hellip;<\/p>\n","protected":false},"author":6,"featured_media":40885,"comment_status":"open","ping_status":"closed","sticky":false,"template":"","format":"standard","meta":{"_acf_changed":false,"_lmt_disableupdate":"","_lmt_disable":"","footnotes":""},"categories":[7,2973],"tags":[10361,22,18,1523,1928],"class_list":["post-40884","post","type-post","status-publish","format-standard","has-post-thumbnail","hentry","category-politika","category-zahranicni","tag-ahmed-aboul-gheit","tag-cina","tag-cmg","tag-diplomacie","tag-rozvoj"],"acf":[],"aioseo_notices":[],"_links":{"self":[{"href":"https:\/\/gnews.cz\/cs_cz\/wp-json\/wp\/v2\/posts\/40884","targetHints":{"allow":["GET"]}}],"collection":[{"href":"https:\/\/gnews.cz\/cs_cz\/wp-json\/wp\/v2\/posts"}],"about":[{"href":"https:\/\/gnews.cz\/cs_cz\/wp-json\/wp\/v2\/types\/post"}],"author":[{"embeddable":true,"href":"https:\/\/gnews.cz\/cs_cz\/wp-json\/wp\/v2\/users\/6"}],"replies":[{"embeddable":true,"href":"https:\/\/gnews.cz\/cs_cz\/wp-json\/wp\/v2\/comments?post=40884"}],"version-history":[{"count":1,"href":"https:\/\/gnews.cz\/cs_cz\/wp-json\/wp\/v2\/posts\/40884\/revisions"}],"predecessor-version":[{"id":40886,"href":"https:\/\/gnews.cz\/cs_cz\/wp-json\/wp\/v2\/posts\/40884\/revisions\/40886"}],"wp:featuredmedia":[{"embeddable":true,"href":"https:\/\/gnews.cz\/cs_cz\/wp-json\/wp\/v2\/media\/40885"}],"wp:attachment":[{"href":"https:\/\/gnews.cz\/cs_cz\/wp-json\/wp\/v2\/media?parent=40884"}],"wp:term":[{"taxonomy":"category","embeddable":true,"href":"https:\/\/gnews.cz\/cs_cz\/wp-json\/wp\/v2\/categories?post=40884"},{"taxonomy":"post_tag","embeddable":true,"href":"https:\/\/gnews.cz\/cs_cz\/wp-json\/wp\/v2\/tags?post=40884"}],"curies":[{"name":"wp","href":"https:\/\/api.w.org\/{rel}","templated":true}]}}