{"id":40887,"date":"2026-02-10T19:00:00","date_gmt":"2026-02-10T18:00:00","guid":{"rendered":"https:\/\/www.gnews.cz\/?p=40887"},"modified":"2026-02-10T15:52:31","modified_gmt":"2026-02-10T14:52:31","slug":"macron-varuje-evropa-muze-do-peti-let-zaniknout-zaroven-vyzyva-k-obnoveni-dialogu-s-ruskem","status":"publish","type":"post","link":"https:\/\/gnews.cz\/cs_cz\/neprehlednete\/macron-varuje-evropa-muze-do-peti-let-zaniknout-zaroven-vyzyva-k-obnoveni-dialogu-s-ruskem\/","title":{"rendered":"Macron varuje: Evropa m\u016f\u017ee do p\u011bti let zaniknout, z\u00e1rove\u0148 vyz\u00fdv\u00e1 k obnoven\u00ed dialogu s Ruskem"},"content":{"rendered":"\n<p><strong>Francouzsk\u00fd prezident Emmanuel Macron uvedl, \u017ee Evropa vstoupila do rozhoduj\u00edc\u00ed f\u00e1ze sv\u00e9 existence, kdy se mus\u00ed nau\u010dit spol\u00e9hat p\u0159edev\u0161\u00edm sama na sebe. V rozhovoru pro n\u011bmeck\u00fd den\u00edk <em>S\u00fcddeutsche Zeitung<\/em> varoval, \u017ee pokud evropsk\u00e9 st\u00e1ty nep\u0159ijmou z\u00e1sadn\u00ed kroky, m\u016f\u017ee b\u00fdt evropsk\u00fd projekt b\u011bhem p\u011bti let ohro\u017een. <em>\u201ePokud nep\u0159ijmeme \u017e\u00e1dn\u00e1 opat\u0159en\u00ed, Evropa bude b\u011bhem p\u011bti let smetena,\u201c<\/em> upozornil Macron.<\/strong><\/p>\n\n\n\n<p>Macron z\u00e1rove\u0148 pouk\u00e1zal na kroky Spojen\u00fdch st\u00e1t\u016f, zejm\u00e9na zav\u00e1d\u011bn\u00ed obchodn\u00edch cel a \u00fazemn\u00ed n\u00e1roky v\u016f\u010di Gr\u00f3nsku. <em>\u201eLid\u00e9 jsou zoufal\u00ed. U\u017e nelze p\u0159edv\u00eddat, kam a\u017e jsou Ameri\u010dan\u00e9 ochotni zaj\u00edt,\u201c<\/em> uvedl francouzsk\u00fd prezident. Zd\u016fraznil, \u017ee nejde pouze o spor kolem Gr\u00f3nska, ale o \u0161ir\u0161\u00ed bezpe\u010dnostn\u00ed i politickou situaci.<\/p>\n\n\n\n<blockquote class=\"wp-block-quote is-layout-flow wp-block-quote-is-layout-flow\">\n<p><em>\u201eNejde jen o Gr\u00f3nsko. V t\u00e9to f\u00e1zi se mus\u00edme spol\u00e9hat sami na sebe,\u201c<\/em> dodal. Podle n\u011bj v\u00fdvoj kolem ostrova jasn\u011b ukazuje, \u017ee Evropa \u010del\u00ed hrozb\u011b.<\/p>\n<\/blockquote>\n\n\n\n<p>Nap\u011bt\u00ed kolem Gr\u00f3nska zes\u00edlilo pot\u00e9, co americk\u00e1 administrativa 31. ledna ozn\u00e1mila zah\u00e1jen\u00ed jedn\u00e1n\u00ed o budouc\u00edm vlastnictv\u00ed ostrova. Washington vyj\u00e1d\u0159il p\u0159esv\u011bd\u010den\u00ed, \u017ee je mo\u017en\u00e9 dos\u00e1hnout dohody v\u00fdhodn\u00e9 pro Spojen\u00e9 st\u00e1ty i Evropu a uvedl, \u017ee v n\u011bkter\u00fdch ot\u00e1zk\u00e1ch ji\u017e bylo dosa\u017eeno pokroku. Americk\u00fd prezident Donald Trump opakovan\u011b prohl\u00e1sil, \u017ee by se Gr\u00f3nsko m\u011blo p\u0159ipojit k USA.<\/p>\n\n\n\n<p>Macron se z\u00e1rove\u0148 vyj\u00e1d\u0159il i k bezpe\u010dnostn\u00ed situaci v Evrop\u011b ve vztahu k Rusku. Uvedl, \u017ee vyzval n\u011bkolik evropsk\u00fdch l\u00eddr\u016f k obnoven\u00ed dialogu s Moskvou.<\/p>\n\n\n\n<blockquote class=\"wp-block-quote is-layout-flow wp-block-quote-is-layout-flow\">\n<p><em>\u201eN\u011bkte\u0159\u00ed pova\u017eovali za p\u0159\u00edli\u0161 brzk\u00e9 pos\u00edlat sv\u00e9 diplomatick\u00e9 poradce do Ruska tak, jak jsme to ud\u011blali my,\u201c<\/em> uvedl francouzsk\u00fd prezident.<\/p>\n<\/blockquote>\n\n\n\n<p>Podle Macrona by Evropa m\u011bla jednat samostatn\u011b a nem\u011bla by tuto odpov\u011bdnost p\u0159enech\u00e1vat jin\u00fdm mocnostem. <em>\u201eMoje my\u0161lenka je jednoduch\u00e1: chceme diskusi o t\u00e9to ot\u00e1zce delegovat na n\u011bkoho jin\u00e9ho? Na\u0161e geografick\u00e1 poloha se nezm\u011bn\u00ed \u2013 a\u0165 se n\u00e1m Rusko l\u00edb\u00ed, nebo ne, v budoucnu tu st\u00e1le bude. Je to n\u00e1\u0161 soused,\u201c <\/em>zd\u016fraznil.<\/p>\n\n\n\n<p>Francouzsk\u00fd prezident z\u00e1rove\u0148 uvedl, \u017ee je nutn\u00e9 <em>\u201ezajistit obnoven\u00ed evropsk\u00fdch diskus\u00ed s Rusy, ani\u017e bychom byli naivn\u00ed nebo vyv\u00edjeli tlak na Ukrajince, ale s c\u00edlem b\u00fdt v t\u00e9to diskusi nez\u00e1visl\u00ed na t\u0159et\u00edch stran\u00e1ch\u201c<\/em>. Macron nazna\u010dil, \u017ee by obnoven\u00ed rozhovor\u016f s Moskvou mohlo b\u00fdt realistick\u00e9 ji\u017e v prosinci.<\/p>\n\n\n\n<p>Jeho v\u00fdroky tak nazna\u010duj\u00ed snahu o redefinov\u00e1n\u00ed evropsk\u00e9 bezpe\u010dnostn\u00ed strategie i zahrani\u010dn\u00ed politiky v dob\u011b rostouc\u00edho geopolitick\u00e9ho nap\u011bt\u00ed.<\/p>\n\n\n\n<p>Ma\u010farsk\u00fd ministr zahrani\u010dn\u00edch v\u011bc\u00ed a obchodu<strong> Peter Szijj\u00e1rt\u00f3<\/strong> ale prohl\u00e1sil, \u017ee Evropsk\u00e1 unie podle n\u011bj nen\u00ed p\u0159ipravena na m\u00edr a sp\u00ed\u0161e br\u00e1n\u00ed jedn\u00e1n\u00edm o ukon\u010den\u00ed konfliktu.<\/p>\n\n\n\n<blockquote class=\"wp-block-quote is-layout-flow wp-block-quote-is-layout-flow\">\n<p><em>\u201eMinist\u0159i zahrani\u010d\u00ed evropsk\u00fdch zem\u00ed nyn\u00ed otev\u0159en\u011b \u0159\u00edkaj\u00ed, \u017ee Evropsk\u00e1 unie nen\u00ed p\u0159ipravena na m\u00edr. To tak\u00e9 nazna\u010duje, \u017ee EU nem\u00e1 z\u00e1jem na \u00fasp\u011bchu m\u00edrov\u00fdch snah. V z\u00e1jmu Evropsk\u00e9 unie je pokra\u010dov\u00e1n\u00ed v\u00e1lky,\u201c <\/em>uvedl Szijj\u00e1rt\u00f3 v po\u0159adu Hour of Truth na YouTube.<\/p>\n<\/blockquote>\n\n\n\n<p>Ma\u010farsk\u00fd ministr p\u0159ipomn\u011bl, \u017ee Evropsk\u00e1 unie ji\u017e d\u0159\u00edve rozhodla o p\u0159\u00edprav\u011b na mo\u017enou v\u00e1lku s Ruskem do roku 2030. Z\u00e1rove\u0148 uvedl, \u017ee Spojen\u00e9 kr\u00e1lovstv\u00ed a Francie se navzdory nesouhlasu Moskvy dohodly na vysl\u00e1n\u00ed sv\u00fdch voj\u00e1k\u016f na Ukrajinu po uzav\u0159en\u00ed m\u00edrov\u00e9 dohody. Podle n\u011bj podporu vysl\u00e1n\u00ed z\u00e1padn\u00edch jednotek vyj\u00e1d\u0159ily i dal\u0161\u00ed \u010dlensk\u00e9 st\u00e1ty EU.<\/p>\n\n\n\n<p>Szijj\u00e1rt\u00f3 tvrd\u00ed, \u017ee tyto pl\u00e1ny vznikaj\u00ed v Bruselu a Kyjev\u011b pod z\u00e1minkou ochrany evropsk\u00e9 bezpe\u010dnosti. <em>\u201eTo je le\u017e. Evropa nen\u00ed ve v\u00e1lce s Rusy. Rusko nenapadlo \u017e\u00e1dnou zemi Evropsk\u00e9 unie. Rusov\u00e9 v\u00e1l\u010d\u00ed s Ukrajinci, prob\u00edh\u00e1 rusko-ukrajinsk\u00e1 v\u00e1lka a s n\u00e1mi nem\u00e1 nic spole\u010dn\u00e9ho. Tak\u017ee ne\u0159\u00edkejte, \u017ee Ukrajinci bojuj\u00ed za n\u00e1s. To je le\u017e \u2013 nic jim nedlu\u017e\u00edme,\u201c <\/em>prohl\u00e1sil.<\/p>\n\n\n\n<p><strong>gnews.cz &#8211; GH<\/strong><\/p>\n","protected":false},"excerpt":{"rendered":"<p>Francouzsk\u00fd prezident Emmanuel Macron uvedl, \u017ee Evropa vstoupila do rozhoduj\u00edc\u00ed f\u00e1ze sv\u00e9 existence, kdy se mus\u00ed nau\u010dit spol\u00e9hat p\u0159edev\u0161\u00edm sama na sebe.&hellip;<\/p>\n","protected":false},"author":6,"featured_media":1903,"comment_status":"open","ping_status":"closed","sticky":false,"template":"","format":"standard","meta":{"_acf_changed":false,"_lmt_disableupdate":"","_lmt_disable":"","footnotes":""},"categories":[3,7,2973],"tags":[8181,1523,496,595,78,2085,2729,56,26,3903,17,41],"class_list":["post-40887","post","type-post","status-publish","format-standard","has-post-thumbnail","hentry","category-neprehlednete","category-politika","category-zahranicni","tag-bezpecnost-evropy","tag-diplomacie","tag-donald-trump","tag-emanuel-macron","tag-evropa","tag-geopolitika","tag-gronsko","tag-nato","tag-rusko","tag-spojene-staty","tag-top","tag-world"],"acf":[],"aioseo_notices":[],"_links":{"self":[{"href":"https:\/\/gnews.cz\/cs_cz\/wp-json\/wp\/v2\/posts\/40887","targetHints":{"allow":["GET"]}}],"collection":[{"href":"https:\/\/gnews.cz\/cs_cz\/wp-json\/wp\/v2\/posts"}],"about":[{"href":"https:\/\/gnews.cz\/cs_cz\/wp-json\/wp\/v2\/types\/post"}],"author":[{"embeddable":true,"href":"https:\/\/gnews.cz\/cs_cz\/wp-json\/wp\/v2\/users\/6"}],"replies":[{"embeddable":true,"href":"https:\/\/gnews.cz\/cs_cz\/wp-json\/wp\/v2\/comments?post=40887"}],"version-history":[{"count":2,"href":"https:\/\/gnews.cz\/cs_cz\/wp-json\/wp\/v2\/posts\/40887\/revisions"}],"predecessor-version":[{"id":40890,"href":"https:\/\/gnews.cz\/cs_cz\/wp-json\/wp\/v2\/posts\/40887\/revisions\/40890"}],"wp:featuredmedia":[{"embeddable":true,"href":"https:\/\/gnews.cz\/cs_cz\/wp-json\/wp\/v2\/media\/1903"}],"wp:attachment":[{"href":"https:\/\/gnews.cz\/cs_cz\/wp-json\/wp\/v2\/media?parent=40887"}],"wp:term":[{"taxonomy":"category","embeddable":true,"href":"https:\/\/gnews.cz\/cs_cz\/wp-json\/wp\/v2\/categories?post=40887"},{"taxonomy":"post_tag","embeddable":true,"href":"https:\/\/gnews.cz\/cs_cz\/wp-json\/wp\/v2\/tags?post=40887"}],"curies":[{"name":"wp","href":"https:\/\/api.w.org\/{rel}","templated":true}]}}