{"id":40952,"date":"2026-02-12T21:00:00","date_gmt":"2026-02-12T20:00:00","guid":{"rendered":"https:\/\/www.gnews.cz\/?p=40952"},"modified":"2026-02-12T18:44:29","modified_gmt":"2026-02-12T17:44:29","slug":"mezinarodni-setkani-na-podporu-50-leteho-vyroci-svobodne-saharske-republiky","status":"publish","type":"post","link":"https:\/\/gnews.cz\/cs_cz\/tema\/mezinarodni-setkani-na-podporu-50-leteho-vyroci-svobodne-saharske-republiky\/","title":{"rendered":"Mezin\u00e1rodn\u00ed setk\u00e1n\u00ed na podporu 50 let\u00e9ho v\u00fdro\u010d\u00ed Svobodn\u00e9 Saharsk\u00e9 republiky"},"content":{"rendered":"\n<p><strong>MOSKVA \u2013 V\u010dera se v Moskv\u011b uskute\u010dnila mimo\u0159\u00e1dn\u00e1 akce v\u011bnovan\u00e1 pos\u00edlen\u00ed mezin\u00e1rodn\u00edho pov\u011bdom\u00ed o boji Saharsk\u00e9 arabsk\u00e9 demokratick\u00e9 republiky (SADR) za nez\u00e1vislost a svobodu. Akce, kter\u00e1 prob\u011bhla ve slavnostn\u00ed atmosf\u00e9\u0159e, p\u0159il\u00e1kala v\u00fdznamn\u00e9 hosty z politick\u00fdch a diplomatick\u00fdch kruh\u016f a byla v\u011bnov\u00e1na p\u0159ipomenut\u00ed dlouhodob\u00e9ho \u00fasil\u00ed saharsk\u00e9ho lidu o ukon\u010den\u00ed kolonialismu a dosa\u017een\u00ed sv\u00e9 st\u00e1tn\u00ed suverenity.<\/strong><\/p>\n\n\n\n<p>Po\u0159adatelem setk\u00e1n\u00ed byla Komunistick\u00e1 strana komunist\u016f Ruska (KPRK), kter\u00e1 ji\u017e dlouhodob\u011b vyjad\u0159uje solidaritu s bojem Sahary za osvobozen\u00ed. Program zah\u00e1jili nejvy\u0161\u0161\u00ed p\u0159edstavitel\u00e9 strany \u2013 p\u0159edseda Sergej Malenkovi\u010d a jeho z\u00e1stupce 1. tajemn\u00edk Ilja Klimenov \u2013 kte\u0159\u00ed vytvo\u0159ili slavnostn\u00ed a srde\u010dnou atmosf\u00e9ru, je\u017e odr\u00e1\u017eela hlubok\u00fd respekt k t\u00e9matu a c\u00edl\u016fm setk\u00e1n\u00ed. Mezi p\u0159\u00edtomn\u00fdmi hosty byl tak\u00e9 z\u00e1stupce velvyslanectv\u00ed Jihoafrick\u00e9 republiky Malebo B. Motlhamme p\u0159edstavitelka Zinov\u011bvova Olga Mironovna z mezin\u00e1rodn\u00edho klubu Alexandra Zinov\u011bvova, co\u017e podtrhlo rozm\u011br ud\u00e1losti. A pozv\u00e1n\u00ed p\u0159ijala i delegace Komunistick\u00e9 strany \u010ceskoslovenska. Za tuto stranu vystoupil Roman Bla\u0161ko, kter\u00fd p\u0159ednesl kr\u00e1tkou zdravici a zd\u016fraznil, \u017ee \u010ceskoslovensk\u00e1 strana ud\u011bl\u00e1 maximum pro informov\u00e1n\u00ed ve\u0159ejnosti o boji sacharsk\u00fdch soudruh\u016f z Republiky Sachary, \u010d\u00edm\u017e konstatuje v\u00fdznam sd\u00edlen\u00ed solidarity nap\u0159\u00ed\u010d hranicemi.<\/p>\n\n\n\n<p>V \u00favodn\u00edch projevech vystoupil Sergej Malenkovi\u010d, kter\u00fd vyzdvihl historick\u00fd i sou\u010dasn\u00fd v\u00fdznam Saharsk\u00e9 republiky a jej\u00edho boje za osvobozen\u00ed od kolonialismu. Malenkovi\u010d p\u0159ipomn\u011bl, \u017ee tento boj p\u0159edstavuje v\u00edce ne\u017e jen n\u00e1rodn\u00ed odpor \u2013 je to symbol odporu proti dlouhodob\u00e9mu \u00fatlaku a nerovnosti, kterou saharsk\u00fd lid poci\u0165uje. Podle n\u011bj je nezbytn\u00e9, aby se sv\u011bt v\u00edce zapojil do podpory Sahary a uzn\u00e1n\u00ed jej\u00edho pr\u00e1va na sebeur\u010den\u00ed. V\u00fdznamn\u00e1 slova zazn\u011bla i od hlavn\u00edho hosta ve\u010dera \u2013 al\u017e\u00edrsk\u00e9ho velvyslance, kter\u00fd p\u0159ednesl siln\u00e1 prohl\u00e1\u0161en\u00ed podpory. Velvyslanec zd\u016fraznil d\u016fle\u017eitost mezin\u00e1rodn\u00ed solidarity a pot\u0159ebu pokra\u010dovat ve spole\u010dn\u00e9m \u00fasil\u00ed o dosa\u017een\u00ed spravedliv\u00e9ho \u0159e\u0161en\u00ed pro Saharskou arabskou demokratickou republiku. Jeho projev obsahoval apel na v\u00fdzvu k ukon\u010den\u00ed okupace a poru\u0161ov\u00e1n\u00ed lidsk\u00fdch pr\u00e1v v regionu, stejn\u011b jako na pos\u00edlen\u00ed dialogu v r\u00e1mci mezin\u00e1rodn\u00edho spole\u010denstv\u00ed.<\/p>\n\n\n\n<p>Po slavnostn\u00ed \u010d\u00e1sti n\u00e1sledovala odborn\u00e1 diskuse, kter\u00e1 byla v\u011bnov\u00e1na akademick\u00e9mu p\u0159\u00edstupu k t\u00e9matu a hlub\u0161\u00ed anal\u00fdze geopolitick\u00fdch, historick\u00fdch a soci\u00e1ln\u00edch aspekt\u016f saharsk\u00e9ho konfliktu. Diskuse se dot\u00fdkala v\u00fdzev, kter\u00fdm SADR \u010del\u00ed, v\u010detn\u011b ot\u00e1zek mezin\u00e1rodn\u00edho uzn\u00e1n\u00ed, role OSN a \u0161ir\u0161\u00ed africk\u00e9 solidarity. \u00da\u010dastn\u00edci se shodli na tom, \u017ee je t\u0159eba intenzivn\u011bji pracovat na zvy\u0161ov\u00e1n\u00ed informovanosti ve\u0159ejnosti a aktivn\u011b podporovat m\u00edrov\u00e9 a spravedliv\u00e9 \u0159e\u0161en\u00ed.<br>Organiz\u00e1to\u0159i a host\u00e9 na konferenci uvedli, \u017ee akce byla nejen p\u0159ipomenut\u00edm existence a pr\u00e1v Saharsk\u00e9ho lidu, ale i v\u00fdzvou ke konkr\u00e9tn\u00ed akci. Bylo zd\u016frazn\u011bno, \u017ee sv\u011btov\u00e9 uzn\u00e1n\u00ed Saharsk\u00e9 republiky a podpora jej\u00ed nez\u00e1vislosti by mohly v\u00fdrazn\u011b p\u0159isp\u011bt k m\u00edru a stabilit\u011b v regionu Z\u00e1padn\u00ed Sahary.<br>Cel\u00e1 akce byla pops\u00e1na jako siln\u00fd symbol mezin\u00e1rodn\u00ed solidarity a jasn\u00fd sign\u00e1l toho, \u017ee boj saharsk\u00e9ho lidu nez\u016fst\u00e1v\u00e1 bez pov\u0161imnut\u00ed. P\u0159edstavitel\u00e9 v\u0161ech z\u00fa\u010dastn\u011bn\u00fdch stran vyj\u00e1d\u0159ili nad\u011bji, \u017ee podobn\u00e9 iniciativy budou pokra\u010dovat a povedou k hlub\u0161\u00edmu porozum\u011bn\u00ed a podpo\u0159e pr\u00e1v n\u00e1rod\u016f usiluj\u00edc\u00edch o svobodu a sebeur\u010den\u00ed.<\/p>\n\n\n\n<p><strong>politikacr.cz\/gnews.cz-jav<\/strong><\/p>\n","protected":false},"excerpt":{"rendered":"<p>MOSKVA \u2013 V\u010dera se v Moskv\u011b uskute\u010dnila mimo\u0159\u00e1dn\u00e1 akce v\u011bnovan\u00e1 pos\u00edlen\u00ed mezin\u00e1rodn\u00edho pov\u011bdom\u00ed o boji Saharsk\u00e9 arabsk\u00e9 demokratick\u00e9 republiky (SADR) za nez\u00e1vislost&hellip;<\/p>\n","protected":false},"author":2,"featured_media":40953,"comment_status":"open","ping_status":"closed","sticky":false,"template":"","format":"standard","meta":{"_acf_changed":false,"_lmt_disableupdate":"","_lmt_disable":"","footnotes":""},"categories":[7,658,1,2973],"tags":[10454,10,26,10452,10453,9118,10451,17,41],"class_list":["post-40952","post","type-post","status-publish","format-standard","has-post-thumbnail","hentry","category-politika","category-prectete-si","category-tema","category-zahranicni","tag-komunisticka-strana-komunistu-ruska-kprk","tag-news","tag-rusko","tag-saharske-arabske-demokraticke-republiky-sadr","tag-saharskeho-lid","tag-statni-suverenita","tag-svobodna-saharska-republika","tag-top","tag-world"],"acf":[],"aioseo_notices":[],"_links":{"self":[{"href":"https:\/\/gnews.cz\/cs_cz\/wp-json\/wp\/v2\/posts\/40952","targetHints":{"allow":["GET"]}}],"collection":[{"href":"https:\/\/gnews.cz\/cs_cz\/wp-json\/wp\/v2\/posts"}],"about":[{"href":"https:\/\/gnews.cz\/cs_cz\/wp-json\/wp\/v2\/types\/post"}],"author":[{"embeddable":true,"href":"https:\/\/gnews.cz\/cs_cz\/wp-json\/wp\/v2\/users\/2"}],"replies":[{"embeddable":true,"href":"https:\/\/gnews.cz\/cs_cz\/wp-json\/wp\/v2\/comments?post=40952"}],"version-history":[{"count":1,"href":"https:\/\/gnews.cz\/cs_cz\/wp-json\/wp\/v2\/posts\/40952\/revisions"}],"predecessor-version":[{"id":40954,"href":"https:\/\/gnews.cz\/cs_cz\/wp-json\/wp\/v2\/posts\/40952\/revisions\/40954"}],"wp:featuredmedia":[{"embeddable":true,"href":"https:\/\/gnews.cz\/cs_cz\/wp-json\/wp\/v2\/media\/40953"}],"wp:attachment":[{"href":"https:\/\/gnews.cz\/cs_cz\/wp-json\/wp\/v2\/media?parent=40952"}],"wp:term":[{"taxonomy":"category","embeddable":true,"href":"https:\/\/gnews.cz\/cs_cz\/wp-json\/wp\/v2\/categories?post=40952"},{"taxonomy":"post_tag","embeddable":true,"href":"https:\/\/gnews.cz\/cs_cz\/wp-json\/wp\/v2\/tags?post=40952"}],"curies":[{"name":"wp","href":"https:\/\/api.w.org\/{rel}","templated":true}]}}