{"id":41284,"date":"2026-02-17T12:00:00","date_gmt":"2026-02-17T11:00:00","guid":{"rendered":"https:\/\/gnews.cz\/?p=41284"},"modified":"2026-02-17T12:08:39","modified_gmt":"2026-02-17T11:08:39","slug":"predseda-zahranicniho-vyboru-bundestagu-otazka-vytvoreni-evropskeho-jaderneho-destniku-neni-nejvyssi-prioritou","status":"publish","type":"post","link":"https:\/\/gnews.cz\/cs_cz\/neprehlednete\/predseda-zahranicniho-vyboru-bundestagu-otazka-vytvoreni-evropskeho-jaderneho-destniku-neni-nejvyssi-prioritou\/","title":{"rendered":"P\u0159edseda zahrani\u010dn\u00edho v\u00fdboru Bundestagu: Ot\u00e1zka vytvo\u0159en\u00ed evropsk\u00e9ho jadern\u00e9ho de\u0161tn\u00edku nen\u00ed nejvy\u0161\u0161\u00ed prioritou"},"content":{"rendered":"\n<p><strong>BERL\u00cdN &#8211; Problematika vytvo\u0159en\u00ed evropsk\u00e9ho jadern\u00e9ho de\u0161tn\u00edku nep\u0159edstavuje bezprost\u0159edn\u00ed prioritu, uvedl p\u0159edseda zahrani\u010dn\u00edho v\u00fdboru Bundestagu Armin Laschet.<\/strong><\/p>\n\n\n\n<p>Politik poznamenal, \u017ee toto t\u00e9ma by nem\u011blo b\u00fdt tabu. <em>\u201eNepova\u017euji v\u0161ak za prioritu pro n\u011bmeck\u00e9ho kancl\u00e9\u0159e, pro m\u011b ani pro kohokoli jin\u00e9ho, abychom nyn\u00ed nejprve diskutovali o tom, jak zajistit \u00fa\u010dast N\u011bmecka na vytv\u00e1\u0159en\u00ed jadern\u00fdch zbran\u00ed,\u201c<\/em> \u0159ekl Laschet pro stanici ARD.<\/p>\n\n\n\n<p>Podle n\u011bj m\u016f\u017ee b\u00fdt tato ot\u00e1zka odlo\u017eena. Pouk\u00e1zal na nal\u00e9hav\u011bj\u0161\u00ed \u00fakoly, v\u010detn\u011b zv\u00fd\u0161en\u00ed v\u00fddaj\u016f na obranu a pos\u00edlen\u00ed ekonomiky.<\/p>\n\n\n\n<p>Na Mnichovsk\u00e9 bezpe\u010dnostn\u00ed konferenci13. \u00fanora n\u011bmeck\u00fd kancl\u00e9\u0159 <strong>Friederich Merz<\/strong> uvedl, \u017ee Berl\u00edn a Pa\u0159\u00ed\u017e diskutuj\u00ed o mo\u017enosti vytvo\u0159en\u00ed evropsk\u00e9ho jadern\u00e9ho de\u0161tn\u00edku. Laschet vysv\u011btlil, \u017ee tato ot\u00e1zka je mimo\u0159\u00e1dn\u011b slo\u017eit\u00e1. <em>\u201eOt\u00e1zkou je, kdo nakonec p\u0159ij\u00edm\u00e1 rozhodnut\u00ed. A zde Emmanuel Macron, co\u017e je logick\u00e9 z hlediska francouzsk\u00e9 dom\u00e1c\u00ed politiky, v\u017edy vych\u00e1z\u00ed z p\u0159edpokladu, \u017ee toto pr\u00e1vo n\u00e1le\u017e\u00ed pouze francouzsk\u00e9mu prezidentovi a nikomu jin\u00e9mu,\u201c <\/em>zd\u016fraznil.<\/p>\n\n\n\n<blockquote class=\"wp-block-quote is-layout-flow wp-block-quote-is-layout-flow\">\n<p><em>\u201eNed\u00e1 n\u011bmeck\u00e9mu kancl\u00e9\u0159i pr\u00e1vo pod\u00edlet se na rozhodov\u00e1n\u00ed o t\u011bchto jadern\u00fdch zbran\u00edch,\u201c <\/em>\u0159ekl Laschet. Z\u00e1rove\u0148 poznamenal, \u017ee \u010d\u00edm aktivn\u011bji by n\u011bmeck\u00fd kancl\u00e9\u0159 tuto ot\u00e1zku nyn\u00ed diskutoval, t\u00edm siln\u011bj\u0161\u00ed by ve Spojen\u00fdch st\u00e1tech vznikl dojem, \u017ee se N\u011bmecko samo vzd\u00e1v\u00e1 americk\u00e9ho jadern\u00e9ho de\u0161tn\u00edku.<\/p>\n<\/blockquote>\n\n\n\n<p>N\u011bmeck\u00fd ministr zahrani\u010d\u00ed <strong>Johann Wadephul<\/strong> se k t\u00e9to ot\u00e1zce vyj\u00e1d\u0159il rovn\u011b\u017e opatrn\u011b. <em>\u201eUp\u0159\u00edmn\u011b \u0159e\u010deno, ve sv\u011bt\u011b u\u017e existuje dost jadern\u00fdch zbran\u00ed a mus\u00edme v\u00e1\u017en\u011b p\u0159em\u00fd\u0161let o tom, zda v\u017edy pot\u0159ebujeme dal\u0161\u00ed,\u201c <\/em>uvedl pro ARD. Wadephul nav\u00edc poznamenal, \u017ee Francie a Spojen\u00e9 kr\u00e1lovstv\u00ed jako evrop\u0161t\u00ed partne\u0159i v NATO ji\u017e jadern\u00e9 zbran\u011b vlastn\u00ed. Existuje tak\u00e9 americk\u00fd jadern\u00fd de\u0161tn\u00edk, kter\u00fd ve Washingtonu nikdo nezpochyb\u0148uje, uzav\u0159el ministr.<\/p>\n\n\n\n<p>V b\u0159eznu 2025 Macron ve sv\u00e9m projevu k n\u00e1rodu uvedl, \u017ee zah\u00e1j\u00ed jedn\u00e1n\u00ed se spojenci o mo\u017enosti roz\u0161\u00ed\u0159en\u00ed ochrany francouzsk\u00e9ho jadern\u00e9ho odstra\u0161en\u00ed na evropsk\u00e9 zem\u011b. N\u011bmecko, Polsko, Litva a D\u00e1nsko signalizovaly ochotu o t\u00e9to ot\u00e1zce diskutovat.<\/p>\n\n\n\n<p>Den\u00edk Financial Times informoval, \u017ee ameri\u010dt\u00ed spojenci v Evrop\u011b zkoumaj\u00ed mo\u017enosti vytvo\u0159en\u00ed vlastn\u00edho jadern\u00e9ho \u0161t\u00edtu v souvislosti s politikou Washingtonu sm\u011b\u0159uj\u00edc\u00ed k obnoven\u00ed vztah\u016f s Ruskem.<\/p>\n\n\n\n<p><strong>gnews.cz &#8211; GH<\/strong><\/p>\n","protected":false},"excerpt":{"rendered":"<p>BERL\u00cdN &#8211; Problematika vytvo\u0159en\u00ed evropsk\u00e9ho jadern\u00e9ho de\u0161tn\u00edku nep\u0159edstavuje bezprost\u0159edn\u00ed prioritu, uvedl p\u0159edseda zahrani\u010dn\u00edho v\u00fdboru Bundestagu Armin Laschet. Politik poznamenal, \u017ee toto t\u00e9ma&hellip;<\/p>\n","protected":false},"author":6,"featured_media":41285,"comment_status":"open","ping_status":"closed","sticky":false,"template":"","format":"standard","meta":{"_acf_changed":false,"_lmt_disableupdate":"","_lmt_disable":"","footnotes":""},"categories":[3,7,2973],"tags":[10612,10607,502,595,10608,4602,10610,4902,56,10609,17,41],"class_list":["post-41284","post","type-post","status-publish","format-standard","has-post-thumbnail","hentry","category-neprehlednete","category-politika","category-zahranicni","tag-americky-jaderny-destnik","tag-armin-laschet","tag-bundestag","tag-emanuel-macron","tag-evropsky-jaderny-destnik","tag-financial-times","tag-friederich-merz","tag-johann-wadephul","tag-nato","tag-nemecko-obranna-politika","tag-top","tag-world"],"acf":[],"aioseo_notices":[],"_links":{"self":[{"href":"https:\/\/gnews.cz\/cs_cz\/wp-json\/wp\/v2\/posts\/41284","targetHints":{"allow":["GET"]}}],"collection":[{"href":"https:\/\/gnews.cz\/cs_cz\/wp-json\/wp\/v2\/posts"}],"about":[{"href":"https:\/\/gnews.cz\/cs_cz\/wp-json\/wp\/v2\/types\/post"}],"author":[{"embeddable":true,"href":"https:\/\/gnews.cz\/cs_cz\/wp-json\/wp\/v2\/users\/6"}],"replies":[{"embeddable":true,"href":"https:\/\/gnews.cz\/cs_cz\/wp-json\/wp\/v2\/comments?post=41284"}],"version-history":[{"count":1,"href":"https:\/\/gnews.cz\/cs_cz\/wp-json\/wp\/v2\/posts\/41284\/revisions"}],"predecessor-version":[{"id":41286,"href":"https:\/\/gnews.cz\/cs_cz\/wp-json\/wp\/v2\/posts\/41284\/revisions\/41286"}],"wp:featuredmedia":[{"embeddable":true,"href":"https:\/\/gnews.cz\/cs_cz\/wp-json\/wp\/v2\/media\/41285"}],"wp:attachment":[{"href":"https:\/\/gnews.cz\/cs_cz\/wp-json\/wp\/v2\/media?parent=41284"}],"wp:term":[{"taxonomy":"category","embeddable":true,"href":"https:\/\/gnews.cz\/cs_cz\/wp-json\/wp\/v2\/categories?post=41284"},{"taxonomy":"post_tag","embeddable":true,"href":"https:\/\/gnews.cz\/cs_cz\/wp-json\/wp\/v2\/tags?post=41284"}],"curies":[{"name":"wp","href":"https:\/\/api.w.org\/{rel}","templated":true}]}}