{"id":41292,"date":"2026-02-17T18:00:00","date_gmt":"2026-02-17T17:00:00","guid":{"rendered":"https:\/\/gnews.cz\/?p=41292"},"modified":"2026-02-17T18:45:00","modified_gmt":"2026-02-17T17:45:00","slug":"ceska-justicie-dnes-a-zitra-osobni-zkusenosti-systemove-problemy-a-dlouholete-selhani-spravedlnosti","status":"publish","type":"post","link":"https:\/\/gnews.cz\/cs_cz\/neprehlednete\/ceska-justicie-dnes-a-zitra-osobni-zkusenosti-systemove-problemy-a-dlouholete-selhani-spravedlnosti\/","title":{"rendered":"\u010cesk\u00e1 justicie dnes a z\u00edtra: osobn\u00ed zku\u0161enosti, syst\u00e9mov\u00e9 probl\u00e9my a dlouholet\u00e9 selh\u00e1n\u00ed spravedlnosti"},"content":{"rendered":"\n<p><strong>Jako osoba s omezen\u00fdmi znalostmi n\u011bmeck\u00e9 justice z doby p\u016fsoben\u00ed pod p\u0159\u00edsahou u zemsk\u00e9ho soudu v Karlsruhe v\u00edm, jak obt\u00ed\u017en\u00e9 je zajistit pr\u00e1vn\u00ed ochranu, prov\u00e9st trestn\u00ed \u0159\u00edzen\u00ed, zjistit pravdu a zabezpe\u010dit spravedlnost, v\u010detn\u011b konkurzn\u00edch \u0159\u00edzen\u00ed.<\/strong><\/p>\n\n\n\n<p>Pr\u00e1vn\u00ed \u0159\u00e1d soudn\u00edho syst\u00e9mu \u010cesk\u00e9 republiky historicky n\u00e1le\u017e\u00ed k rakousk\u00e9mu podkruhu rom\u00e1nsko-germ\u00e1nsk\u00e9 pr\u00e1vn\u00ed rodiny. Je tvo\u0159en \u00dastavn\u00edm soudem a soustavou tzv. obecn\u00fdch soud\u016f.<\/p>\n\n\n\n<p>\u00dastavn\u00ed soud ned\u00e1vno zam\u00edtl n\u00e1vrh skupiny sen\u00e1tor\u016f na zru\u0161en\u00ed jedn\u00e9 d\u016fle\u017eit\u00e9 pr\u00e1vn\u00ed \u00fapravy: neopr\u00e1vn\u011bn\u00e1 \u010dinnost pro ciz\u00ed moc z\u016fst\u00e1v\u00e1 sou\u010d\u00e1st\u00ed trestn\u00edho z\u00e1kon\u00edku. Pr\u00e1vn\u00ed \u00faprava se mimo jin\u00e9 t\u00fdk\u00e1 zadr\u017een\u00e9ho \u010d\u00ednsk\u00e9ho novin\u00e1\u0159e, o kter\u00e9m jsem ned\u00e1vno psal. N\u00e1vrh podepsalo 24 sen\u00e1tor\u016f, podle kter\u00fdch je sporn\u00e1 \u00faprava neur\u010dit\u00e1, obecn\u011b formulovan\u00e1 a zneu\u017eiteln\u00e1, a nav\u00edc se do trestn\u00edho z\u00e1kon\u00edku dostala jako proti\u00fastavn\u00ed p\u0159\u00edlepek. Podle \u00fastavn\u00edch soudc\u016f v\u0161ak o p\u0159\u00edlepek ne\u0161lo. Z\u00e1rove\u0148 zd\u016fraznili principy \u201ebr\u00e1n\u00edc\u00ed se demokracie\u201c.<\/p>\n\n\n\n<blockquote class=\"wp-block-quote is-layout-flow wp-block-quote-is-layout-flow\">\n<p>O rozsudku \u00dastavn\u00edho soudu se zmi\u0148uji mimo jin\u00e9 proto, \u017ee uv\u00e1d\u00ed principy br\u00e1n\u00edc\u00ed se demokracie. Ty by se m\u011bly podle laick\u00e9ho hodnocen\u00ed autora vztahovat i na skute\u010dnost, \u017ee nejv\u011bt\u0161\u00ed nep\u0159\u00edtel se \u010dasto nach\u00e1z\u00ed doma a p\u0159edstavuje proradnost, zradu a dal\u0161\u00ed slabosti lidsk\u00e9ho charakteru.<\/p>\n<\/blockquote>\n\n\n\n<p>Jedn\u00edm z nep\u0159\u00e1tel je bezesporu i \u010d\u00e1st syst\u00e9mu \u010desk\u00e9 justice, konkr\u00e9tn\u011b justicie zab\u00fdvaj\u00edc\u00ed se podnikatelskou a exeku\u010dn\u00ed \u010dinnost\u00ed.<\/p>\n\n\n\n<p><strong>Re\u00e1ln\u00fd p\u0159\u00edb\u011bh ve dvou \u010d\u00e1stech<\/strong><\/p>\n\n\n\n<p>Kdo chce, m\u016f\u017ee se sezn\u00e1mit s histori\u00ed d\u00e1lni\u010dn\u00edho are\u00e1lu na 185. kilometru d\u00e1lnice D1 v Pop\u016fvk\u00e1ch u Brna, kter\u00e1 za\u010dala ji\u017e v roce 1991. Byla to doba, kdy jsem se p\u0159edev\u0161\u00edm ze sentiment\u00e1ln\u00edch d\u016fvod\u016f a idealizovan\u00e9 p\u0159edstavy o nastupuj\u00edc\u00edm syst\u00e9mu v domovin\u011b sna\u017eil vyhov\u011bt prosb\u00e1m o sou\u010dinnost mimo jin\u00e9 i posledn\u00edho velvyslance \u010ceskoslovensk\u00e9 republiky v Lond\u00fdn\u011b JUDr. Karla Dudy v n\u011bkolika projektech t\u00e9 doby, jak na Morav\u011b, tak na Slovensku.<\/p>\n\n\n\n<p>Prvn\u00ed \u010d\u00e1st p\u0159\u00edb\u011bhu prob\u011bhla u Krajsk\u00e9ho soudu v Brn\u011b podm\u00edn\u011bn\u00fdm odsouzen\u00edm na dobu jednoho roku. V n\u00e1sledn\u00e9m odvol\u00e1n\u00ed Vrchn\u00ed soud v Olomouci rozhodl o odn\u011bt\u00ed svobody na p\u011bt let nepodm\u00edn\u011bn\u011b. Pot\u00e9 n\u00e1sledovalo v\u011bzen\u00ed, milost prezidenta republiky, dlouh\u00e9 snahy o n\u00e1pravu a spravedlnost a v neposledn\u00ed \u0159ad\u011b i rychl\u00e9 odstoupen\u00ed konkurzn\u00ed soudkyn\u011b Mgr. Evy Kr\u010dm\u00e1\u0159ov\u00e9 druh\u00fd den po ve\u0159ejn\u00e9m vystoupen\u00ed konkurzn\u00ed ob\u011bti v po\u0159adu Ud\u00e1losti na \u010cT1 a \u010cT24 dne 16. 7. 2017. D\u016fle\u017eit\u00e9 je p\u0159ipomenout, \u017ee minim\u00e1ln\u011b v t\u00e9 dob\u011b byla pan\u00ed Mgr. Kr\u010dm\u00e1\u0159ov\u00e1 man\u017eelkou \u2013 zcela jist\u011b neutr\u00e1ln\u00edho, radu a ochranu neposkytuj\u00edc\u00edho \u2013 vedouc\u00edho \u00faseku Nejvy\u0161\u0161\u00edho soudu v Brn\u011b pana JUDr. Zde\u0148ka Kr\u010dm\u00e1\u0159e.<\/p>\n\n\n\n<p>Akcie spole\u010dnosti byly tehdy odkoupeny za pakatel navrhovatelem konkurzu (10 tis\u00edc K\u010d podle syna spr\u00e1vce), aby byly prokazateln\u011b obratem prod\u00e1ny za 10 milion\u016f K\u010d, p\u0159i\u010dem\u017e jejich cena byla znaleck\u00fdm posudkem na movit\u00e9 v\u011bci ocen\u011bna dle faktur v nomin\u00e1ln\u00ed hodnot\u011b 20 milion\u016f K\u010d.<\/p>\n\n\n\n<blockquote class=\"wp-block-quote is-layout-flow wp-block-quote-is-layout-flow\">\n<p>Dod\u00e1v\u00e1m, \u017ee ji\u017e 28. 6. 2005 konkurzn\u00ed spr\u00e1vce upozornil Krajsk\u00fd soud v Brn\u011b na skute\u010dnost, \u017ee po vlastnictv\u00ed lukrativn\u00edch nemovitost\u00ed tou\u017e\u00ed celkem \u010dty\u0159i subjekty. Soudce, kter\u00fd protiz\u00e1konn\u011b p\u0159evedl majetek na ciz\u00ed osobu, ani\u017e by nahl\u00e9dl do konkurzn\u00edho spisu, podal v den vyd\u00e1n\u00ed rozsudku trestn\u00ed ozn\u00e1men\u00ed u Policie \u010cR, aby se p\u0159i v\u00fdslechu osoba p\u0159iznala, \u017ee \u0161lo o p\u0159ipraven\u00fd podvod.<\/p>\n<\/blockquote>\n\n\n\n<p>Prvn\u00ed \u010d\u00e1st p\u0159\u00edb\u011bhu neskon\u010dila ani po p\u0159edlo\u017een\u00ed kopi\u00ed p\u0159ibli\u017en\u011b 1500 stran listinn\u00fdch d\u016fkaz\u016f, 22 stran d\u016fkaz\u016f ze soudn\u00edch spis\u016f dokazuj\u00edc\u00edch vlastnictv\u00ed nemovitosti a 76 p\u0159\u00edloh z konkurzn\u00edho \u0159\u00edzen\u00ed.<\/p>\n\n\n\n<p>Za zm\u00ednku stoj\u00ed, \u017ee dne 3. 2. 2020 byla pod\u00e1na opodstatn\u011bn\u00e1 a d\u016fvodn\u00e1 \u00fastavn\u00ed st\u00ed\u017enost, kter\u00e1 byla p\u0159edsedou sen\u00e1tu prof. JUDr. Janem Filipem, CSc., dne 20. 2. 2020 odm\u00edtnuta. Odpov\u011b\u010f na st\u00ed\u017enost adresovanou p\u0159edsedovi \u00dastavn\u00edho soudu ze dne 13. 3. 2020 p\u0159i\u0161la ve form\u011b, kterou nelze slu\u0161n\u011b komentovat, mimo jin\u00e9 proto, \u017ee v konkurzn\u00edm \u0159\u00edzen\u00ed zcela absentuje souhlas z\u00e1stupc\u016f v\u011b\u0159itel\u016f s vy\u0161krtnut\u00edm nemovit\u00e9ho majetku z konkurzn\u00ed podstaty a rozhodnut\u00ed soudu je st\u00e1le v nedohlednu.<\/p>\n\n\n\n<p>V usnesen\u00ed ze dne 29. listopadu 2024 konkurzn\u00ed soudkyn\u011b sd\u011blila, \u017ee neshledala \u017e\u00e1dn\u00e9 d\u016fvody k vyd\u00e1n\u00ed pokynu spr\u00e1vci vr\u00e1tit majetek do konkurzn\u00ed podstaty. Takov\u00e9 sd\u011blen\u00ed soudkyn\u011b mimo jin\u00e9 indikuje, \u017ee p\u00edsemn\u00e9 d\u016fkazy pravd\u011bpodobn\u011b v\u016fbec ne\u010detla. Na st\u00ed\u017enost adresovanou p\u0159edsedovi Krajsk\u00e9ho soudu v Brn\u011b ze dne 20. 1. 2025 p\u0159i\u0161la odpov\u011b\u010f po dvou m\u011bs\u00edc\u00edch stru\u010dn\u00fdm sd\u011blen\u00edm, \u017ee je ze z\u00e1kona nep\u0159\u00edpustn\u00e9 zasahovat do prob\u00edhaj\u00edc\u00edch soudn\u00edch \u0159\u00edzen\u00ed.<\/p>\n\n\n\n<p>Od roku 1991 a\u017e do poloviny \u00fanora 2026 brn\u011bnsk\u00e1 justice neukon\u010dila soudn\u00ed \u0159\u00edzen\u00ed.<\/p>\n\n\n\n<blockquote class=\"wp-block-quote is-layout-flow wp-block-quote-is-layout-flow\">\n<p>Druh\u00e1 \u010d\u00e1st p\u0159\u00edb\u011bhu m\u00e1 charakter rodinn\u00e9 trag\u00e9die: dra\u017eba bytu ob\u011bti u\u010debnicov\u00e9ho konkurzn\u00edho procesu, vybudovan\u00e9ho sv\u00e9pomoc\u00ed p\u0159ed 46 lety. Zah\u00e1jen\u00ed dra\u017eby bylo pl\u00e1nov\u00e1no na 17. \u00fanora 2026 v 10 hodin, ukon\u010den\u00ed t\u00e9ho\u017e dne v 11 hodin dopoledne. Od v\u010derej\u0161\u00edho dne je zn\u00e1mo, \u017ee dra\u017eba byla odlo\u017eena o t\u00fdden.<\/p>\n<\/blockquote>\n\n\n\n<p>Shodou okolnost\u00ed jsem m\u011bl mo\u017enost sezn\u00e1mit se s obsahem dra\u017eebn\u00ed vyhl\u00e1\u0161ky \u010d. CEVD-2026-000116 o kon\u00e1n\u00ed elektronick\u00e9 ve\u0159ejn\u00e9 dobrovoln\u00e9 dra\u017eby dle z\u00e1kona \u010d. 250\/2023 Sb., o ve\u0159ejn\u00fdch dra\u017eb\u00e1ch, \u010d. j. 25DR000990.<\/p>\n\n\n\n<p>Nen\u00ed n\u00e1hodou, \u017ee dra\u017eebn\u00edk, navrhovatel i vlastn\u00edk jsou mi zn\u00e1mi z prvn\u00ed \u010d\u00e1sti dlouhodob\u011b sledovan\u00e9ho p\u0159\u00edb\u011bhu. Ten by bezpochyby mohl zaj\u00edmat p\u00e1ny Bernda Posselta, Markuse S\u00f6dera, bavorsk\u00e9ho premi\u00e9ra, a tak\u00e9 \u010desk\u00e9ho premi\u00e9ra Andreje Babi\u0161e. Ten by si m\u011bl na p\u0159\u00edb\u011bh vzpomenout a t\u00edm dok\u00e1zat, \u017ee vl\u00e1dn\u00ed prohl\u00e1\u0161en\u00ed je t\u0159eba br\u00e1t v\u00e1\u017en\u011b a \u017ee slova premi\u00e9ra maj\u00ed v\u00e1hu. Pomoci by mu mohl ministr spravedlnosti \u010cR a p\u0159edseda Legislativn\u00ed rady vl\u00e1dy Jeron\u00fdm Tejc. Bylo by p\u0159ekvapiv\u00e9, kdyby rod\u00e1k z Brna nev\u011bd\u011bl dostate\u010dn\u011b, jak to v Brn\u011b chod\u00ed, aby mohl konat a zastavit dra\u017ebu nap\u0159\u00edklad ministersk\u00fdm p\u0159\u00edkazem.<\/p>\n\n\n\n<p>Probl\u00e9m s dra\u017ebou spo\u010d\u00edv\u00e1 ve z\u0159ejm\u00e9m \u00famyslu dra\u017eebn\u00edka a navrhovatele, kter\u00fd vypl\u00fdv\u00e1 z prvn\u00ed \u010d\u00e1sti p\u0159\u00edb\u011bhu \u2013 z\u00edskat majetek co nejlevn\u011bji \u2013 a v obsahu dokumentace dra\u017eby, kter\u00fd neodpov\u00edd\u00e1 skute\u010dnosti ani \u010dasu. Nab\u00edz\u00ed se tato fakta:<\/p>\n\n\n\n<ul class=\"wp-block-list\">\n<li>a) Plocha bytu uveden\u00e1 jako 50 m\u00b2 je nepravdiv\u00e1. Dle smlouvy o p\u0159evodu dru\u017estevn\u00edho bytu do vlastnictv\u00ed \u010dlena \u010din\u00ed plocha bytu 93,30 m\u00b2. K plo\u0161e je nutn\u00e9 p\u0159ipo\u010d\u00edtat sklep, balkon a lod\u017eii.<\/li>\n\n\n\n<li>b) Dra\u017eebn\u00ed vyhl\u00e1\u0161ka uv\u00e1d\u00ed 1. nadzemn\u00ed podla\u017e\u00ed, p\u0159\u00edzem\u00ed s bezbari\u00e9rov\u00fdm p\u0159\u00edstupem. I to je nepravdiv\u00e9, proto\u017ee byt se nach\u00e1z\u00ed ve t\u0159et\u00edm nadzemn\u00edm podla\u017e\u00ed, kde bezbari\u00e9rov\u00fd p\u0159\u00edstup objektivn\u011b nen\u00ed mo\u017en\u00fd.<\/li>\n\n\n\n<li>c) Popis bytu je z dal\u0161\u00edch objektivn\u00edch d\u016fvod\u016f rovn\u011b\u017e nepravdiv\u00fd. Z\u00e1stupn\u011b lze uv\u00e9st neproveden\u00e9 zateplen\u00ed fas\u00e1dy, neprovedenou v\u00fdm\u011bnu oken, absenci d\u00e1lkov\u00e9ho topen\u00ed a pou\u017eit\u00ed kombinovan\u00e9ho plynov\u00e9ho kotle MORA.<\/li>\n<\/ul>\n\n\n\n<p><strong>Z\u00e1v\u011br<\/strong><\/p>\n\n\n\n<p>Neutralita, spravedliv\u00fd proces a spravedlnost p\u0159edstavuj\u00ed \u010d\u00e1st z\u00e1kladn\u00edch m\u00fdt\u016f: kosmogonick\u00fdch (vznik sv\u011bta), antropogonick\u00fdch (stvo\u0159en\u00ed \u010dlov\u011bka), aitiologick\u00fdch (p\u016fvod zvyk\u016f), soteriologick\u00fdch (z\u00e1chrana) a eschatologick\u00fdch (konec sv\u011bta). Tyto p\u0159\u00edb\u011bhy tvo\u0159\u00ed z\u00e1klad ka\u017ed\u00e9 kultury a mytologie, a to i ve sf\u00e9\u0159e justice.<\/p>\n\n\n\n<p>Doporu\u010duji osob\u00e1m praktikuj\u00edc\u00edm mafi\u00e1nsk\u00e9 metody, aby se v dob\u011b p\u0159est\u00e1vky postavily p\u0159ed soud a ptaly se vych\u00e1zej\u00edc\u00edch, co tam za\u017eili a jak jsou spokojeni s prac\u00ed soudu a jeho v\u00fdsledkem. Nebudou-li se b\u00e1t, \u0159eknou n\u011bco jin\u00e9ho, ne\u017e co sami soudci o sob\u011b tvrd\u00ed nebo co uv\u00e1d\u011bj\u00ed r\u016fzn\u00e9 agentury.<\/p>\n\n\n\n<p>Nap\u0159\u00edklad EU Justice Scoreboard \/ CEPEJ m\u011b\u0159\u00ed p\u0159edev\u0161\u00edm d\u00e9lku \u0159\u00edzen\u00ed, po\u010det vy\u0159\u00edzen\u00fdch v\u011bc\u00ed, rozpo\u010det a po\u010det soudc\u016f. Nem\u011b\u0159\u00ed v\u0161ak justi\u010dn\u00ed omyly, ignorov\u00e1n\u00ed vy\u0161\u0161\u00edch soud\u016f, neproveden\u00ed osvobozuj\u00edc\u00edch rozhodnut\u00ed, osobn\u00ed odpov\u011bdnost soudce ani opatrovnick\u00e9 zneu\u017eit\u00ed moci.<\/p>\n\n\n\n<p>Proto m\u016f\u017ee b\u00fdt syst\u00e9m \u201erychl\u00fd\u201c a z\u00e1rove\u0148 brut\u00e1ln\u011b nespravedliv\u00fd. Ofici\u00e1ln\u00ed hodnocen\u00ed \u010desk\u00e9 justice nejsou l\u017eiv\u00e1 v tom, co m\u011b\u0159\u00ed. Jsou zav\u00e1d\u011bj\u00edc\u00ed v tom, co systematicky nem\u011b\u0159\u00ed. Souhlasu net\u0159eba.<\/p>\n\n\n\n<p><strong>Jan Campbell<\/strong><\/p>\n","protected":false},"excerpt":{"rendered":"<p>Jako osoba s omezen\u00fdmi znalostmi n\u011bmeck\u00e9 justice z doby p\u016fsoben\u00ed pod p\u0159\u00edsahou u zemsk\u00e9ho soudu v Karlsruhe v\u00edm, jak obt\u00ed\u017en\u00e9 je zajistit&hellip;<\/p>\n","protected":false},"author":6,"featured_media":41328,"comment_status":"open","ping_status":"closed","sticky":false,"template":"","format":"standard","meta":{"_acf_changed":false,"_lmt_disableupdate":"","_lmt_disable":"","footnotes":""},"categories":[2968,3,7],"tags":[10634,10633,10631,10640,10637,7992,10632,10638,10635,17,10642,41],"class_list":["post-41292","post","type-post","status-publish","format-standard","has-post-thumbnail","hentry","category-domaci","category-neprehlednete","category-politika","tag-ceska-justice","tag-drazba-nemovitosti","tag-exekuce","tag-konkurzni-rizeni","tag-odpovednost-soudcu","tag-pravni-stat","tag-soudni-omyly","tag-soudni-system","tag-spravedlivy-proces","tag-top","tag-ustavni-soud-3","tag-world"],"acf":[],"aioseo_notices":[],"_links":{"self":[{"href":"https:\/\/gnews.cz\/cs_cz\/wp-json\/wp\/v2\/posts\/41292","targetHints":{"allow":["GET"]}}],"collection":[{"href":"https:\/\/gnews.cz\/cs_cz\/wp-json\/wp\/v2\/posts"}],"about":[{"href":"https:\/\/gnews.cz\/cs_cz\/wp-json\/wp\/v2\/types\/post"}],"author":[{"embeddable":true,"href":"https:\/\/gnews.cz\/cs_cz\/wp-json\/wp\/v2\/users\/6"}],"replies":[{"embeddable":true,"href":"https:\/\/gnews.cz\/cs_cz\/wp-json\/wp\/v2\/comments?post=41292"}],"version-history":[{"count":1,"href":"https:\/\/gnews.cz\/cs_cz\/wp-json\/wp\/v2\/posts\/41292\/revisions"}],"predecessor-version":[{"id":41327,"href":"https:\/\/gnews.cz\/cs_cz\/wp-json\/wp\/v2\/posts\/41292\/revisions\/41327"}],"wp:featuredmedia":[{"embeddable":true,"href":"https:\/\/gnews.cz\/cs_cz\/wp-json\/wp\/v2\/media\/41328"}],"wp:attachment":[{"href":"https:\/\/gnews.cz\/cs_cz\/wp-json\/wp\/v2\/media?parent=41292"}],"wp:term":[{"taxonomy":"category","embeddable":true,"href":"https:\/\/gnews.cz\/cs_cz\/wp-json\/wp\/v2\/categories?post=41292"},{"taxonomy":"post_tag","embeddable":true,"href":"https:\/\/gnews.cz\/cs_cz\/wp-json\/wp\/v2\/tags?post=41292"}],"curies":[{"name":"wp","href":"https:\/\/api.w.org\/{rel}","templated":true}]}}