{"id":41403,"date":"2026-02-21T22:07:45","date_gmt":"2026-02-21T21:07:45","guid":{"rendered":"https:\/\/gnews.cz\/?p=41403"},"modified":"2026-02-21T22:08:02","modified_gmt":"2026-02-21T21:08:02","slug":"trump-zvysuje-cla-z-10-na-15-po-celem-svete","status":"publish","type":"post","link":"https:\/\/gnews.cz\/cs_cz\/neprehlednete\/trump-zvysuje-cla-z-10-na-15-po-celem-svete\/","title":{"rendered":"Trump zvy\u0161uje cla z 10 % na 15 % po cel\u00e9m sv\u011bt\u011b"},"content":{"rendered":"\n<p><strong>WASHINGTON &#8211; Prezident USA Donald Trump ozn\u00e1mil rozhodnut\u00ed zv\u00fd\u0161it celosv\u011btov\u00e1 cla z 10 % na 15 %. <em>\u201eJ\u00e1, jako prezident Spojen\u00fdch st\u00e1t\u016f americk\u00fdch, s okam\u017eitou platnost\u00ed zvy\u0161uji desetiprocentn\u00ed celosv\u011btov\u00e9 clo na zem\u011b, z nich\u017e mnoh\u00e9 Spojen\u00e9 st\u00e1ty po desetilet\u00ed \u201azneu\u017e\u00edvaly\u2018 bez jak\u00e9koli odvety (a\u017e do m\u00e9ho n\u00e1stupu!), na pln\u011b povolenou a pr\u00e1vn\u011b ov\u011b\u0159enou \u00farove\u0148 15 %,\u201c<\/em> napsal na sv\u00e9 platform\u011b Truth Social.<\/strong><\/p>\n\n\n\n<p>Dodal, \u017ee b\u011bhem n\u011bkolika n\u00e1sleduj\u00edc\u00edch m\u011bs\u00edc\u016f administrativa Donalda Trumpa stanov\u00ed a vyd\u00e1 nov\u00e1 cla v souladu se z\u00e1konem.<\/p>\n\n\n\n<p>V p\u00e1tek Trump podepsal exekutivn\u00ed p\u0159\u00edkaz zav\u00e1d\u011bj\u00edc\u00ed desetiprocentn\u00ed clo na dovoz ze v\u0161ech zem\u00ed. B\u00edl\u00fd d\u016fm pozd\u011bji uvedl, \u017ee tato dodate\u010dn\u00e1 cla vstoup\u00ed v platnost 24. \u00fanora a z\u016fstanou \u00fa\u010dinn\u00e1 po dobu 150 dn\u016f.<\/p>\n\n\n\n<p>Ve stejn\u00fd den Nejvy\u0161\u0161\u00ed soud USA rozhodl, \u017ee prezident p\u0159ekro\u010dil sv\u00e9 pravomoci, kdy\u017e uvalil cla na jin\u00e9 zem\u011b na z\u00e1klad\u011b z\u00e1kona International Emergency Economic Powers Act (IEEPA). Nejvy\u0161\u0161\u00ed soud v\u0161ak neup\u0159esnil, zda by Spojen\u00e9 st\u00e1ty m\u011bly vr\u00e1tit prost\u0159edky ji\u017e vybran\u00e9 na clech. B\u00edl\u00fd d\u016fm sou\u010dasn\u011b ozn\u00e1mil, \u017ee cla zaveden\u00e1 s odkazem na mimo\u0159\u00e1dn\u00fd z\u00e1kon jsou po rozhodnut\u00ed soudu ru\u0161ena.<\/p>\n\n\n\n<p>Nejvy\u0161\u0161\u00ed soud USA tak potvrdil, \u017ee prezident p\u0159i zav\u00e1d\u011bn\u00ed cel podle IEEPA p\u0159ekro\u010dil sv\u00e9 pravomoci, ani\u017e by rozhodl o p\u0159\u00edpadn\u00e9m vr\u00e1cen\u00ed ji\u017e zaplacen\u00fdch \u010d\u00e1stek.<\/p>\n\n\n\n<p>Dne 2. dubna 2025 americk\u00fd prezident uvalil cla na produkty ze 185 zem\u00ed a \u00fazem\u00ed. Pozd\u011bji sazby pro n\u011bkter\u00e9 st\u00e1ty upravil. Dne 29. srpna odvolac\u00ed soud pro District of Columbia rozhodl, \u017ee prezident nem\u011bl pravomoc zav\u00e9st \u0159adu ozn\u00e1men\u00fdch cel. Dne 4. z\u00e1\u0159\u00ed se americk\u00e1 administrativa obr\u00e1tila na Nejvy\u0161\u0161\u00ed soud s \u017e\u00e1dost\u00ed o zru\u0161en\u00ed tohoto verdiktu.<\/p>\n\n\n\n<p><strong>gnews.cz &#8211; GH<\/strong><\/p>\n","protected":false},"excerpt":{"rendered":"<p>WASHINGTON &#8211; Prezident USA Donald Trump ozn\u00e1mil rozhodnut\u00ed zv\u00fd\u0161it celosv\u011btov\u00e1 cla z 10 % na 15 %. \u201eJ\u00e1, jako prezident Spojen\u00fdch st\u00e1t\u016f&hellip;<\/p>\n","protected":false},"author":6,"featured_media":36235,"comment_status":"open","ping_status":"closed","sticky":false,"template":"","format":"standard","meta":{"_acf_changed":false,"_lmt_disableupdate":"","_lmt_disable":"","footnotes":""},"categories":[4,3,2973],"tags":[3688,496,4363,27,10703,10717,10716,17,38,41],"class_list":["post-41403","post","type-post","status-publish","format-standard","has-post-thumbnail","hentry","category-ekonomika","category-neprehlednete","category-zahranicni","tag-cla-2","tag-donald-trump","tag-dovozni-tarify","tag-ekonomika","tag-nejvyssi-soud-usa","tag-obchodni-politika","tag-svetovy-obchod","tag-top","tag-usa","tag-world"],"acf":[],"aioseo_notices":[],"_links":{"self":[{"href":"https:\/\/gnews.cz\/cs_cz\/wp-json\/wp\/v2\/posts\/41403","targetHints":{"allow":["GET"]}}],"collection":[{"href":"https:\/\/gnews.cz\/cs_cz\/wp-json\/wp\/v2\/posts"}],"about":[{"href":"https:\/\/gnews.cz\/cs_cz\/wp-json\/wp\/v2\/types\/post"}],"author":[{"embeddable":true,"href":"https:\/\/gnews.cz\/cs_cz\/wp-json\/wp\/v2\/users\/6"}],"replies":[{"embeddable":true,"href":"https:\/\/gnews.cz\/cs_cz\/wp-json\/wp\/v2\/comments?post=41403"}],"version-history":[{"count":1,"href":"https:\/\/gnews.cz\/cs_cz\/wp-json\/wp\/v2\/posts\/41403\/revisions"}],"predecessor-version":[{"id":41404,"href":"https:\/\/gnews.cz\/cs_cz\/wp-json\/wp\/v2\/posts\/41403\/revisions\/41404"}],"wp:featuredmedia":[{"embeddable":true,"href":"https:\/\/gnews.cz\/cs_cz\/wp-json\/wp\/v2\/media\/36235"}],"wp:attachment":[{"href":"https:\/\/gnews.cz\/cs_cz\/wp-json\/wp\/v2\/media?parent=41403"}],"wp:term":[{"taxonomy":"category","embeddable":true,"href":"https:\/\/gnews.cz\/cs_cz\/wp-json\/wp\/v2\/categories?post=41403"},{"taxonomy":"post_tag","embeddable":true,"href":"https:\/\/gnews.cz\/cs_cz\/wp-json\/wp\/v2\/tags?post=41403"}],"curies":[{"name":"wp","href":"https:\/\/api.w.org\/{rel}","templated":true}]}}