{"id":41480,"date":"2026-02-25T04:00:00","date_gmt":"2026-02-25T03:00:00","guid":{"rendered":"https:\/\/gnews.cz\/?p=41480"},"modified":"2026-02-25T07:26:32","modified_gmt":"2026-02-25T06:26:32","slug":"sef-osn-znovu-vyzyva-k-okamzitemu-primeri-na-ukrajine-konflikt-podle-nej-zustava-hrozbou-pro-svetovy-mir","status":"publish","type":"post","link":"https:\/\/gnews.cz\/cs_cz\/neprehlednete\/sef-osn-znovu-vyzyva-k-okamzitemu-primeri-na-ukrajine-konflikt-podle-nej-zustava-hrozbou-pro-svetovy-mir\/","title":{"rendered":"\u0160\u00e9f OSN znovu vyz\u00fdv\u00e1 k okam\u017eit\u00e9mu p\u0159\u00edm\u011b\u0159\u00ed na Ukrajin\u011b, konflikt podle n\u011bj z\u016fst\u00e1v\u00e1 hrozbou pro sv\u011btov\u00fd m\u00edr"},"content":{"rendered":"\n<p><strong>Gener\u00e1ln\u00ed tajemn\u00edk OSN Ant\u00f3nio Guterres op\u011bt vyzval k \u201eokam\u017eit\u00e9mu, \u00fapln\u00e9mu a bezpodm\u00edne\u010dn\u00e9mu p\u0159\u00edm\u011b\u0159\u00ed\u201c na Ukrajin\u011b. Podle n\u011bj jde o nezbytn\u00fd prvn\u00ed krok na cest\u011b ke spravedliv\u00e9mu, trval\u00e9mu a komplexn\u00edmu m\u00edru.<\/strong><\/p>\n\n\n\n<p>Ve sv\u00e9m prohl\u00e1\u0161en\u00ed vydan\u00e9m u p\u0159\u00edle\u017eitosti \u010dtvrt\u00e9ho v\u00fdro\u010d\u00ed za\u010d\u00e1tku ukrajinsk\u00e9 krize, kter\u00e9 p\u0159ipad\u00e1 na 24. \u00fanora, uvedl, \u017ee konflikt p\u0159edstavuje <em>\u201eskvrnu na na\u0161em kolektivn\u00edm v\u011bdom\u00ed\u201c<\/em> a nad\u00e1le ohro\u017euje region\u00e1ln\u00ed i glob\u00e1ln\u00ed bezpe\u010dnost.<\/p>\n\n\n\n<p>Podle \u0161\u00e9fa OSN se d\u016fsledky v\u00e1lky s ka\u017ed\u00fdm dal\u0161\u00edm dnem prohlubuj\u00ed. <em>\u201e\u010c\u00edm d\u00e9le krize trv\u00e1, t\u00edm je smrteln\u011bj\u0161\u00ed a nejv\u00edce ji odn\u00e1\u0161ej\u00ed civilist\u00e9,\u201c<\/em> zd\u016fraznil.<\/p>\n\n\n\n<p>Guterres z\u00e1rove\u0148 p\u0159ipomn\u011bl, \u017ee jak\u00e9koli m\u00edrov\u00e9 \u0159e\u0161en\u00ed mus\u00ed spl\u0148ovat z\u00e1kladn\u00ed principy mezin\u00e1rodn\u00edho pr\u00e1va. Aby byl m\u00edr skute\u010dn\u011b spravedliv\u00fd,<em> \u201emus\u00ed b\u00fdt v souladu s Chartou OSN, mezin\u00e1rodn\u00edm pr\u00e1vem a p\u0159\u00edslu\u0161n\u00fdmi rezolucemi OSN a respektovat nez\u00e1vislost, suverenitu a \u00fazemn\u00ed celistvost Ukrajiny\u201c<\/em>.<\/p>\n\n\n\n<p>Organizace spojen\u00fdch n\u00e1rod\u016f je podle n\u011bj p\u0159ipravena nad\u00e1le podporovat v\u0161echny diplomatick\u00e9 iniciativy, kter\u00e9 povedou k ukon\u010den\u00ed konfliktu.<em> \u201eOrganizace spojen\u00fdch n\u00e1rod\u016f je i nad\u00e1le p\u0159ipravena p\u0159isp\u00edvat ke v\u0161em snah\u00e1m sm\u011b\u0159uj\u00edc\u00edm k tomuto c\u00edli,\u201c <\/em>uvedl gener\u00e1ln\u00ed tajemn\u00edk.<\/p>\n\n\n\n<p><strong><a href=\"https:\/\/czech.cri.cn\/2026\/02\/24\/ARTI1771898691454845\" title=\"\">CMG<\/a><\/strong><\/p>\n\n\n\n<p><\/p>\n","protected":false},"excerpt":{"rendered":"<p>Gener\u00e1ln\u00ed tajemn\u00edk OSN Ant\u00f3nio Guterres op\u011bt vyzval k \u201eokam\u017eit\u00e9mu, \u00fapln\u00e9mu a bezpodm\u00edne\u010dn\u00e9mu p\u0159\u00edm\u011b\u0159\u00ed\u201c na Ukrajin\u011b. Podle n\u011bj jde o nezbytn\u00fd prvn\u00ed krok&hellip;<\/p>\n","protected":false},"author":6,"featured_media":41481,"comment_status":"open","ping_status":"closed","sticky":false,"template":"","format":"standard","meta":{"_acf_changed":false,"_lmt_disableupdate":"","_lmt_disable":"","footnotes":""},"categories":[3,7,2973],"tags":[674,18,148,1728,29],"class_list":["post-41480","post","type-post","status-publish","format-standard","has-post-thumbnail","hentry","category-neprehlednete","category-politika","category-zahranicni","tag-antonio-guterres","tag-cmg","tag-osn","tag-primeri","tag-ukrajina"],"acf":[],"aioseo_notices":[],"_links":{"self":[{"href":"https:\/\/gnews.cz\/cs_cz\/wp-json\/wp\/v2\/posts\/41480","targetHints":{"allow":["GET"]}}],"collection":[{"href":"https:\/\/gnews.cz\/cs_cz\/wp-json\/wp\/v2\/posts"}],"about":[{"href":"https:\/\/gnews.cz\/cs_cz\/wp-json\/wp\/v2\/types\/post"}],"author":[{"embeddable":true,"href":"https:\/\/gnews.cz\/cs_cz\/wp-json\/wp\/v2\/users\/6"}],"replies":[{"embeddable":true,"href":"https:\/\/gnews.cz\/cs_cz\/wp-json\/wp\/v2\/comments?post=41480"}],"version-history":[{"count":3,"href":"https:\/\/gnews.cz\/cs_cz\/wp-json\/wp\/v2\/posts\/41480\/revisions"}],"predecessor-version":[{"id":41484,"href":"https:\/\/gnews.cz\/cs_cz\/wp-json\/wp\/v2\/posts\/41480\/revisions\/41484"}],"wp:featuredmedia":[{"embeddable":true,"href":"https:\/\/gnews.cz\/cs_cz\/wp-json\/wp\/v2\/media\/41481"}],"wp:attachment":[{"href":"https:\/\/gnews.cz\/cs_cz\/wp-json\/wp\/v2\/media?parent=41480"}],"wp:term":[{"taxonomy":"category","embeddable":true,"href":"https:\/\/gnews.cz\/cs_cz\/wp-json\/wp\/v2\/categories?post=41480"},{"taxonomy":"post_tag","embeddable":true,"href":"https:\/\/gnews.cz\/cs_cz\/wp-json\/wp\/v2\/tags?post=41480"}],"curies":[{"name":"wp","href":"https:\/\/api.w.org\/{rel}","templated":true}]}}