{"id":41551,"date":"2026-02-26T19:28:38","date_gmt":"2026-02-26T18:28:38","guid":{"rendered":"https:\/\/gnews.cz\/?p=41551"},"modified":"2026-02-26T19:28:41","modified_gmt":"2026-02-26T18:28:41","slug":"nemecko-chce-postavit-prvni-komercni-fuzni-elektrarnu-na-svete-bavorsko-spousti-ambiciozni-energeticky-projekt","status":"publish","type":"post","link":"https:\/\/gnews.cz\/cs_cz\/neprehlednete\/nemecko-chce-postavit-prvni-komercni-fuzni-elektrarnu-na-svete-bavorsko-spousti-ambiciozni-energeticky-projekt\/","title":{"rendered":"N\u011bmecko chce postavit prvn\u00ed komer\u010dn\u00ed f\u00fazn\u00ed elektr\u00e1rnu na sv\u011bt\u011b. Bavorsko spou\u0161t\u00ed ambici\u00f3zn\u00ed energetick\u00fd projekt"},"content":{"rendered":"\n<p><strong>N\u011bmeck\u00fd startup Proxima Fusion spole\u010dn\u011b se spolkovou zem\u00ed Bavorsko, energetickou spole\u010dnost\u00ed RWE a Institutem Maxe Plancka pro fyziku plazmatu podepsaly memorandum o spolupr\u00e1ci na v\u00fdstavb\u011b v\u016fbec prvn\u00ed komer\u010dn\u00ed elektr\u00e1rny vyu\u017e\u00edvaj\u00edc\u00ed jadernou f\u00fazi. Projekt m\u00e1 podle partner\u016f p\u0159edstavovat z\u00e1sadn\u00ed krok k nov\u00e9 \u00e9\u0159e bezemisn\u00ed energetiky.<\/strong><\/p>\n\n\n\n<p>Bavorsk\u00fd ministersk\u00fd p\u0159edseda <strong>Markus S\u00f6der<\/strong> ozna\u010dil iniciativu za dal\u0161\u00ed miln\u00edk technologick\u00e9ho rozvoje regionu.<em> \u201eJadern\u00e1 f\u00faze p\u0159edstavuje zcela novou technologii schopnou dod\u00e1vat stabiln\u00ed, bezemisn\u00ed a \u010distou elekt\u0159inu prakticky v neomezen\u00e9m mno\u017estv\u00ed,\u201c <\/em>uvedl. Podle n\u011bj by mohla pokr\u00fdt rychle rostouc\u00ed spot\u0159ebu energie zp\u016fsobenou elektromobilitou, um\u011blou inteligenc\u00ed i datov\u00fdmi centry.<\/p>\n\n\n\n<p>Projekt je rozd\u011blen do dvou hlavn\u00edch etap. V prvn\u00ed f\u00e1zi vznikne demonstra\u010dn\u00ed reaktor Alpha, jeho\u017e v\u00fdstavba m\u00e1 st\u00e1t p\u0159ibli\u017en\u011b dv\u011b miliardy eur. Za\u0159\u00edzen\u00ed bude vybudov\u00e1no v Garchingu u Mnichova pobl\u00ed\u017e v\u00fdzkumn\u00e9ho centra Max Planck Institute for Plasma Physics a jeho c\u00edlem je poprv\u00e9 prok\u00e1zat takzvan\u00fd \u010dist\u00fd energetick\u00fd zisk \u2014 tedy stav, kdy reaktor vyprodukuje v\u00edce energie, ne\u017e kolik spot\u0159ebuje k provozu. Provoz se o\u010dek\u00e1v\u00e1 ve 30. letech tohoto stolet\u00ed.<\/p>\n\n\n\n<blockquote class=\"wp-block-quote is-layout-flow wp-block-quote-is-layout-flow\">\n<p>Na demonstra\u010dn\u00ed projekt m\u00e1 n\u00e1sledn\u011b nav\u00e1zat samotn\u00e1 komer\u010dn\u00ed elektr\u00e1rna s n\u00e1zvem Stellaris, pl\u00e1novan\u00e1 v bavorsk\u00e9m Gundremmingenu na m\u00edst\u011b b\u00fdval\u00e9 jadern\u00e9 elektr\u00e1rny, kter\u00e1 byla odstavena v roce 2021. Lokalitu poskytne energetick\u00fd koncern RWE, jen\u017e z\u00e1rove\u0148 p\u0159isp\u011bje zku\u0161enostmi s v\u00fdstavbou a provozem velk\u00fdch energetick\u00fdch za\u0159\u00edzen\u00ed.<\/p>\n<\/blockquote>\n\n\n\n<p>Financov\u00e1n\u00ed m\u00e1 b\u00fdt kombinac\u00ed ve\u0159ejn\u00fdch i soukrom\u00fdch zdroj\u016f. Bavorsk\u00e1 vl\u00e1da nazna\u010dila, \u017ee by mohla pokr\u00fdt a\u017e 20 procent n\u00e1klad\u016f, zat\u00edmco dal\u0161\u00edch p\u0159ibli\u017en\u011b 20 procent chce Proxima Fusion z\u00edskat od mezin\u00e1rodn\u00edch investor\u016f. Zbytek financov\u00e1n\u00ed m\u00e1 b\u00fdt p\u0159edm\u011btem jedn\u00e1n\u00ed s n\u011bmeckou spolkovou vl\u00e1dou.<\/p>\n\n\n\n<p>Technologie projektu vych\u00e1z\u00ed z takzvan\u00e9ho stellar\u00e1toru \u2014 alternativy k \u010dast\u011bji pou\u017e\u00edvan\u00fdm tokamak\u016fm. Tento koncept slibuje stabiln\u011bj\u0161\u00ed udr\u017een\u00ed plazmatu, co\u017e je kl\u00ed\u010dov\u00e1 podm\u00ednka pro dlouhodob\u00fd a bezpe\u010dn\u00fd provoz f\u00fazn\u00edch reaktor\u016f.<\/p>\n\n\n\n<p>Evropa pat\u0159\u00ed dlouhodob\u011b mezi l\u00eddry ve v\u00fdzkumu jadern\u00e9 f\u00faze, dosud v\u0161ak \u017e\u00e1dn\u00e1 zem\u011b nedok\u00e1zala technologii p\u0159ev\u00e9st do komer\u010dn\u00edho provozu. Pokud se projekt poda\u0159\u00ed realizovat podle pl\u00e1n\u016f, mohl by N\u011bmecku zajistit v\u00fdznamnou roli v budouc\u00edm glob\u00e1ln\u00edm energetick\u00e9m pr\u016fmyslu a z\u00e1rove\u0148 sn\u00ed\u017eit z\u00e1vislost kontinentu na dovozu energi\u00ed.<\/p>\n\n\n\n<p>Podle partner\u016f by v\u00fdstavba demonstra\u010dn\u00edho reaktoru i n\u00e1sledn\u00e9 elektr\u00e1rny mohla vytvo\u0159it tis\u00edce pracovn\u00edch m\u00edst a polo\u017eit z\u00e1klad zcela nov\u00e9mu pr\u016fmyslov\u00e9mu odv\u011btv\u00ed v Evrop\u011b.<\/p>\n\n\n\n<p><strong>gnews.cz &#8211; GH<\/strong><\/p>\n","protected":false},"excerpt":{"rendered":"<p>N\u011bmeck\u00fd startup Proxima Fusion spole\u010dn\u011b se spolkovou zem\u00ed Bavorsko, energetickou spole\u010dnost\u00ed RWE a Institutem Maxe Plancka pro fyziku plazmatu podepsaly memorandum o&hellip;<\/p>\n","protected":false},"author":6,"featured_media":41552,"comment_status":"open","ping_status":"closed","sticky":false,"template":"","format":"standard","meta":{"_acf_changed":false,"_lmt_disableupdate":"","_lmt_disable":"","footnotes":""},"categories":[4,3,3104,2973],"tags":[10855,10860,10862,10861,10859,7999,10857,10854,10856,10858,17,41],"class_list":["post-41551","post","type-post","status-publish","format-standard","has-post-thumbnail","hentry","category-ekonomika","category-neprehlednete","category-veda","category-zahranicni","tag-bavorsko-energeticky-projekt","tag-bezemisni-elektrina","tag-budoucnost-energetiky","tag-energeticka-transformace-evropy","tag-fuzni-elektrarna","tag-jaderna-fuze","tag-max-planck-institute-for-plasma-physics","tag-nemecko-energetika","tag-proxima-fusion","tag-rwe-energetika","tag-top","tag-world"],"acf":[],"aioseo_notices":[],"_links":{"self":[{"href":"https:\/\/gnews.cz\/cs_cz\/wp-json\/wp\/v2\/posts\/41551","targetHints":{"allow":["GET"]}}],"collection":[{"href":"https:\/\/gnews.cz\/cs_cz\/wp-json\/wp\/v2\/posts"}],"about":[{"href":"https:\/\/gnews.cz\/cs_cz\/wp-json\/wp\/v2\/types\/post"}],"author":[{"embeddable":true,"href":"https:\/\/gnews.cz\/cs_cz\/wp-json\/wp\/v2\/users\/6"}],"replies":[{"embeddable":true,"href":"https:\/\/gnews.cz\/cs_cz\/wp-json\/wp\/v2\/comments?post=41551"}],"version-history":[{"count":1,"href":"https:\/\/gnews.cz\/cs_cz\/wp-json\/wp\/v2\/posts\/41551\/revisions"}],"predecessor-version":[{"id":41553,"href":"https:\/\/gnews.cz\/cs_cz\/wp-json\/wp\/v2\/posts\/41551\/revisions\/41553"}],"wp:featuredmedia":[{"embeddable":true,"href":"https:\/\/gnews.cz\/cs_cz\/wp-json\/wp\/v2\/media\/41552"}],"wp:attachment":[{"href":"https:\/\/gnews.cz\/cs_cz\/wp-json\/wp\/v2\/media?parent=41551"}],"wp:term":[{"taxonomy":"category","embeddable":true,"href":"https:\/\/gnews.cz\/cs_cz\/wp-json\/wp\/v2\/categories?post=41551"},{"taxonomy":"post_tag","embeddable":true,"href":"https:\/\/gnews.cz\/cs_cz\/wp-json\/wp\/v2\/tags?post=41551"}],"curies":[{"name":"wp","href":"https:\/\/api.w.org\/{rel}","templated":true}]}}