{"id":41573,"date":"2026-02-17T09:01:18","date_gmt":"2026-02-17T08:01:18","guid":{"rendered":"https:\/\/gnews.cz\/?p=41573"},"modified":"2026-02-27T09:08:11","modified_gmt":"2026-02-27T08:08:11","slug":"program-plny-emoci-rodiny-a-modernich-technologii-uchvatil-divaky-rika-ceska-sociolozka-ke-galaveceru-cmg","status":"publish","type":"post","link":"https:\/\/gnews.cz\/cs_cz\/kultura\/program-plny-emoci-rodiny-a-modernich-technologii-uchvatil-divaky-rika-ceska-sociolozka-ke-galaveceru-cmg\/","title":{"rendered":"Program pln\u00fd emoc\u00ed, rodiny a modern\u00edch technologi\u00ed uchv\u00e1til div\u00e1ky, \u0159\u00edk\u00e1 \u010desk\u00e1 sociolo\u017eka ke galave\u010deru CMG"},"content":{"rendered":"\n<p id=\"wnd_TextBlock_42041772179569251838_inner_0\"><strong>Velkolep\u00fd galave\u010der k oslav\u00e1m jarn\u00edch sv\u00e1tk\u016f, kter\u00fd p\u0159ipravila China Media Group, se stal skute\u010dnou televizn\u00ed ud\u00e1lost\u00ed. Podle sociolo\u017eky Petry Prok\u0161anov\u00e9 \u0161lo o mimo\u0159\u00e1dn\u011b promy\u0161len\u00fd program, kter\u00fd dok\u00e1zal spojit tradici, modern\u00ed technologie i siln\u00e9 lidsk\u00e9 emoce.<\/strong><\/p>\n\n\n\n<p id=\"wnd_TextBlock_42041772179569251838_inner_1\">U\u017e od prvn\u00edch minut bylo patrn\u00e9, \u017ee nejde o oby\u010dejnou show. Hudebn\u00ed vystoupen\u00ed, tane\u010dn\u00ed \u010d\u00edsla, tradi\u010dn\u00ed motivy i futuristick\u00e9 projekce se st\u0159\u00eddaly v dokonale slad\u011bn\u00e9m rytmu. V\u0161e bylo p\u0159ipraveno tak, aby program oslovil mlad\u00e9 i star\u0161\u00ed div\u00e1ky a p\u016fsobil srozumiteln\u011b pro cel\u00e9 rodiny.<\/p>\n\n\n\n<p id=\"wnd_TextBlock_42041772179569251838_inner_2\">Jedn\u00edm z nejsiln\u011bj\u0161\u00edch prvk\u016f ve\u010dera byl d\u016fraz na rodinn\u00e9 vztahy, p\u0159\u00e1telstv\u00ed a b\u011b\u017en\u00e9 lidsk\u00e9 p\u0159\u00edb\u011bhy. Mnoh\u00e1 vystoupen\u00ed zobrazovala situace, kter\u00e9 jsou bl\u00edzk\u00e9 lidem po cel\u00e9m sv\u011bt\u011b \u2013 radosti, starosti i mal\u00e9 okam\u017eiky \u0161t\u011bst\u00ed. Pr\u00e1v\u011b tyto motivy pomohly vytvo\u0159it p\u0159\u00edjemnou, klidnou a nenucenou atmosf\u00e9ru, d\u00edky n\u00ed\u017e se div\u00e1ci c\u00edtili sou\u010d\u00e1st\u00ed d\u011bn\u00ed na obrazovce.<\/p>\n\n\n\n<p id=\"wnd_TextBlock_42041772179569251838_inner_3\">Pozornost si zaslou\u017eila tak\u00e9 \u0161pi\u010dkov\u00e1 vizu\u00e1ln\u00ed str\u00e1nka po\u0159adu. Sc\u00e9na, sv\u011bteln\u00e9 efekty, projekce i kost\u00fdmy p\u016fsobily promy\u0161len\u011b do posledn\u00edho detailu. Bylo z\u0159ejm\u00e9, \u017ee za celou show stoj\u00ed velk\u00fd t\u00fdm profesion\u00e1l\u016f a m\u011bs\u00edce p\u0159\u00edprav. V\u00fdsledkem byl program, kter\u00fd nep\u016fsobil chaoticky ani p\u0159epl\u00e1can\u011b, ale naopak elegantn\u011b a harmonicky.<\/p>\n\n\n\n<p id=\"wnd_TextBlock_42041772179569251838_inner_4\">Velk\u00fdm plusem galave\u010dera byla vyv\u00e1\u017eenost mezi tradi\u010dn\u00edmi hodnotami a sou\u010dasn\u00fdmi trendy. Div\u00e1ci mohli obdivovat kulturn\u00ed ko\u0159eny \u010c\u00edny, ani\u017e by po\u0159ad p\u016fsobil zastarale. Z\u00e1rove\u0148 modern\u00ed prvky nep\u0159eb\u00edjely p\u016fvodn\u00ed smysl programu. Tato kombinace je podle Petry Prok\u0161anov\u00e9 typick\u00e1 pro dne\u0161n\u00ed \u010c\u00ednu \u2013 respekt k minulosti a otev\u0159enost k budoucnosti.<\/p>\n\n\n\n<p id=\"wnd_TextBlock_42041772179569251838_inner_5\">Cel\u00fd ve\u010der m\u011bl vyv\u00e1\u017een\u00e9 tempo. Nebyl usp\u011bchan\u00fd ani nudn\u00fd. Nab\u00eddl prostor pro dojet\u00ed, \u00fasm\u011bv i zamy\u0161len\u00ed. Div\u00e1ci nebyli zahlceni, ale naopak m\u011bli mo\u017enost si jednotliv\u00e9 momenty vychutnat. Po skon\u010den\u00ed galave\u010dera z\u016fstal siln\u00fd dojem smyslupln\u00e9ho kulturn\u00edho z\u00e1\u017eitku, kter\u00fd p\u0159ekra\u010doval hranice pouh\u00e9 z\u00e1bavy.<\/p>\n\n\n\n<p id=\"wnd_TextBlock_42041772179569251838_inner_6\">Jak zd\u016fraz\u0148uje Petra Prok\u0161anov\u00e1, galave\u010der nebyl jen o efektech a vystoupen\u00edch. P\u0159ipomn\u011bl d\u016fle\u017eitost tradic, lidsk\u00fdch hodnot a spole\u010dn\u011b str\u00e1ven\u00e9ho \u010dasu s rodinou. Pr\u00e1v\u011b v tom podle n\u00ed spo\u010d\u00edv\u00e1 jeho hlavn\u00ed s\u00edla. <em>&#8222;Ne\u0161lo jen o z\u00e1bavu, ale o p\u0159ipomenut\u00ed toho, co je v \u017eivot\u011b opravdu d\u016fle\u017eit\u00e9,&#8220; <\/em>shrnuje sociolo\u017eka.<\/p>\n\n\n\n<p id=\"wnd_TextBlock_42041772179569251838_inner_7\"><a href=\"https:\/\/ksc4.cms.webnode.cz\/l\/program-plny-emoci-rodiny-a-modernich-technologii-uchvatil-divaky-rika-ceska-sociolozka-ke-galaveceru-cmg\/#\"><strong>CMG<\/strong><\/a><\/p>\n","protected":false},"excerpt":{"rendered":"<p>Velkolep\u00fd galave\u010der k oslav\u00e1m jarn\u00edch sv\u00e1tk\u016f, kter\u00fd p\u0159ipravila China Media Group, se stal skute\u010dnou televizn\u00ed ud\u00e1lost\u00ed. Podle sociolo\u017eky Petry Prok\u0161anov\u00e9 \u0161lo o&hellip;<\/p>\n","protected":false},"author":6,"featured_media":41575,"comment_status":"open","ping_status":"closed","sticky":false,"template":"","format":"video","meta":{"_acf_changed":false,"_lmt_disableupdate":"","_lmt_disable":"","footnotes":""},"categories":[6,550],"tags":[18,10867,10873,10872,219],"class_list":["post-41573","post","type-post","status-publish","format-video","has-post-thumbnail","hentry","category-kultura","category-videa","tag-cmg","tag-jarni-svatky","tag-kulturni-tradice-ciny","tag-petra-proksanova","tag-technologie","post_format-post-format-video"],"acf":[],"aioseo_notices":[],"_links":{"self":[{"href":"https:\/\/gnews.cz\/cs_cz\/wp-json\/wp\/v2\/posts\/41573","targetHints":{"allow":["GET"]}}],"collection":[{"href":"https:\/\/gnews.cz\/cs_cz\/wp-json\/wp\/v2\/posts"}],"about":[{"href":"https:\/\/gnews.cz\/cs_cz\/wp-json\/wp\/v2\/types\/post"}],"author":[{"embeddable":true,"href":"https:\/\/gnews.cz\/cs_cz\/wp-json\/wp\/v2\/users\/6"}],"replies":[{"embeddable":true,"href":"https:\/\/gnews.cz\/cs_cz\/wp-json\/wp\/v2\/comments?post=41573"}],"version-history":[{"count":1,"href":"https:\/\/gnews.cz\/cs_cz\/wp-json\/wp\/v2\/posts\/41573\/revisions"}],"predecessor-version":[{"id":41574,"href":"https:\/\/gnews.cz\/cs_cz\/wp-json\/wp\/v2\/posts\/41573\/revisions\/41574"}],"wp:featuredmedia":[{"embeddable":true,"href":"https:\/\/gnews.cz\/cs_cz\/wp-json\/wp\/v2\/media\/41575"}],"wp:attachment":[{"href":"https:\/\/gnews.cz\/cs_cz\/wp-json\/wp\/v2\/media?parent=41573"}],"wp:term":[{"taxonomy":"category","embeddable":true,"href":"https:\/\/gnews.cz\/cs_cz\/wp-json\/wp\/v2\/categories?post=41573"},{"taxonomy":"post_tag","embeddable":true,"href":"https:\/\/gnews.cz\/cs_cz\/wp-json\/wp\/v2\/tags?post=41573"}],"curies":[{"name":"wp","href":"https:\/\/api.w.org\/{rel}","templated":true}]}}