{"id":41588,"date":"2026-02-14T09:37:53","date_gmt":"2026-02-14T08:37:53","guid":{"rendered":"https:\/\/gnews.cz\/?p=41588"},"modified":"2026-02-27T09:42:55","modified_gmt":"2026-02-27T08:42:55","slug":"generalni-tajemnik-ksc-popral-cinske-lidove-republice-k-lunarnimu-roku-2026","status":"publish","type":"post","link":"https:\/\/gnews.cz\/cs_cz\/neprehlednete\/generalni-tajemnik-ksc-popral-cinske-lidove-republice-k-lunarnimu-roku-2026\/","title":{"rendered":"Gener\u00e1ln\u00ed tajemn\u00edk KS\u010c pop\u0159\u00e1l \u010c\u00ednsk\u00e9 lidov\u00e9 republice k lun\u00e1rn\u00edmu roku 2026"},"content":{"rendered":"\n<p id=\"wnd_TextBlock_97491772181601351646_inner_0\"><strong>Gener\u00e1ln\u00ed tajemn\u00edk Komunistick\u00e9 strany \u010ceskoslovenska Roman Bla\u0161ko adresoval \u010c\u00ednsk\u00e9 lidov\u00e9 republice siln\u00e9 a emotivn\u00ed novoro\u010dn\u00ed poselstv\u00ed u p\u0159\u00edle\u017eitosti za\u010d\u00e1tku lun\u00e1rn\u00edho roku 2026. Ve sv\u00e9m p\u0159\u00e1n\u00ed vyzdvihl v\u00fdznam vz\u00e1jemn\u00e9ho respektu, stability a dlouhodob\u00e9 spolupr\u00e1ce mezi \u010c\u00ednou, Evropou a \u010ceskou republikou, kterou ozna\u010dil za kl\u00ed\u010dov\u00fd pil\u00ed\u0159 budouc\u00edho m\u00edrov\u00e9ho uspo\u0159\u00e1d\u00e1n\u00ed sv\u011bta.<\/strong><\/p>\n\n\n\n<p id=\"wnd_TextBlock_97491772181601351646_inner_1\">Ve sv\u00e9m prohl\u00e1\u0161en\u00ed Bla\u0161ko zd\u016fraznil p\u0159edev\u0161\u00edm pot\u0159ebu zdrav\u00fdch mezin\u00e1rodn\u00edch vztah\u016f a rozvoje spole\u010dn\u00fdch projekt\u016f nap\u0159\u00ed\u010d oblastmi kultury, v\u011bdy, technologi\u00ed i investic. Podle n\u011bj je pr\u00e1v\u011b spolupr\u00e1ce zalo\u017een\u00e1 na rovnopr\u00e1vnosti a vz\u00e1jemn\u00e9m uzn\u00e1n\u00ed cestou k prosperit\u011b n\u00e1rod\u016f i k posilov\u00e1n\u00ed glob\u00e1ln\u00ed stability.<\/p>\n\n\n\n<p id=\"wnd_TextBlock_97491772181601351646_inner_2\"><em>&#8222;Do nov\u00e9ho lun\u00e1rn\u00edho roku 2026 p\u0159eji \u010c\u00ednsk\u00e9 lidov\u00e9 republice v\u0161e dobr\u00e9 a p\u0159edev\u0161\u00edm pevn\u00e9 a zdrav\u00e9 vztahy s Evropou, se sv\u011btem i s \u010ceskou republikou. Politick\u00e1 stabilita, m\u00edr a vz\u00e1jemn\u00e9 uzn\u00e1n\u00ed jsou z\u00e1kladem pevn\u00fdch p\u0159\u00e1telsk\u00fdch vztah\u016f,&#8220; <\/em>uvedl gener\u00e1ln\u00ed tajemn\u00edk KS\u010c ve sv\u00e9m poselstv\u00ed.<\/p>\n\n\n\n<p id=\"wnd_TextBlock_97491772181601351646_inner_3\">Bla\u0161ko z\u00e1rove\u0148 p\u0159ipomn\u011bl symboliku roku kon\u011b, kter\u00fd je v \u010d\u00ednsk\u00e9 tradici nositelem s\u00edly, svobody a jist\u00e9ho kroku vp\u0159ed. Tyto hodnoty podle n\u011bj dne\u0161n\u00ed sv\u011bt pot\u0159ebuje v\u00edce ne\u017e kdy jindy. Z\u00e1v\u011brem pop\u0159\u00e1l \u010d\u00ednsk\u00e9mu lidu m\u00edr v du\u0161i, klid v srdci, harmonii ve sv\u011bt\u011b a p\u0159edev\u0161\u00edm pevn\u00e9 zdrav\u00ed.<\/p>\n\n\n\n<p id=\"wnd_TextBlock_97491772181601351646_inner_4\"><a href=\"https:\/\/ksc4.cms.webnode.cz\/l\/generalni-tajemnik-ksc-popral-cinske-lidove-republice-k-lunarnimu-roku-2026\/#\"><strong>CMG<\/strong><\/a><\/p>\n","protected":false},"excerpt":{"rendered":"<p>Gener\u00e1ln\u00ed tajemn\u00edk Komunistick\u00e9 strany \u010ceskoslovenska Roman Bla\u0161ko adresoval \u010c\u00ednsk\u00e9 lidov\u00e9 republice siln\u00e9 a emotivn\u00ed novoro\u010dn\u00ed poselstv\u00ed u p\u0159\u00edle\u017eitosti za\u010d\u00e1tku lun\u00e1rn\u00edho roku 2026.&hellip;<\/p>\n","protected":false},"author":6,"featured_media":41590,"comment_status":"open","ping_status":"closed","sticky":false,"template":"","format":"video","meta":{"_acf_changed":false,"_lmt_disableupdate":"","_lmt_disable":"","footnotes":""},"categories":[6,3,550],"tags":[8035,18,10521,8892,10535],"class_list":["post-41588","post","type-post","status-publish","format-video","has-post-thumbnail","hentry","category-kultura","category-neprehlednete","category-videa","tag-cesko-cinske-vztahy-2","tag-cmg","tag-lunarni-novy-rok","tag-rok-kone","tag-roman-blasko","post_format-post-format-video"],"acf":[],"aioseo_notices":[],"_links":{"self":[{"href":"https:\/\/gnews.cz\/cs_cz\/wp-json\/wp\/v2\/posts\/41588","targetHints":{"allow":["GET"]}}],"collection":[{"href":"https:\/\/gnews.cz\/cs_cz\/wp-json\/wp\/v2\/posts"}],"about":[{"href":"https:\/\/gnews.cz\/cs_cz\/wp-json\/wp\/v2\/types\/post"}],"author":[{"embeddable":true,"href":"https:\/\/gnews.cz\/cs_cz\/wp-json\/wp\/v2\/users\/6"}],"replies":[{"embeddable":true,"href":"https:\/\/gnews.cz\/cs_cz\/wp-json\/wp\/v2\/comments?post=41588"}],"version-history":[{"count":1,"href":"https:\/\/gnews.cz\/cs_cz\/wp-json\/wp\/v2\/posts\/41588\/revisions"}],"predecessor-version":[{"id":41589,"href":"https:\/\/gnews.cz\/cs_cz\/wp-json\/wp\/v2\/posts\/41588\/revisions\/41589"}],"wp:featuredmedia":[{"embeddable":true,"href":"https:\/\/gnews.cz\/cs_cz\/wp-json\/wp\/v2\/media\/41590"}],"wp:attachment":[{"href":"https:\/\/gnews.cz\/cs_cz\/wp-json\/wp\/v2\/media?parent=41588"}],"wp:term":[{"taxonomy":"category","embeddable":true,"href":"https:\/\/gnews.cz\/cs_cz\/wp-json\/wp\/v2\/categories?post=41588"},{"taxonomy":"post_tag","embeddable":true,"href":"https:\/\/gnews.cz\/cs_cz\/wp-json\/wp\/v2\/tags?post=41588"}],"curies":[{"name":"wp","href":"https:\/\/api.w.org\/{rel}","templated":true}]}}