{"id":41591,"date":"2026-02-13T09:43:20","date_gmt":"2026-02-13T08:43:20","guid":{"rendered":"https:\/\/gnews.cz\/?p=41591"},"modified":"2026-02-27T10:32:14","modified_gmt":"2026-02-27T09:32:14","slug":"mnichovska-nervozita-odrazi-napeti-mezi-usa-a-evropou","status":"publish","type":"post","link":"https:\/\/gnews.cz\/cs_cz\/politika\/mnichovska-nervozita-odrazi-napeti-mezi-usa-a-evropou\/","title":{"rendered":"Mnichovsk\u00e1 nervozita odr\u00e1\u017e\u00ed nap\u011bt\u00ed mezi USA a Evropou"},"content":{"rendered":"\n<p id=\"wnd_TextBlock_65421772184684038154_inner_0\"><strong>Americk\u00fd politik Henry Kissinger kdysi nazval vztahy mezi USA a Evropou &#8222;problematick\u00fdm partnerstv\u00edm&#8220;. Dnes tento vztah proch\u00e1z\u00ed nejt\u011b\u017e\u0161\u00edm obdob\u00edm rozkolu od konce druh\u00e9 sv\u011btov\u00e9 v\u00e1lky. Leto\u0161n\u00ed Zpr\u00e1va o mnichovsk\u00e9 bezpe\u010dnosti p\u0159\u00edmo ozna\u010dila Spojen\u00e9 st\u00e1ty za &#8222;nejn\u00e1padn\u011bj\u0161\u00edho naru\u0161itele mezin\u00e1rodn\u00edho \u0159\u00e1du&#8220;.<\/strong><\/p>\n\n\n\n<p id=\"wnd_TextBlock_65421772184684038154_inner_1\">Kdysi p\u0159\u00e1telsk\u00e1 &#8222;transatlantick\u00e1 rodinn\u00e1 ve\u010de\u0159e&#8220; nyn\u00ed p\u016fsob\u00ed chladn\u011b a\u017e trapn\u011b. V pr\u016fzkumu, kter\u00fd pro sv\u011btov\u00e9 u\u017eivatele s\u00edt\u011b provedla CGTVN, pod \u010c\u00ednskou centr\u00e1ln\u00ed televiz\u00ed, uvedlo 81,4 % respondent\u016f, \u017ee d\u016fv\u011bra mezi USA a Evropou v ot\u00e1zk\u00e1ch bezpe\u010dnosti, hospod\u00e1\u0159sk\u00fdch vztah\u016f a sd\u00edlen\u00fdch hodnot se ot\u0159\u00e1sla.<\/p>\n\n\n\n<p id=\"wnd_TextBlock_65421772184684038154_inner_2\">Od celn\u00edch hrozeb v\u016f\u010di EU a tlaku na zv\u00fd\u0161en\u00ed vojensk\u00fdch v\u00fddaj\u016f a\u017e po vylou\u010den\u00ed evropsk\u00fdch zem\u00ed z jedn\u00e1n\u00ed o Ukrajin\u011b a ne\u00fasp\u011b\u0161n\u00fd pokus o odkup Gr\u00f3nska \u2013 zahrani\u010dn\u00ed politika americk\u00e9 vl\u00e1dy opakovan\u011b oslabovala d\u016fv\u011bru evropsk\u00fdch spojenc\u016f. Spojen\u00e9 st\u00e1ty se postupn\u011b prom\u011bnily z garanta evropsk\u00e9 bezpe\u010dnosti na akt\u00e9ra, kter\u00fd ohro\u017euje politick\u00e9 prost\u0159ed\u00ed a vyu\u017e\u00edv\u00e1 n\u00e1rodn\u00ed z\u00e1jmy evropsk\u00fdch st\u00e1t\u016f. S t\u00edm souvis\u00ed, \u017ee 88,4 % dot\u00e1zan\u00fdch pova\u017euje jedn\u00e1n\u00ed USA za v\u00e1\u017en\u011b \u0161kodliv\u00e9 pro evropsk\u00e9 z\u00e1jmy.<\/p>\n\n\n\n<p id=\"wnd_TextBlock_65421772184684038154_inner_3\">P\u0159esto kr\u00e1tkodob\u011b nen\u00ed snadn\u00e9 zm\u011bnit dlouhodobou z\u00e1vislost Evropy na americk\u00e9 ochran\u011b. A vzhledem k tomu, \u017ee Evropa st\u00e1le nedok\u00e1zala vytvo\u0159it jednotn\u00fd diplomatick\u00fd hlas, z\u016fst\u00e1v\u00e1 budoucnost &#8222;sebez\u00e1chovy&#8220; kontinentu nejist\u00e1. Celkem 86,6 % respondent\u016f se domn\u00edv\u00e1, \u017ee Evropa kv\u016fli omezen\u00e9 strategick\u00e9 autonomii a vnit\u0159n\u00ed nejednotnosti nedok\u00e1\u017ee odolat jednostrann\u00e9mu zastra\u0161ov\u00e1n\u00ed ze strany USA.<\/p>\n\n\n\n<p id=\"wnd_TextBlock_65421772184684038154_inner_4\"><strong><a href=\"https:\/\/czech.cgtn.com\/2026\/02\/13\/ARTI1770976340673123\/\" target=\"_blank\" rel=\"noreferrer noopener\">CMG<\/a><\/strong><\/p>\n","protected":false},"excerpt":{"rendered":"<p>Americk\u00fd politik Henry Kissinger kdysi nazval vztahy mezi USA a Evropou &#8222;problematick\u00fdm partnerstv\u00edm&#8220;. Dnes tento vztah proch\u00e1z\u00ed nejt\u011b\u017e\u0161\u00edm obdob\u00edm rozkolu od konce&hellip;<\/p>\n","protected":false},"author":6,"featured_media":41604,"comment_status":"open","ping_status":"closed","sticky":false,"template":"","format":"standard","meta":{"_acf_changed":false,"_lmt_disableupdate":"","_lmt_disable":"","footnotes":""},"categories":[7,2973],"tags":[680,18,78,5004,38],"class_list":["post-41591","post","type-post","status-publish","format-standard","has-post-thumbnail","hentry","category-politika","category-zahranicni","tag-bezpecnost","tag-cmg","tag-evropa","tag-strategicka-autonomie","tag-usa"],"acf":[],"aioseo_notices":[],"_links":{"self":[{"href":"https:\/\/gnews.cz\/cs_cz\/wp-json\/wp\/v2\/posts\/41591","targetHints":{"allow":["GET"]}}],"collection":[{"href":"https:\/\/gnews.cz\/cs_cz\/wp-json\/wp\/v2\/posts"}],"about":[{"href":"https:\/\/gnews.cz\/cs_cz\/wp-json\/wp\/v2\/types\/post"}],"author":[{"embeddable":true,"href":"https:\/\/gnews.cz\/cs_cz\/wp-json\/wp\/v2\/users\/6"}],"replies":[{"embeddable":true,"href":"https:\/\/gnews.cz\/cs_cz\/wp-json\/wp\/v2\/comments?post=41591"}],"version-history":[{"count":1,"href":"https:\/\/gnews.cz\/cs_cz\/wp-json\/wp\/v2\/posts\/41591\/revisions"}],"predecessor-version":[{"id":41605,"href":"https:\/\/gnews.cz\/cs_cz\/wp-json\/wp\/v2\/posts\/41591\/revisions\/41605"}],"wp:featuredmedia":[{"embeddable":true,"href":"https:\/\/gnews.cz\/cs_cz\/wp-json\/wp\/v2\/media\/41604"}],"wp:attachment":[{"href":"https:\/\/gnews.cz\/cs_cz\/wp-json\/wp\/v2\/media?parent=41591"}],"wp:term":[{"taxonomy":"category","embeddable":true,"href":"https:\/\/gnews.cz\/cs_cz\/wp-json\/wp\/v2\/categories?post=41591"},{"taxonomy":"post_tag","embeddable":true,"href":"https:\/\/gnews.cz\/cs_cz\/wp-json\/wp\/v2\/tags?post=41591"}],"curies":[{"name":"wp","href":"https:\/\/api.w.org\/{rel}","templated":true}]}}