{"id":41649,"date":"2026-02-28T16:36:35","date_gmt":"2026-02-28T15:36:35","guid":{"rendered":"https:\/\/gnews.cz\/?p=41649"},"modified":"2026-02-28T20:55:10","modified_gmt":"2026-02-28T19:55:10","slug":"spojene-staty-usiluji-o-pratelske-prevzeti-kuby-prohlasil-americky-prezident-donald-trump","status":"publish","type":"post","link":"https:\/\/gnews.cz\/cs_cz\/tema\/spojene-staty-usiluji-o-pratelske-prevzeti-kuby-prohlasil-americky-prezident-donald-trump\/","title":{"rendered":"Spojen\u00e9 st\u00e1ty usiluj\u00ed o pr\u00e1telsk\u00e9 p\u0159evzet\u00ed Kuby prohlasil americk\u00fd prezident Donald Trump"},"content":{"rendered":"\n<p><strong>WASHINGTON, 27. \u00fanora. Spojen\u00e9 st\u00e1ty usiluj\u00ed o p\u0159\u00e1telsk\u00e9 p\u0159evzet\u00ed Kuby, \u0159ekl prezident Donald Trump novin\u00e1\u0159\u016fm na ji\u017en\u00edm tr\u00e1vn\u00edku p\u0159ed B\u00edl\u00fdm domem p\u0159ed sv\u00fdm odjezdem na pracovn\u00ed cestu do Texasu<\/strong>.<\/p>\n\n\n\n<blockquote class=\"wp-block-quote is-layout-flow wp-block-quote-is-layout-flow\">\n<p><strong>\u201eKub\u00e1nsk\u00e1 vl\u00e1da s n\u00e1mi jedn\u00e1. Maj\u00ed velk\u00e9 pot\u00ed\u017ee &lt;\u2026&gt;, ale jedn\u00e1 s n\u00e1mi a mo\u017en\u00e1 dojde k p\u0159\u00e1telsk\u00e9mu p\u0159evzet\u00ed,\u201c \u0159ekl americk\u00fd v\u016fdce.<\/strong><\/p>\n<\/blockquote>\n\n\n\n<p>Dne 29. ledna Spojen\u00e9 st\u00e1ty podepsaly v\u00fdkonn\u00fd p\u0159\u00edkaz, kter\u00fd Washingtonu umo\u017e\u0148uje zav\u00e9st cla na zbo\u017e\u00ed ze zem\u00ed dod\u00e1vaj\u00edc\u00edch ropu na Kubu. Dokument rovn\u011b\u017e vyhl\u00e1sil stav nouze kv\u016fli \u00fadajn\u00e9 hrozb\u011b ze strany Kuby. Kub\u00e1nsk\u00fd ministr zahrani\u010d\u00ed Bruno Rodriguez Parrilla tato opat\u0159en\u00ed ost\u0159e odsoudil s t\u00edm, \u017ee by nejen mohla Kubu p\u0159im\u011bt k \u201e\u00fapln\u00e9 blok\u00e1d\u011b dod\u00e1vek energie\u201c, ale tak\u00e9 \u201eporu\u0161it v\u0161echny z\u00e1sady mezin\u00e1rodn\u00edho obchodu\u201c a vytvo\u0159it \u201eextr\u00e9mn\u011b obt\u00ed\u017en\u00e9 \u017eivotn\u00ed podm\u00ednky\u201c pro kub\u00e1nsk\u00fd lid.<\/p>\n\n\n\n<blockquote class=\"wp-block-quote is-layout-flow wp-block-quote-is-layout-flow\">\n<p><strong>Washington uvedl, \u017ee s Havanou jedn\u00e1 o situaci kolem energetick\u00e9 blok\u00e1dy USA a vyj\u00e1d\u0159il nad\u011bji, \u017ee ob\u011b strany jsou bl\u00edzko k dosa\u017een\u00ed dohody.<\/strong><\/p>\n<\/blockquote>\n\n\n\n<p><strong><a href=\"https:\/\/tass.com\/world\/2093055\" title=\"\">TASS<\/a>\/gnews.cz-jav<\/strong><\/p>\n","protected":false},"excerpt":{"rendered":"<p>WASHINGTON, 27. \u00fanora. Spojen\u00e9 st\u00e1ty usiluj\u00ed o p\u0159\u00e1telsk\u00e9 p\u0159evzet\u00ed Kuby, \u0159ekl prezident Donald Trump novin\u00e1\u0159\u016fm na ji\u017en\u00edm tr\u00e1vn\u00edku p\u0159ed B\u00edl\u00fdm domem p\u0159ed&hellip;<\/p>\n","protected":false},"author":10,"featured_media":41682,"comment_status":"open","ping_status":"closed","sticky":false,"template":"","format":"standard","meta":{"_acf_changed":false,"_lmt_disableupdate":"","_lmt_disable":"","footnotes":""},"categories":[7,658,1,2973],"tags":[439,496,615,10,17,38,146,156,41],"class_list":["post-41649","post","type-post","status-publish","format-standard","has-post-thumbnail","hentry","category-politika","category-prectete-si","category-tema","category-zahranicni","tag-bily-dum","tag-donald-trump","tag-kuba","tag-news","tag-top","tag-usa","tag-washington","tag-white-house","tag-world"],"acf":[],"aioseo_notices":[],"_links":{"self":[{"href":"https:\/\/gnews.cz\/cs_cz\/wp-json\/wp\/v2\/posts\/41649","targetHints":{"allow":["GET"]}}],"collection":[{"href":"https:\/\/gnews.cz\/cs_cz\/wp-json\/wp\/v2\/posts"}],"about":[{"href":"https:\/\/gnews.cz\/cs_cz\/wp-json\/wp\/v2\/types\/post"}],"author":[{"embeddable":true,"href":"https:\/\/gnews.cz\/cs_cz\/wp-json\/wp\/v2\/users\/10"}],"replies":[{"embeddable":true,"href":"https:\/\/gnews.cz\/cs_cz\/wp-json\/wp\/v2\/comments?post=41649"}],"version-history":[{"count":4,"href":"https:\/\/gnews.cz\/cs_cz\/wp-json\/wp\/v2\/posts\/41649\/revisions"}],"predecessor-version":[{"id":41667,"href":"https:\/\/gnews.cz\/cs_cz\/wp-json\/wp\/v2\/posts\/41649\/revisions\/41667"}],"wp:featuredmedia":[{"embeddable":true,"href":"https:\/\/gnews.cz\/cs_cz\/wp-json\/wp\/v2\/media\/41682"}],"wp:attachment":[{"href":"https:\/\/gnews.cz\/cs_cz\/wp-json\/wp\/v2\/media?parent=41649"}],"wp:term":[{"taxonomy":"category","embeddable":true,"href":"https:\/\/gnews.cz\/cs_cz\/wp-json\/wp\/v2\/categories?post=41649"},{"taxonomy":"post_tag","embeddable":true,"href":"https:\/\/gnews.cz\/cs_cz\/wp-json\/wp\/v2\/tags?post=41649"}],"curies":[{"name":"wp","href":"https:\/\/api.w.org\/{rel}","templated":true}]}}